{"id":8901,"date":"2023-05-15T18:50:00","date_gmt":"2023-05-15T18:50:00","guid":{"rendered":"https:\/\/www.iprofesional.com\/finanzas\/381850-dolar-blue-hoy-la-cotizacion-del-15-de-mayo-de-2023"},"modified":"2023-05-15T18:50:00","modified_gmt":"2023-05-15T18:50:00","slug":"tras-las-medidas-anunciadas-por-el-gobierno-que-pasara-con-los-dolares-libres","status":"publish","type":"post","link":"https:\/\/latecordoba.com\/index.php\/2023\/05\/15\/tras-las-medidas-anunciadas-por-el-gobierno-que-pasara-con-los-dolares-libres\/","title":{"rendered":"Tras las medidas anunciadas por el Gobierno, qu\u00e9 pasar\u00e1 con los d\u00f3lares libres"},"content":{"rendered":"\n<div class=\"media_block\"><img decoding=\"async\" src=\"http:\/\/latecordoba.com\/wp-content\/uploads\/2023\/05\/tras-las-medidas-anunciadas-por-el-gobierno-que-pasara-con-los-dolares-libres.jpg\"><\/div>\n<p>Luego de la sorpresa negativa de marzo, la inflaci\u00f3n volvi\u00f3 a acelerarse en abril, por quinto mes consecutivo, ubic\u00e1ndose por encima de gran parte de las estimaciones privadas. El registro general se aceler\u00f3 un 0,7% a 8,4% mes a mes, con lo que marc\u00f3 un nuevo r\u00e9cord mensual para el gobierno nacional.&nbsp;El equipo econ\u00f3mico que conduce Sergio Massa se vio forzado a <a href=\"https:\/\/www.iprofesional.com\/economia\/381825-plazos-fijos-tarjetas-y-dolar-las-nuevas-medidas-de-massa\" target=\"_blank\" rel=\"noopener\">establecer una serie de medidas en pos de evitar una nueva escalada en los d\u00f3lares libres <\/a>que terminen impactando de lleno en la inflaci\u00f3n de mayo.\n<\/p>\n<p>As\u00ed, el<strong> Ministerio de Econom\u00eda<\/strong> decidi\u00f3 incrementar la tasa de inter\u00e9s para hacer m\u00e1s atractivas las colocaciones en pesos y acelerar acuerdos con organismos multilaterales, a lo que se sumar\u00e1n iniciativas para sostener el nivel de consumo y el nivel de actividad.\n<\/p>\n<p>Massa busc\u00f3 tomar la iniciativa con el objetivo puesto en que no se repita lo que sucedi\u00f3 el mes pasado, cuando el Indec inform\u00f3 la inflaci\u00f3n de marzo y luego se desat\u00f3 una corrida cambiaria que impact\u00f3 con fuerza en las <strong>cotizaciones burs\u00e1tiles y en el mercado informa<\/strong>l.\n<\/p>\n<h2><strong>Qu\u00e9 analiza el mercado<\/strong><\/h2>\n<p>Para el economista Salvador di Stefano, <strong>las medidas anunciadas son pan para hoy y hambre para ma\u00f1ana<\/strong>&#8220;, ya que la suba de tasas abre un per\u00edodo de d\u00f3lar bajo donde &#8220;el gobierno buscara generar iliquidez, mutar de plazo fijo tradicional al plazo fijo UVA&#8221;.\n<\/p>\n<p>&#8220;La suba de tasas viene a potenciar el problema. <span>Lo que el gobierno deber\u00eda hacer es subir los encajes, bajar el gasto p\u00fablico, y reducir impuestos.<\/span> Como esto no lo puede hacer, va por la pol\u00edtica de parches. Esto trae como consecuencia, a futuro, un escal\u00f3n m\u00e1s arriba de la tasa de inflaci\u00f3n, y un incremento de la tasa de inter\u00e9s&#8221;, explic\u00f3 el analista.\n<\/p>\n<p>Por su parte, Gabriel Caama\u00f1o, economista Jefe de la consultora Ledesma, analiz\u00f3 que &#8220;<strong>el \u00fanico atisbo de racionalidad de corto es que dejan de correr la carrera nominal entre tipo de cambio nominal e inflaci\u00f3n<\/strong>, pero alert\u00f3 que la medida &#8220;dura poco&#8221;.\n<\/p>\n<div class=\"imagen\" readability=\"8\"><img decoding=\"async\" loading=\"lazy\" class=\"lazyload\" src=\"http:\/\/latecordoba.com\/wp-content\/uploads\/2023\/05\/tras-las-medidas-anunciadas-por-el-gobierno-que-pasara-con-los-dolares-libres-1.jpg\" alt=\"La inflaci\u00f3n de abril sac\u00f3 al equipo econ\u00f3mico de su letargo y lo oblig\u00f3 a implementar nuevas iniciativas para controlar al d\u00f3lar\" width=\"880\" height=\"495\"><\/p>\n<p>La inflaci\u00f3n de abril sac\u00f3 al equipo econ\u00f3mico de su letargo y lo oblig\u00f3 a implementar nuevas iniciativas para controlar al d\u00f3lar<\/p>\n<\/div>\n<p>Para el especialista, el resto de las medidas son totalmente inconsistentes, ya que &#8220;<strong>suben tasa pasiva y bajan tasas activas, cierran m\u00e1s la econom\u00eda<\/strong>, quieren seguir interviniendo en paralelos con reservas que no tienen, empaquetaron un plan platita y atrasar tipo de cambio real en previa electoral&#8221;.\n<\/p>\n<h2><strong>Entonces, \u00bfalcanzan las medidas anunciadas?<\/strong><\/h2>\n<p>Para Portfolio Personal Inversiones, la reacci\u00f3n del <strong>equipo econ\u00f3mico<\/strong> dej\u00f3 gusto a poco, al centrarse solo en una suba de tasa de inter\u00e9s que, dada la sorpresa inflacionaria, era descontada por el mercado y detallaron que la tasa de inter\u00e9s real ex post qued\u00f3 muy negativa para aquellos depositantes que constituyeron plazo fijo a comienzos de abril.\n<\/p>\n<p>&#8220;Mirando la historia, una alta inflaci\u00f3n como la que atravesamos solo puede ser detenida con un plan de estabilizaci\u00f3n, que, a esta altura de los acontecimientos, suena ut\u00f3pico. En consecuencia, <strong>cabe esperar que a una inflaci\u00f3n<\/strong> que siga subiendo se la vaya acompa\u00f1ando con subas de tasa que no buscaran evitar la ca\u00edda de la demanda de dinero, sino un desplome de la misma&#8221;, apuntaron.\n<\/p>\n<p>En la misma l\u00ednea, el analista financiero Christian Buteler se\u00f1al\u00f3 que entre las iniciativas del Palacio de Hacienda, &#8220;no hay una sola menci\u00f3n al control de la emisi\u00f3n&#8221;, por lo que advirti\u00f3 que si &#8220;<strong>seguimos haciendo lo mismo, esperando tener resultados distintos<\/strong>&#8220;.\n<\/p>\n<h2><strong>Qu\u00e9 pasar\u00e1 con los d\u00f3lares libres<\/strong><\/h2>\n<p>Fuentes de mercado se\u00f1alaron a <strong>iProfesional <\/strong>que la tendencia de los d\u00f3lares libres &#8220;ser\u00e1 alcista&#8221;, ya que nadie estima que este gobierno podr\u00e1 controlar la inflaci\u00f3n y, en este sentido, la moneda estadounidense representa un m\u00e9todo de cobertura contra el devaluado peso.&nbsp;Adem\u00e1s, explicaron que si bien en el corto plazo puede darse una &#8220;pax cambiaria&#8221;, el plan de estabilizaci\u00f3n quedar\u00e1 a cargo del pr\u00f3ximo gobierno, &#8220;a este ya se le pic\u00f3 el boleto y nadie quiere quedarse en pesos\n<\/p>\n<p>En este sentido, un reconocido trader de la city analiz\u00f3 que si bien a fines de abril el blue subi\u00f3 hasta $495, en mayo recort\u00f3 la suba y se estacion\u00f3 sobre la en la zona de $467 y $474, por lo que &#8220;<strong>sus pr\u00f3ximos objetivos ser\u00e1n ir a buscar los $493 y posteriormente los $503<\/strong>&#8220;, precis\u00f3.\n<\/p>\n<p>Por su parte, el analista financiero Christian Buteler calcul\u00f3 que &#8220;<span>siguiendo el promedio entre el stock de pesos y el valor del CCL desde la vuelta del cepo, al 9 de mayo, este \u00faltimo deber\u00eda estar en $489.85<\/span>&#8220;, no obstante, se\u00f1al\u00f3 que &#8220;si tomamos el promedio de los \u00faltimos 6 meses el valor baja a $437.76&#8221;.\n<\/p>\n<p><img decoding=\"async\" loading=\"lazy\" class=\"lazyload\" src=\"http:\/\/latecordoba.com\/wp-content\/uploads\/2023\/05\/tras-las-medidas-anunciadas-por-el-gobierno-que-pasara-con-los-dolares-libres-2.jpg\" alt=\"Suba de tasas\" width=\"880\" height=\"495\">\n<\/p>\n<p>La nueva suba de tasas busca evitar un agravamiento de la dolarizaci\u00f3n<\/p>\n<h2><strong>A cu\u00e1nto cotiza el d\u00f3lar blue hoy<\/strong><\/h2>\n<p><span>El d\u00f3lar blue sube tres pesos respecto del viernes y se ubica en $481 para la venta y a $476 para la compra.<\/span>\n<\/p>\n<h2><strong>C\u00f3mo operan los d\u00f3lares financieros<\/strong><\/h2>\n<p>En el mercado burs\u00e1til, el <strong>d\u00f3lar contado con liquidaci\u00f3n<\/strong> (CCL) se negocia a $<strong>469,08<\/strong>; mientras que el <strong>MEP <\/strong>se ofrece a <strong>$434,31<\/strong>.\n<\/p>\n<h2><strong>Cu\u00e1l es el precio del d\u00f3lar oficial<\/strong><\/h2>\n<p>El <strong>d\u00f3lar minorista<\/strong> se vende a <strong>$241,22 promedio<\/strong>, con un incremento de $1,15 centavos respecto del viernes.\n<\/p>\n<p>En el <strong>mercado mayorista<\/strong>, la moneda estadounidense se negocia en $230,60, con un aumento de $1,30 centavos respecto al cierre previo.\n<\/p>\n<p><img decoding=\"async\" loading=\"lazy\" class=\"lazyload\" src=\"http:\/\/latecordoba.com\/wp-content\/uploads\/2023\/05\/tras-las-medidas-anunciadas-por-el-gobierno-que-pasara-con-los-dolares-libres-3.jpg\" alt=\"s\" width=\"880\" height=\"495\">\n<\/p>\n<p>Tras el r\u00e9cord de abril de $497, el blue comenz\u00f3 mayo con mayor calma.<\/p>\n<p>As\u00ed, el d\u00f3lar con el recargo de 30% -contemplado en el impuesto PA\u00cdS-, marc\u00f3 un promedio de $312,09 por unidad, y con el anticipo a cuenta del Impuesto a las Ganancias de 35% sobre la compra de divisas, a $396,11.\n<\/p>\n<p>En tanto, el d\u00f3lar destinado al turismo en el exterior -y que cuenta con una al\u00edcuota de 45%- se ubic\u00f3 en $420,12, <span>mientras que para compras superiores a 300 d\u00f3lares -y que posee un impuesto adicional de 25%-, se ubic\u00f3 en <strong>$482,44<\/strong><\/span>.\n<\/p>\n<h2><strong>La brecha cambiaria<\/strong><\/h2>\n<div class=\"tepuedeinteresar\">\n<p>Te puede interesar<\/p>\n<\/p><\/div>\n<p>Por \u00faltimo, la brecha cambiaria entre el d\u00f3lar minorista promedio que publica el BCRA y los diferentes tipos de cambio, queda de la siguiente manera:\n<\/p>\n<ul>\n<li><strong>Blue: <\/strong>97%<\/li>\n<li><strong>CCL: <\/strong>95%<\/li>\n<li><strong>MEP: <\/strong>81%<\/li>\n<\/ul>\n","protected":false},"excerpt":{"rendered":"\n<div class=\"media_block\"><img decoding=\"async\" src=\"http:\/\/latecordoba.com\/wp-content\/uploads\/2023\/05\/tras-las-medidas-anunciadas-por-el-gobierno-que-pasara-con-los-dolares-libres.jpg\"><\/div>\n<p> La inflaci\u00f3n de abril sac\u00f3 al equipo econ\u00f3mico de su letargo y lo oblig\u00f3 a implementar nuevas iniciativas para controlar al d\u00f3lar. Que anticipa la city <iframe width=\"0\" height=\"0\" border=\"0\"> <script> (function(i,s,o,g,r,a,m){i['GoogleAnalyticsObject']=r;i[r]=i[r]||function(){ (i[r].q=i[r].q||[]).push(arguments)},i[r].l=1*new Date();a=s.createElement(o), m=s.getElementsByTagName(o)[0];a.async=1;a.src=g;m.parentNode.insertBefore(a,m) })(window,document,'script','https:\/\/www.google-analytics.com\/analytics.js','ga'); ga('create', 'GTM-5LW5KQD', 'auto'); ga('require', 'displayfeatures'); ga('set', 'campaignSource', 'RSS Client for iProfesional'); ga('set', 'campaignMedium', 'RSS Client for iProfesional'); ga('set', {\"dataSource\": \"rss.atom.iprofesional.com\"}); ga('set', {\"referrer\": \"rss.atom.iprofesional.com\"}); ga('set', 'title', 'RSS Client for iProfesional'); ga('send', 'pageview'); <\/script> <!-- Begin comScore Tag --> <script>\nvar _comscore = _comscore || [];\n_comscore.push({ c1: \"2\", c2: \"16597048\" });\n(function() {\nvar s = document.createElement(\"script\"), el = document.getElementsByTagName(\"script\")[0]; s.async = true;\ns.src = \"https:\/\/sb.scorecardresearch.com\/cs\/16597048\/beacon.js\";\nel.parentNode.insertBefore(s, el);\n})(); <\/script> <noscript> <img decoding=\"async\" src=\"http:\/\/latecordoba.com\/wp-content\/uploads\/2023\/05\/tras-las-medidas-anunciadas-por-el-gobierno-que-pasara-con-los-dolares-libres.gif\"> <\/noscript> <!-- End comScore Tag --> <\/iframe>  <\/p>\n","protected":false},"author":1,"featured_media":8902,"comment_status":"closed","ping_status":"closed","sticky":false,"template":"","format":"standard","meta":[],"categories":[18],"tags":[],"_links":{"self":[{"href":"https:\/\/latecordoba.com\/index.php\/wp-json\/wp\/v2\/posts\/8901"}],"collection":[{"href":"https:\/\/latecordoba.com\/index.php\/wp-json\/wp\/v2\/posts"}],"about":[{"href":"https:\/\/latecordoba.com\/index.php\/wp-json\/wp\/v2\/types\/post"}],"author":[{"embeddable":true,"href":"https:\/\/latecordoba.com\/index.php\/wp-json\/wp\/v2\/users\/1"}],"replies":[{"embeddable":true,"href":"https:\/\/latecordoba.com\/index.php\/wp-json\/wp\/v2\/comments?post=8901"}],"version-history":[{"count":0,"href":"https:\/\/latecordoba.com\/index.php\/wp-json\/wp\/v2\/posts\/8901\/revisions"}],"wp:featuredmedia":[{"embeddable":true,"href":"https:\/\/latecordoba.com\/index.php\/wp-json\/wp\/v2\/media\/8902"}],"wp:attachment":[{"href":"https:\/\/latecordoba.com\/index.php\/wp-json\/wp\/v2\/media?parent=8901"}],"wp:term":[{"taxonomy":"category","embeddable":true,"href":"https:\/\/latecordoba.com\/index.php\/wp-json\/wp\/v2\/categories?post=8901"},{"taxonomy":"post_tag","embeddable":true,"href":"https:\/\/latecordoba.com\/index.php\/wp-json\/wp\/v2\/tags?post=8901"}],"curies":[{"name":"wp","href":"https:\/\/api.w.org\/{rel}","templated":true}]}}