{"id":8899,"date":"2023-05-15T17:12:44","date_gmt":"2023-05-15T17:12:44","guid":{"rendered":"https:\/\/elnoticierodigital.com.ar\/?p=1383070"},"modified":"2023-05-15T17:12:44","modified_gmt":"2023-05-15T17:12:44","slug":"el-detalle-que-llamo-la-atencion-de-la-foto-que-luisana-lopilato-publico-de-sus-cuatro-hijos","status":"publish","type":"post","link":"https:\/\/latecordoba.com\/index.php\/2023\/05\/15\/el-detalle-que-llamo-la-atencion-de-la-foto-que-luisana-lopilato-publico-de-sus-cuatro-hijos\/","title":{"rendered":"El detalle que llam\u00f3 la atenci\u00f3n de la foto que Luisana Lopilato public\u00f3 de sus cuatro hijos"},"content":{"rendered":"<p> <!-- image --><\/p>\n<div class=\"td-post-featured-image\"><a href=\"https:\/\/i0.wp.com\/elnoticierodigital.com.ar\/wp-content\/uploads\/2023\/05\/1383070.jpg?fit=750%2C475&amp;ssl=1\" data-caption><img decoding=\"async\" loading=\"lazy\" width=\"696\" height=\"441\" class=\"entry-thumb td-modal-image\" src=\"http:\/\/latecordoba.com\/wp-content\/uploads\/2023\/05\/el-detalle-que-llamo-la-atencion-de-la-foto-que-luisana-lopilato-publico-de-sus-cuatro-hijos.jpg\" srcset=\"http:\/\/latecordoba.com\/wp-content\/uploads\/2023\/05\/el-detalle-que-llamo-la-atencion-de-la-foto-que-luisana-lopilato-publico-de-sus-cuatro-hijos-1.jpg 750w, http:\/\/latecordoba.com\/wp-content\/uploads\/2023\/05\/el-detalle-que-llamo-la-atencion-de-la-foto-que-luisana-lopilato-publico-de-sus-cuatro-hijos-2.jpg 300w, http:\/\/latecordoba.com\/wp-content\/uploads\/2023\/05\/el-detalle-que-llamo-la-atencion-de-la-foto-que-luisana-lopilato-publico-de-sus-cuatro-hijos-3.jpg 150w, http:\/\/latecordoba.com\/wp-content\/uploads\/2023\/05\/el-detalle-que-llamo-la-atencion-de-la-foto-que-luisana-lopilato-publico-de-sus-cuatro-hijos.jpg 696w\" sizes=\"(max-width: 696px) 100vw, 696px\" alt title=\"1383070\"><\/a><\/div>\n<p> <!-- content --><\/p>\n<article readability=\"43\">Luisana Lopilato celebr\u00f3 el \u00faltimo fin de semana una fecha m\u00e1s que especial: el D\u00eda de la madre en Canad\u00e1. Aunque la actriz tiene el suyo en Argentina, eligi\u00f3 compartir una postal de sus cuatro hijos como un gesto sobre la importancia local que tambi\u00e9n le da a esa fecha.<\/p>\n<p>Luisana poste\u00f3 en sus cuenta de Instagram una hermosa imagen donde se ve a sus cuatros ni\u00f1os de espalda a finde preservar sus identidades, tal cual eligieron y mantienen como ideal con Michael Bubl\u00e9, su marido.<\/p>\n<p>Con una imagen donde se ve a Noah, El\u00edas, Vida y Cielo, a los hermanitos, compartiendo, pegaditos uno al lado del otro, y mirando la pantalla de una computadora, Lopilato comparti\u00f3 como est\u00e1 cada uno de sus \u201cquerubines\u201d hoy.<\/p>\n<p>Y a los seguidores de su red social les llam\u00f3 mucho la atenci\u00f3n lo grande que ya est\u00e1 Cielo, la \u00faltima beba que lleg\u00f3 a la familia, quien tiene tan solo 9 meses de vida, ya que naci\u00f3 en agosto del a\u00f1o pasado, para completar el clan.<\/p>\n<p>LUISANA LOPILATO SE SUM\u00d3 A LA TENDENCIA DE MODA CIRCULAR<\/p>\n<p>Tras el \u00e9xito teatral de Casados con hijos que a Luisana la tuvo todo el verano viviendo con su familia en Argentina, regres\u00f3 a Canad\u00e1 y all\u00ed est\u00e1 dedicada al cuidado de sus hijos, a su vida religiosa, como as\u00ed tambi\u00e9n a respetar una realidad saludable y de mucho entrenamiento f\u00edsico.<\/p>\n<p>LUISANA MOSTR\u00d3 LO GRANDE QUE EST\u00c1 CIELO, SU BEB\u00c9 DE 9 MESES<\/p>\n<p>Adem\u00e1s, Lopilato se sum\u00f3 a la tendencia de la moda circular que a pasos agigantados se est\u00e1 imponiendo en el mundo. Luisana se mostr\u00f3 usando una campera de su hijo mayor, deportiva y que a\u00fan se conserva en perfectas condiciones.<\/p>\n<\/article>\n<p>Fuente: <a href=\"https:\/\/www.paparazzi.com.ar\/teve\/la-foto-de-luisana-lopilato-con-sus-cuatro-hijos-que-llamo-la-atencion-por-un-detalle\/\">https:\/\/www.paparazzi.com.ar\/<\/a><\/p>\n","protected":false},"excerpt":{"rendered":"<p> Luisana Lopilato celebr\u00f3 el \u00faltimo fin de semana una fecha m\u00e1s que especial: el D\u00eda de la madre en Canad\u00e1. Aunque la actriz tiene el suyo en Argentina, eligi\u00f3 compartir una postal de sus cuatro hijos como un gesto sobre la importancia local que tambi\u00e9n le da a esa fecha. Luisana poste\u00f3 en sus cuenta [&#8230;]  <\/p>\n","protected":false},"author":1,"featured_media":8900,"comment_status":"closed","ping_status":"closed","sticky":false,"template":"","format":"standard","meta":[],"categories":[14],"tags":[],"_links":{"self":[{"href":"https:\/\/latecordoba.com\/index.php\/wp-json\/wp\/v2\/posts\/8899"}],"collection":[{"href":"https:\/\/latecordoba.com\/index.php\/wp-json\/wp\/v2\/posts"}],"about":[{"href":"https:\/\/latecordoba.com\/index.php\/wp-json\/wp\/v2\/types\/post"}],"author":[{"embeddable":true,"href":"https:\/\/latecordoba.com\/index.php\/wp-json\/wp\/v2\/users\/1"}],"replies":[{"embeddable":true,"href":"https:\/\/latecordoba.com\/index.php\/wp-json\/wp\/v2\/comments?post=8899"}],"version-history":[{"count":0,"href":"https:\/\/latecordoba.com\/index.php\/wp-json\/wp\/v2\/posts\/8899\/revisions"}],"wp:featuredmedia":[{"embeddable":true,"href":"https:\/\/latecordoba.com\/index.php\/wp-json\/wp\/v2\/media\/8900"}],"wp:attachment":[{"href":"https:\/\/latecordoba.com\/index.php\/wp-json\/wp\/v2\/media?parent=8899"}],"wp:term":[{"taxonomy":"category","embeddable":true,"href":"https:\/\/latecordoba.com\/index.php\/wp-json\/wp\/v2\/categories?post=8899"},{"taxonomy":"post_tag","embeddable":true,"href":"https:\/\/latecordoba.com\/index.php\/wp-json\/wp\/v2\/tags?post=8899"}],"curies":[{"name":"wp","href":"https:\/\/api.w.org\/{rel}","templated":true}]}}