{"id":8883,"date":"2023-05-15T14:00:38","date_gmt":"2023-05-15T14:00:38","guid":{"rendered":"https:\/\/www.vitonica.com\/wellness\/preocupa-desabastecimiento-medicamentos-espana-farmacias-advierten-que-ira-a"},"modified":"2023-05-15T14:00:38","modified_gmt":"2023-05-15T14:00:38","slug":"preocupa-el-desabastecimiento-de-medicamentos-en-espana-y-las-farmacias-advierten-que-ira-a-mas","status":"publish","type":"post","link":"https:\/\/latecordoba.com\/index.php\/2023\/05\/15\/preocupa-el-desabastecimiento-de-medicamentos-en-espana-y-las-farmacias-advierten-que-ira-a-mas\/","title":{"rendered":"Preocupa el desabastecimiento de medicamentos en Espa\u00f1a y las farmacias advierten que &#8220;ir\u00e1 a m\u00e1s&#8221;"},"content":{"rendered":"\n<p>En los \u00faltimos a\u00f1os el <strong>desabastecimiento de medicamentos en la farmacias espa\u00f1olas<\/strong> ha aumentado considerablemente, situaci\u00f3n preocupante en el pa\u00eds ya que seg\u00fan expertos y conocedores del tema, la situaci\u00f3n &#8220;ir\u00e1 a m\u00e1s&#8221;.<\/p>\n<p><!-- BREAK 1 --><\/p>\n<h2>La preocupante situaci\u00f3n de las farmacias<\/h2>\n<p>Seg\u00fan la <a href=\"https:\/\/www.aemps.gob.es\/profesional-sanitario\/problemas-de-suministro-de-medicamentos\/\">Agencia Espa\u00f1ola de Medicamentos y Productos Sanitarios<\/a> (AEMPS), actualmente un total de 740 medicamentos en Espa\u00f1a tienen <strong>problemas de suministro<\/strong> y m\u00e1s de 881 en los \u00faltimos tres meses; cifras que triplican las de hace cuatro a\u00f1os atr\u00e1s.<\/p>\n<p><!-- BREAK 2 --> <\/p>\n<p>El sector farmac\u00e9utico se encuentra realmente preocupado debido a que <strong>no hay una soluci\u00f3n consensuada<\/strong> ante este problema que se considera de origen &nbsp;multifactorial; ya que entre las causas se encuentran el <a href=\"https:\/\/www.vitonica.com\/prevencion\/agencia-espanola-medicamentos-retira-mercado-uno-farmacos-consumidos-alerta-alimentaria\">aumento de demanda<\/a> de productos puntuales, problemas de abastecimiento de envases, falta de materias primas derivadas de otros pa\u00edses y aumento de las exportaciones paralelas de <a href=\"https:\/\/www.vitonica.com\/wellness\/ozempic-farmaco-utilizado-para-perder-peso-que-estuvo-a-punto-agotarse-esta-relacionado-efecto-secundario-inesperado\">medicamentos<\/a>.<\/p>\n<p><!-- BREAK 3 --><\/p>\n<div class=\"article-asset article-asset-normal article-asset-center\">\n<div class=\"desvio-container\">\n<div class=\"desvio\">\n<div class=\"desvio-figure js-desvio-figure\"> <a href=\"https:\/\/www.vitonica.com\/wellness\/asi-funciona-nueva-ley-medicamento-farmacias-asi-afecta-a-clientes-farmaceuticos\"> <img decoding=\"async\" alt=\"As\u00ed funciona la nueva ley del medicamento en las farmacias (y as\u00ed afecta a clientes y farmac\u00e9uticos)\" src=\"http:\/\/latecordoba.com\/wp-content\/uploads\/2023\/05\/preocupa-el-desabastecimiento-de-medicamentos-en-espana-y-las-farmacias-advierten-que-ira-a-mas.webp\" onerror=\"this.src=&quot;https:\/\/i.blogs.es\/ca19c6\/kendal-james-1166721-unsplash\/375_142.jpg&quot;\"> <\/a> <\/div>\n<\/p><\/div>\n<\/p><\/div>\n<\/div>\n<p>El presidente de la Federaci\u00f3 d&#8217;Associacions de Farm\u00e0cies de Catalunya (Fefac), Antoni Torres, dice que <strong>la situaci\u00f3n empeorar\u00e1<\/strong> ya que el &nbsp;desabastecimiento de medicamentos en Espa\u00f1a &#8220;ir\u00e1 a m\u00e1s&#8221;.<\/p>\n<p><!-- BREAK 4 --><\/p>\n<p>Asimismo, se\u00f1ala que hay un creciente <strong>desv\u00edo de productos hacia pa\u00edses de Europa &nbsp;con precios regulados de venta m\u00e1s elevados,<\/strong> lo cual acent\u00faa la <a href=\"https:\/\/www.vitonica.com\/wellness\/ministerio-sanidad-anuncia-medidas-para-prevenir-escasez-medicamentos-como-dalsy-estas-nuestras-opciones\">faltante de medicamentos<\/a> en la farmacias espa\u00f1olas, pues las diferencias de &nbsp;precios son elevadas entre Espa\u00f1a y el resto de Europa.<\/p>\n<p><!-- BREAK 5 --><\/p>\n<p>Al todo esto se suma un sistema sanitario con inversiones pobres, salarios bajos y precios de <a href=\"https:\/\/www.vitonica.com\/prevencion\/puedes-notificar-cualquier-incidente-tus-medicamentos-aemps-habilita-portal-para-hacer-notificaciones-pertinentes\">medicamentos <\/a>que no son sostenibles en el tiempo; lo cual tambi\u00e9n contribuye al <strong>desabastecimiento preocupante<\/strong> que hoy padecen las farmacias.<\/p>\n<p><!-- BREAK 6 --><\/p>\n<p>En el marco de esta situaci\u00f3n, laboratorios y distribuidoras se acusan mutuamente sin encontrar a una soluci\u00f3n efectiva al problema de desabastecimiento farmac\u00e9utico. Sin embargo, se cree que un <strong>sistema de ayuda o solidaridad entre pa\u00edses<\/strong> para casos de desabastecimiento podr\u00eda ser un buen recurso para mitigar el problema.<\/p>\n<p><!-- BREAK 7 --><\/p>\n<p>Por otro lado tambi\u00e9n,<strong> podr\u00eda ser de utilidad el alza de los precios regulados<\/strong> de manera tal de reducir el desv\u00edo de <a href=\"https:\/\/www.vitonica.com\/prevencion\/ibuprofeno-paracetamol-sirve-cada-uno-cuando-tienes-que-tomarlos\">medicamentos <\/a>hacia otros &nbsp;pa\u00edses con precios notablemente mayores.<\/p>\n<p><!-- BREAK 8 --><\/p>\n<p>En Vit\u00f3nica | <a href=\"https:\/\/www.vitonica.com\/wellness\/ministerio-sanidad-anuncia-medidas-para-prevenir-escasez-medicamentos-como-dalsy-estas-nuestras-opciones\">El Ministerio de Sanidad anuncia medidas para prevenir la escasez de medicamentos como el Dalsy: estas son nuestras opciones<\/a><\/p>\n<p><!-- BREAK 9 --><\/p>\n<p>Imagen | Foto de portada: <a href=\"https:\/\/unsplash.com\/es\/@tbelabuseridze\">Tbel Abuseridze<\/a><\/p>\n","protected":false},"excerpt":{"rendered":"\n<p> <img decoding=\"async\" src=\"http:\/\/latecordoba.com\/wp-content\/uploads\/2023\/05\/preocupa-el-desabastecimiento-de-medicamentos-en-espana-y-las-farmacias-advierten-que-ira-a-mas.jpg\" alt=\"Preocupa el desabastecimiento de medicamentos en Espa\u00f1a y las farmacias advierten que \"ir\u00e1 a m\u00e1s\" \"> <\/p>\n<p>En los \u00faltimos a\u00f1os el <strong>desabastecimiento de medicamentos en la farmacias espa\u00f1olas<\/strong> ha aumentado considerablemente, situaci\u00f3n preocupante en el pa\u00eds ya que seg\u00fan expertos y conocedores del tema, la situaci\u00f3n &#8220;ir\u00e1 a m\u00e1s&#8221;.<\/p>\n<p><!-- BREAK 1 --><\/p>\n<h2>La preocupante situaci\u00f3n de las farmacias<\/h2>\n<p>Seg\u00fan la <a href=\"https:\/\/www.aemps.gob.es\/profesional-sanitario\/problemas-de-suministro-de-medicamentos\/\">Agencia Espa\u00f1ola de Medicamentos y Productos Sanitarios<\/a> (AEMPS), actualmente un total de 740 medicamentos en Espa\u00f1a tienen <strong>problemas de suministro<\/strong> y m\u00e1s de 881 en los \u00faltimos tres meses; cifras que triplican las de hace cuatro a\u00f1os atr\u00e1s.<\/p>\n<p><!-- BREAK 2 --><\/p>\n<p>El sector farmac\u00e9utico se encuentra realmente preocupado debido a que <strong>no hay una soluci\u00f3n consensuada<\/strong> ante este problema que se considera de origen &nbsp;multifactorial; ya que entre las causas se encuentran el <a href=\"https:\/\/www.vitonica.com\/prevencion\/agencia-espanola-medicamentos-retira-mercado-uno-farmacos-consumidos-alerta-alimentaria\">aumento de demanda<\/a> de productos puntuales, problemas de abastecimiento de envases, falta de materias primas derivadas de otros pa\u00edses y aumento de las exportaciones paralelas de <a href=\"https:\/\/www.vitonica.com\/wellness\/ozempic-farmaco-utilizado-para-perder-peso-que-estuvo-a-punto-agotarse-esta-relacionado-efecto-secundario-inesperado\">medicamentos<\/a>.<\/p>\n<p><!-- BREAK 3 --><\/p>\n<div class=\"article-asset article-asset-normal article-asset-center\">\n<div class=\"desvio-container\">\n<div class=\"desvio\">\n<div class=\"desvio-figure js-desvio-figure\"> <a href=\"https:\/\/www.vitonica.com\/wellness\/asi-funciona-nueva-ley-medicamento-farmacias-asi-afecta-a-clientes-farmaceuticos\" > <img decoding=\"async\" alt=\"As&#x00ED;&#x20;funciona&#x20;la&#x20;nueva&#x20;ley&#x20;del&#x20;medicamento&#x20;en&#x20;las&#x20;farmacias&#x20;&#x28;y&#x20;as&#x00ED;&#x20;afecta&#x20;a&#x20;clientes&#x20;y&#x20;farmac&#x00E9;uticos&#x29;\" src=\"http:\/\/latecordoba.com\/wp-content\/uploads\/2023\/05\/preocupa-el-desabastecimiento-de-medicamentos-en-espana-y-las-farmacias-advierten-que-ira-a-mas.webp\" onerror='this.src=\"https:\/\/i.blogs.es\/ca19c6\/kendal-james-1166721-unsplash\/375_142.jpg\"'> <\/a> <\/div>\n<div class=\"desvio-summary\">\n<div class=\"desvio-taxonomy js-desvio-taxonomy\"> <a href=\"https:\/\/www.vitonica.com\/wellness\/asi-funciona-nueva-ley-medicamento-farmacias-asi-afecta-a-clientes-farmaceuticos\" class=\"desvio-taxonomy-anchor\">En Vit\u00f3nica<\/a> <\/div>\n<p> <a href=\"https:\/\/www.vitonica.com\/wellness\/asi-funciona-nueva-ley-medicamento-farmacias-asi-afecta-a-clientes-farmaceuticos\" class=\"desvio-title js-desvio-title\">As\u00ed funciona la nueva ley del medicamento en las farmacias (y as\u00ed afecta a clientes y farmac\u00e9uticos)<\/a> <\/div>\n<\/p><\/div>\n<\/p><\/div>\n<\/div>\n<p>El presidente de la Federaci\u00f3 d&#8217;Associacions de Farm\u00e0cies de Catalunya (Fefac), Antoni Torres, dice que <strong>la situaci\u00f3n empeorar\u00e1<\/strong> ya que el &nbsp;desabastecimiento de medicamentos en Espa\u00f1a &#8220;ir\u00e1 a m\u00e1s&#8221;.<\/p>\n<p><!-- BREAK 4 --><\/p>\n<p>Asimismo, se\u00f1ala que hay un creciente <strong>desv\u00edo de productos hacia pa\u00edses de Europa &nbsp;con precios regulados de venta m\u00e1s elevados,<\/strong> lo cual acent\u00faa la <a href=\"https:\/\/www.vitonica.com\/wellness\/ministerio-sanidad-anuncia-medidas-para-prevenir-escasez-medicamentos-como-dalsy-estas-nuestras-opciones\">faltante de medicamentos<\/a> en la farmacias espa\u00f1olas, pues las diferencias de &nbsp;precios son elevadas entre Espa\u00f1a y el resto de Europa.<\/p>\n<p><!-- BREAK 5 --><\/p>\n<p>Al todo esto se suma un sistema sanitario con inversiones pobres, salarios bajos y precios de <a href=\"https:\/\/www.vitonica.com\/prevencion\/puedes-notificar-cualquier-incidente-tus-medicamentos-aemps-habilita-portal-para-hacer-notificaciones-pertinentes\">medicamentos <\/a>que no son sostenibles en el tiempo; lo cual tambi\u00e9n contribuye al <strong>desabastecimiento preocupante<\/strong> que hoy padecen las farmacias.<\/p>\n<p><!-- BREAK 6 --><\/p>\n<div class=\"article-asset-video article-asset-normal\">\n<div class=\"asset-content\">\n<div class=\"base-asset-video\">\n<div class=\"js-dailymotion\"> <script type=\"application\/json\"> {\"videoId\":\"x814hvc\",\"autoplay\":true,\"title\":\"Campa\u00f1a dejar de fumar \/ tabajo de la Fundaci\u00f3n Espa\u00f1ola del Coraz\u00f3n 2\", \"tag\":\"tabaquismo\"} <\/script> <\/div>\n<\/p><\/div>\n<\/p><\/div>\n<\/div>\n<p>En el marco de esta situaci\u00f3n, laboratorios y distribuidoras se acusan mutuamente sin encontrar a una soluci\u00f3n efectiva al problema de desabastecimiento farmac\u00e9utico. Sin embargo, se cree que un <strong>sistema de ayuda o solidaridad entre pa\u00edses<\/strong> para casos de desabastecimiento podr\u00eda ser un buen recurso para mitigar el problema.<\/p>\n<p><!-- BREAK 7 --><\/p>\n<p>Por otro lado tambi\u00e9n,<strong> podr\u00eda ser de utilidad el alza de los precios regulados<\/strong> de manera tal de reducir el desv\u00edo de <a href=\"https:\/\/www.vitonica.com\/prevencion\/ibuprofeno-paracetamol-sirve-cada-uno-cuando-tienes-que-tomarlos\">medicamentos <\/a>hacia otros &nbsp;pa\u00edses con precios notablemente mayores.<\/p>\n<p><!-- BREAK 8 --><\/p>\n<p>En Vit\u00f3nica | <a href=\"https:\/\/www.vitonica.com\/wellness\/ministerio-sanidad-anuncia-medidas-para-prevenir-escasez-medicamentos-como-dalsy-estas-nuestras-opciones\">El Ministerio de Sanidad anuncia medidas para prevenir la escasez de medicamentos como el Dalsy: estas son nuestras opciones<\/a><\/p>\n<p><!-- BREAK 9 --><\/p>\n<p>Imagen | Foto de portada: <a href=\"https:\/\/unsplash.com\/es\/@tbelabuseridze\">Tbel Abuseridze<\/a><\/p>\n<p><script> (function() { window._JS_MODULES = window._JS_MODULES || {}; var headElement = document.getElementsByTagName('head')[0]; if (_JS_MODULES.instagram) { var instagramScript = document.createElement('script'); instagramScript.src = 'https:\/\/platform.instagram.com\/en_US\/embeds.js'; instagramScript.async = true; instagramScript.defer = true; headElement.appendChild(instagramScript); } })();\n<\/script> <\/p>\n<p> &#8211; <br \/> La noticia <a href=\"https:\/\/www.vitonica.com\/wellness\/preocupa-desabastecimiento-medicamentos-espana-farmacias-advierten-que-ira-autm_source=feedburner&#038;utm_medium=feed&#038;utm_campaign=15_May_2023\"> <em> Preocupa el desabastecimiento de medicamentos en Espa\u00f1a y las farmacias advierten que &#8220;ir\u00e1 a m\u00e1s&#8221; <\/em> <\/a> fue publicada originalmente en <a href=\"https:\/\/www.vitonica.com?utm_source=feedburner&#038;utm_medium=feed&#038;utm_campaign=15_May_2023\"> <strong> Vit\u00f3nica <\/strong> <\/a> por <a href=\"https:\/\/www.vitonica.com\/autor\/gabriela-gottau?utm_source=feedburner&#038;utm_medium=feed&#038;utm_campaign=15_May_2023\"> Gabriela Gottau <\/a> . <\/p>\n","protected":false},"author":1,"featured_media":8884,"comment_status":"closed","ping_status":"closed","sticky":false,"template":"","format":"standard","meta":[],"categories":[16],"tags":[],"_links":{"self":[{"href":"https:\/\/latecordoba.com\/index.php\/wp-json\/wp\/v2\/posts\/8883"}],"collection":[{"href":"https:\/\/latecordoba.com\/index.php\/wp-json\/wp\/v2\/posts"}],"about":[{"href":"https:\/\/latecordoba.com\/index.php\/wp-json\/wp\/v2\/types\/post"}],"author":[{"embeddable":true,"href":"https:\/\/latecordoba.com\/index.php\/wp-json\/wp\/v2\/users\/1"}],"replies":[{"embeddable":true,"href":"https:\/\/latecordoba.com\/index.php\/wp-json\/wp\/v2\/comments?post=8883"}],"version-history":[{"count":0,"href":"https:\/\/latecordoba.com\/index.php\/wp-json\/wp\/v2\/posts\/8883\/revisions"}],"wp:featuredmedia":[{"embeddable":true,"href":"https:\/\/latecordoba.com\/index.php\/wp-json\/wp\/v2\/media\/8884"}],"wp:attachment":[{"href":"https:\/\/latecordoba.com\/index.php\/wp-json\/wp\/v2\/media?parent=8883"}],"wp:term":[{"taxonomy":"category","embeddable":true,"href":"https:\/\/latecordoba.com\/index.php\/wp-json\/wp\/v2\/categories?post=8883"},{"taxonomy":"post_tag","embeddable":true,"href":"https:\/\/latecordoba.com\/index.php\/wp-json\/wp\/v2\/tags?post=8883"}],"curies":[{"name":"wp","href":"https:\/\/api.w.org\/{rel}","templated":true}]}}