{"id":8879,"date":"2023-05-15T11:30:00","date_gmt":"2023-05-15T11:30:00","guid":{"rendered":"https:\/\/viapais.com.ar\/cordoba\/como-quedaron-los-precios-de-los-combustibles-en-cordoba-tras-el-aumento-de-este-lunes-15-de-mayo\/"},"modified":"2023-05-15T11:30:00","modified_gmt":"2023-05-15T11:30:00","slug":"como-quedaron-los-precios-de-los-combustibles-en-cordoba-tras-el-aumento-de-este-lunes-15-de-mayo","status":"publish","type":"post","link":"https:\/\/latecordoba.com\/index.php\/2023\/05\/15\/como-quedaron-los-precios-de-los-combustibles-en-cordoba-tras-el-aumento-de-este-lunes-15-de-mayo\/","title":{"rendered":"C\u00f3mo quedaron los precios de los combustibles en C\u00f3rdoba tras el aumento de este lunes 15 de mayo"},"content":{"rendered":"<br \/>\n<section readability=\"15.853174603175\">\n<p>El segundo <a href=\"https:\/\/viapais.com.ar\/cordoba\/empresas-del-transporte-interurbano-en-cordoba-piden-aumento-a-cuanto-subiria-el-boleto\/\" target=\"_blank\" rel=\"noopener\">aumento <\/a>mensual de <a href=\"https:\/\/viapais.com.ar\/cordoba\/como-quedaron-los-precios-de-los-combustibles-en-cordoba-tras-el-aumento-del-4-por-ciento\/\" target=\"_blank\" rel=\"noopener\"><b>combustibles<\/b> <\/a>de los cinco acordados entre la Secretar\u00eda de Energ\u00eda, el secretario de Comercio y las petroleras<b> rige desde este s\u00e1bado<\/b>. El mismo <b>fue del 4 por ciento<\/b> y cambi\u00f3 los n\u00fameros de los carteles en las estaciones de servicio en C\u00f3rdoba y el pa\u00eds.<\/p>\n<article class=\"article card \">\n<div class=\"article-inner \">\n<div class=\"article-image \"><a href=\"https:\/\/viapais.com.ar\/cordoba\/empresas-del-transporte-interurbano-en-cordoba-piden-aumento-a-cuanto-subiria-el-boleto\/\" title=\"Transporte Interurbano (Nicol\u00e1s Bravo \/ La Voz)\"><\/p>\n<figure><picture><img decoding=\"async\" alt=\"Transporte Interurbano (Nicol\u00e1s Bravo \/ La Voz)\" class=\"lazyload block \" loading=\"lazy\" src=\"http:\/\/latecordoba.com\/wp-content\/uploads\/2023\/05\/como-quedaron-los-precios-de-los-combustibles-en-cordoba-tras-el-aumento-de-este-lunes-15-de-mayo.png\" sizes=\"auto\" data-src=\"https:\/\/viapais.com.ar\/resizer\/Ads00qC4mO8PiSabii5dxzMDEpw=\/307x173\/smart\/filters:quality(75):format(webp)\/cloudfront-us-east-1.images.arcpublishing.com\/grupoclarin\/FVVRWLRRCRB77KVUXIKX252E2U.jpg\" width=\"307px\" fetchpriority=\"low\" height=\"173px\"><\/picture><\/figure>\n<p><\/a><\/div>\n<\/div>\n<\/article>\n<p>El acuerdo ostenta <b>otras <\/b><a href=\"https:\/\/viapais.com.ar\/cordoba\/el-gobierno-de-cordoba-cerro-con-el-sep-un-nuevo-acuerdo-salarial-de-cuanto-sera-el-incremento\/\" target=\"_blank\" rel=\"noopener\"><b>subas <\/b><\/a><b>del cuatro por ciento cada 15 de mayo, junio, julio y agosto.<\/b> Al final, la suba total rondar\u00eda el 20 por ciento. Desde las primeras horas del 15 de mayo, as\u00ed quedaron los precios en C\u00f3rdoba:<\/p>\n<h2 class><b>C\u00d3MO QUEDARON LOS PRECIOS DE YPF EN C\u00d3RDOBA<\/b><\/h2>\n<ul>\n<li><span><b>Super<\/b>: $215,45<\/span><\/li>\n<li><span><b>Infinia<\/b>: $278,24<\/span><\/li>\n<li><span><b>Diesel 500<\/b>: $231.78<\/span><\/li>\n<li><span><b>Infinia Diesel<\/b>: $315.72<\/span><\/li>\n<\/ul>\n<article class=\"article card \">\n<div class=\"article-inner \">\n<div class=\"article-image \"><a href=\"https:\/\/viapais.com.ar\/cordoba\/golpe-al-bolsillo-el-pan-subio-41-por-ciento-en-cordoba-en-lo-que-va-del-2023-a-cuanto-se-fue\/\" title=\"Aumento del pan\"><\/p>\n<figure><picture><img decoding=\"async\" alt=\"Aumento del pan\" class=\"lazyload block \" loading=\"lazy\" src=\"http:\/\/latecordoba.com\/wp-content\/uploads\/2023\/05\/como-quedaron-los-precios-de-los-combustibles-en-cordoba-tras-el-aumento-de-este-lunes-15-de-mayo.png\" sizes=\"auto\" data-src=\"https:\/\/viapais.com.ar\/resizer\/dBfJyHk4kk27rQhla5UttSWFS5Y=\/307x173\/smart\/filters:quality(75):format(webp)\/cloudfront-us-east-1.images.arcpublishing.com\/grupoclarin\/JU4TSE4FC5HVDNYF3YNTT7BBPY.jpg\" width=\"307px\" fetchpriority=\"low\" height=\"173px\"><\/picture><\/figure>\n<p><\/a><\/div>\n<\/div>\n<\/article>\n<p>Cabe recordar que, YPF, PAE, Ra\u00edzen (Shell) y Trafigura, participaron de la negociaci\u00f3n ya que son las principales empresas del sector. El \u00faltimo aumento fue del cuatro por ciento en abril.<\/p>\n<\/section>\n<div class=\"noreadme-audima\">\n<h2>Temas Relacionados<\/h2>\n<\/div>\n","protected":false},"excerpt":{"rendered":"<p>El segundo aumento mensual de combustibles de los cinco acordados entre la Secretar\u00eda de Energ\u00eda, el secretario de Comercio y las petroleras rige desde este s\u00e1bado. El mismo fue del 4 por ciento y cambi\u00f3 los n\u00fameros de los carteles en las estaciones de servicio en C\u00f3rdoba y el pa\u00eds. El acuerdo ostenta otras subas [&hellip;]<\/p>\n","protected":false},"author":1,"featured_media":8880,"comment_status":"closed","ping_status":"closed","sticky":false,"template":"","format":"standard","meta":[],"categories":[15],"tags":[],"_links":{"self":[{"href":"https:\/\/latecordoba.com\/index.php\/wp-json\/wp\/v2\/posts\/8879"}],"collection":[{"href":"https:\/\/latecordoba.com\/index.php\/wp-json\/wp\/v2\/posts"}],"about":[{"href":"https:\/\/latecordoba.com\/index.php\/wp-json\/wp\/v2\/types\/post"}],"author":[{"embeddable":true,"href":"https:\/\/latecordoba.com\/index.php\/wp-json\/wp\/v2\/users\/1"}],"replies":[{"embeddable":true,"href":"https:\/\/latecordoba.com\/index.php\/wp-json\/wp\/v2\/comments?post=8879"}],"version-history":[{"count":0,"href":"https:\/\/latecordoba.com\/index.php\/wp-json\/wp\/v2\/posts\/8879\/revisions"}],"wp:featuredmedia":[{"embeddable":true,"href":"https:\/\/latecordoba.com\/index.php\/wp-json\/wp\/v2\/media\/8880"}],"wp:attachment":[{"href":"https:\/\/latecordoba.com\/index.php\/wp-json\/wp\/v2\/media?parent=8879"}],"wp:term":[{"taxonomy":"category","embeddable":true,"href":"https:\/\/latecordoba.com\/index.php\/wp-json\/wp\/v2\/categories?post=8879"},{"taxonomy":"post_tag","embeddable":true,"href":"https:\/\/latecordoba.com\/index.php\/wp-json\/wp\/v2\/tags?post=8879"}],"curies":[{"name":"wp","href":"https:\/\/api.w.org\/{rel}","templated":true}]}}