{"id":8873,"date":"2023-05-15T02:09:29","date_gmt":"2023-05-15T02:09:29","guid":{"rendered":"https:\/\/www.diariocronica.com.ar\/noticias\/2023\/05\/14\/80724-boca-fue-contundente-y-vencio-a-belgrano-en-la-bombonera"},"modified":"2023-05-15T02:09:29","modified_gmt":"2023-05-15T02:09:29","slug":"boca-fue-contundente-y-vencio-a-belgrano-en-la-bombonera","status":"publish","type":"post","link":"https:\/\/latecordoba.com\/index.php\/2023\/05\/15\/boca-fue-contundente-y-vencio-a-belgrano-en-la-bombonera\/","title":{"rendered":"Boca fue contundente y venci\u00f3 a Belgrano en La Bombonera"},"content":{"rendered":"\n<div class=\"media_block\"><a href=\"https:\/\/www.youtube.com\/embed\/hb-dZmwnx28?autoplay=1\"><img decoding=\"async\" src=\"http:\/\/latecordoba.com\/wp-content\/uploads\/2023\/05\/boca-fue-contundente-y-vencio-a-belgrano-en-la-bombonera.jpg\" class=\"media_thumbnail\"><\/a><\/div>\n<p>\nFue por 2 a 0. Los dirigidos por Jorge Almir\u00f3n tuvieron un buen rendimiento tras la ca\u00edda en el Supercl\u00e1sico.\n<\/p>\n<div readability=\"61\">\n<p>Boca venci\u00f3 con pol\u00e9mica 2 a 0 a Belgrano en La Bombonera en el marco de la d\u00e9cimosexta fecha del torneo de la Liga Profesional y se aproxima a los puestos de clasificaci\u00f3n a las copas internacionales.<\/p>\n<p>Con los goles de Mart\u00edn Payero y Dar\u00edo Benedetto, el &#8220;Xeneize&#8221; venci\u00f3 al &#8220;Pirata&#8221; y se repuso de la derrota en el Supercl\u00e1sico.<\/p>\n<p>Fue un encuentro muy flojo para los dos equipos en la primera etapa, con pocas llegadas concretas a los arcos. Boca trat\u00f3 de dominar las acciones y el Belgrano se mantuvo replegado a la espera de una contra, que no logr\u00f3 de manera efectiva.<\/p>\n<p><img decoding=\"async\" src=\"http:\/\/latecordoba.com\/wp-content\/uploads\/2023\/05\/boca-fue-contundente-y-vencio-a-belgrano-en-la-bombonera-1.jpg\" alt width=\"100%\"><\/p>\n<p>A los 4 minutos del completemento, Boca arm\u00f3 una buena jugada en campo de Belgrano tras un error en la salida, con una efectiva presi\u00f3n de \u00d3scar Romero, y Payero defini\u00f3 desde afuera del \u00e1rea para el gol que tuvo una floja respuesta de Nahuel Losada.<\/p>\n<p>Tres minutos despu\u00e9s, Marcelo Weigandt abri\u00f3 la pelota para Luis Adv\u00edncula y el peruano meti\u00f3 el centro, del que intent\u00f3 participar en posici\u00f3n adelantada Payero, que conect\u00f3 Benedetto en el segundo palo. Tras revisar en el VAR, Fernando Espinoza convalid\u00f3 el tanto xeneize.<\/p>\n<p><strong>S\u00edntesis:<\/strong><\/p>\n<p>Boca: Sergio Romero; Marcelo Weigandt, Facundo Roncaglia, Jorge Figal, Frank Fabra; Mart\u00edn Payero, Cristian Medina, \u00d3scar Romero; Luis Adv\u00edncula, Dar\u00edo Benedetto, Sebasti\u00e1n Villa. DT: Jorge Almir\u00f3n.<\/p>\n<p>Belgrano: Nahuel Losada; Juan Barinaga, Erik Godoy, Nicol\u00e1s Meriano, Mat\u00edas Ibacache; Ulises S\u00e1nchez, Santiago Longo, Ariel Rojas, Bruno Zapelli; Franco Jara; Pablo Vegetti. DT: Guillermo Farr\u00e9.<\/p>\n<p>Goles en el segundo tiempo: 4m Mart\u00edn Payero (BOC); 7m Dar\u00edo Benedetto (BOC).<\/p>\n<p>Cambios en el segundo tiempo: 12m Gabriel Compagnucci por Rojas (BEL); 16m Esteban Rol\u00f3n por O. Romero (BOC); 25m Norberto Briasco por Medina (BOC); Joaqu\u00edn Susvielles por Zapelli (BEL); Fabi\u00e1n Bordagaray por Jara (BEL); 31m Luis V\u00e1zquez por Benedetto (BOC); Diego Gonz\u00e1lez por Payero (BOC); Agust\u00edn Sandez por Fabra (BOC); 42m Mariano Mi\u00f1o por Barinaga (BEL); Iv\u00e1n Ortigoza por U. S\u00e1nchez (BEL).<br \/>Estadio: Alberto J. Armando.<br \/>\u00c1rbitro: Fernando Espinoza. VAR: Lucas Novelli.<em> (NA)<\/em><\/p>\n<\/div>\n","protected":false},"excerpt":{"rendered":"\n<div class=\"media_block\"><a href=\"https:\/\/www.youtube.com\/embed\/hb-dZmwnx28?autoplay=1\"><img decoding=\"async\" src=\"http:\/\/latecordoba.com\/wp-content\/uploads\/2023\/05\/boca-fue-contundente-y-vencio-a-belgrano-en-la-bombonera.jpg\" class=\"media_thumbnail\"><\/a><\/div>\n<p>Fue por 2 a 0. Los dirigidos por Jorge Almir\u00f3n tuvieron un buen rendimiento tras la ca\u00edda en el Supercl\u00e1sico.  <\/p>\n","protected":false},"author":1,"featured_media":8874,"comment_status":"closed","ping_status":"closed","sticky":false,"template":"","format":"standard","meta":[],"categories":[17],"tags":[],"_links":{"self":[{"href":"https:\/\/latecordoba.com\/index.php\/wp-json\/wp\/v2\/posts\/8873"}],"collection":[{"href":"https:\/\/latecordoba.com\/index.php\/wp-json\/wp\/v2\/posts"}],"about":[{"href":"https:\/\/latecordoba.com\/index.php\/wp-json\/wp\/v2\/types\/post"}],"author":[{"embeddable":true,"href":"https:\/\/latecordoba.com\/index.php\/wp-json\/wp\/v2\/users\/1"}],"replies":[{"embeddable":true,"href":"https:\/\/latecordoba.com\/index.php\/wp-json\/wp\/v2\/comments?post=8873"}],"version-history":[{"count":0,"href":"https:\/\/latecordoba.com\/index.php\/wp-json\/wp\/v2\/posts\/8873\/revisions"}],"wp:featuredmedia":[{"embeddable":true,"href":"https:\/\/latecordoba.com\/index.php\/wp-json\/wp\/v2\/media\/8874"}],"wp:attachment":[{"href":"https:\/\/latecordoba.com\/index.php\/wp-json\/wp\/v2\/media?parent=8873"}],"wp:term":[{"taxonomy":"category","embeddable":true,"href":"https:\/\/latecordoba.com\/index.php\/wp-json\/wp\/v2\/categories?post=8873"},{"taxonomy":"post_tag","embeddable":true,"href":"https:\/\/latecordoba.com\/index.php\/wp-json\/wp\/v2\/tags?post=8873"}],"curies":[{"name":"wp","href":"https:\/\/api.w.org\/{rel}","templated":true}]}}