{"id":8857,"date":"2023-05-14T18:15:00","date_gmt":"2023-05-14T18:15:00","guid":{"rendered":"https:\/\/www.iprofesional.com\/economia\/381811-se-vienen-15-dias-decisivos-para-massa-la-inflacion-y-el-dolar"},"modified":"2023-05-14T18:15:00","modified_gmt":"2023-05-14T18:15:00","slug":"a-suerte-y-verdad-se-vienen-15-dias-determinantes-para-massa-y-el-rumbo-de-la-economia","status":"publish","type":"post","link":"https:\/\/latecordoba.com\/index.php\/2023\/05\/14\/a-suerte-y-verdad-se-vienen-15-dias-determinantes-para-massa-y-el-rumbo-de-la-economia\/","title":{"rendered":"A suerte y verdad: se vienen 15 d\u00edas determinantes para Massa y el rumbo de la econom\u00eda"},"content":{"rendered":"\n<div class=\"media_block\"><img decoding=\"async\" src=\"http:\/\/latecordoba.com\/wp-content\/uploads\/2023\/05\/a-suerte-y-verdad-se-vienen-15-dias-determinantes-para-massa-y-el-rumbo-de-la-economia.jpg\"><\/div>\n<div id>\n<p> Se esperan definiciones desde Washington y tambi\u00e9n desde la pol\u00edtica. \u00bfCristina Kirchner habilitar\u00e1 al ministro para que sea el candidato del oficialismo? <\/p>\n<p>Por <strong>Claudio Zlotnik<\/strong><\/p>\n<p><strong>14\/05\/2023<\/strong> &#8211; 15,15hs<\/p>\n<div class=\"image-container img-wide padding-b\"> <picture><source media=\"(min-width:650px)\" srcset=\"http:\/\/latecordoba.com\/wp-content\/uploads\/2023\/05\/a-suerte-y-verdad-se-vienen-15-dias-determinantes-para-massa-y-el-rumbo-de-la-economia.webp\" class=\"lazyload\"><source media=\"(min-width:465px)\" srcset=\"http:\/\/latecordoba.com\/wp-content\/uploads\/2023\/05\/a-suerte-y-verdad-se-vienen-15-dias-determinantes-para-massa-y-el-rumbo-de-la-economia.webp\" class=\"lazyload\"><img decoding=\"async\" loading=\"lazy\" src=\"http:\/\/latecordoba.com\/wp-content\/uploads\/2023\/05\/a-suerte-y-verdad-se-vienen-15-dias-determinantes-para-massa-y-el-rumbo-de-la-economia.webp\" class=\"lazyload\" alt=\"A suerte y verdad: se vienen 15 d\u00edas determinantes para Massa y el rumbo de la econom\u00eda\" width=\"160\" height=\"714px\"> <\/picture> <\/div>\n<\/p><\/div>\n<div readability=\"129.39698098412\">\n<p>Las pr\u00f3ximas dos semanas ser\u00e1n decisivas para <a href=\"https:\/\/www.iprofesional.com\/economia\/381825-plazos-fijos-tarjetas-y-dolar-las-nuevas-medidas-de-massa\" target=\"_blank\" rel=\"noopener\"><strong>Sergio Massa<\/strong> y el rumbo de la econom\u00eda<\/a>, de cara a las elecciones presidenciales. Tras el anuncio del nuevo paquete de medidas que se hizo este domingo, habr\u00e1 definiciones pol\u00edticas en el oficialismo, que seguramente sellar\u00e1n el futuro del ministro de Econom\u00eda. Y, acaso m\u00e1s relevante, se espera la decisi\u00f3n del <strong>Fondo Monetario<\/strong>: \u00bfaceptar\u00e1 el organismo un adelantamiento inmediato de los desembolsos previstos para el segundo semestre, o continuar\u00e1 la indefinici\u00f3n?\n<\/p>\n<p>Hasta ac\u00e1, en las \u00faltimas semanas, Massa estuvo m\u00e1s pendiente de los d\u00f3lares de las reservas del Banco Central que de la evoluci\u00f3n de los precios. El ministro nunca imagin\u00f3 este escenario, donde los alimentos se encarecen a un ritmo del 10% mensual.\n<\/p>\n<p><span>Las proyecciones oficiales dan incluso un escenario peor para este mes, ya con subas de tarifas impactando en el \u00edndice, y un arrastre estad\u00edstico indisimulable<\/span>.\n<\/p>\n<p>Algunas de las empresas alimenticias ya enviaron sus listas con alzas del 10% para este mes. E incluso algunas ya avisaron una segunda tanda, sobre todo desde las usinas l\u00e1cteas.\n<\/p>\n<p>En este contexto, <a href=\"https:\/\/www.iprofesional.com\/finanzas\/381826-el-plazo-fijo-pagara-mas-bcra-vuelve-a-subir-la-tasa-de-interes\" target=\"_blank\" rel=\"noopener\">el Banco Central volvi\u00f3 a retocar al alza las tasas de inter\u00e9s<\/a>, para alinearlas con la inflaci\u00f3n. Es el tercer ajuste en menos de un mes. Peor ser\u00eda el riesgo de que se desarmen plazos fijos en pesos para dolarizar parte de esos ahorros, provocando un temblor cambiario y -peor a\u00fan- una crisis en el sistema financiero.&nbsp;\n<\/p>\n<h2>D\u00f3lar: a la espera del Fondo Monetario<\/h2>\n<p>A pesar de que la semana termin\u00f3 con una compra de u$s101 millones por parte del Banco Central, <strong>la situaci\u00f3n de las reservas es asfixiante<\/strong>. Desde el Palacio de Hacienda suponen que durante la segunda quincena de este mes deber\u00edan entrar al menos u$s2.000 millones. Una posibilidad que s\u00f3lo se concretar\u00eda en caso de que el Banco Central pueda sostener la precaria estabilidad de la brecha cambiaria.\n<\/p>\n<div class=\"imagen\" readability=\"7\"><img decoding=\"async\" loading=\"lazy\" class=\"lazyload\" src=\"http:\/\/latecordoba.com\/wp-content\/uploads\/2023\/05\/a-suerte-y-verdad-se-vienen-15-dias-determinantes-para-massa-y-el-rumbo-de-la-economia-1.jpg\" alt=\"La situaci\u00f3n de las reservas es cr\u00edtica y alimenta la incertidumbre.\" width=\"880\" height=\"495\"><\/p>\n<p>La situaci\u00f3n de las reservas es cr\u00edtica y alimenta la incertidumbre.<\/p>\n<\/div>\n<p>La \u00faltima vez que la <strong>inflaci\u00f3n <\/strong>sorprendi\u00f3 a los inversores <strong>se gatill\u00f3 <a href=\"https:\/\/www.iprofesional.com\/economia\/381750-el-gobierno-no-quiere-que-la-inflacion-dispare-corrida-del-dolar\" target=\"_blank\" rel=\"noopener\">una corrida cambiaria<\/a><\/strong>. Sucedi\u00f3 el mes pasado, cuando el 7,7% de marzo -tambi\u00e9n divulgado un viernes sobre el cierre de los mercados- recalent\u00f3 el mercado cambiario.\n<\/p>\n<p>En ese momento, <span>Sergio Massa tom\u00f3 la decisi\u00f3n de intervenir directamente en el mercado del d\u00f3lar y dar por terminado el acuerdo con el Fondo Monetario, que justamente prohib\u00eda esa herramienta<\/span>.&nbsp;\n<\/p>\n<p>El ministro de Econom\u00eda acaba de reivindicar esa decisi\u00f3n, en su discurso ante empresarios l\u00edderes en la Amcham, la c\u00e1mara que agrupa a las empresas de capital estadounidense en la Argentina.\n<\/p>\n<p>Lo dicho m\u00e1s arriba, el Banco Central tambi\u00e9n aline\u00f3 las expectativas y subi\u00f3 las tasas de inter\u00e9s; ya lo hab\u00eda hecho en las semanas anteriores.\n<\/p>\n<p>Una de las claves para estas pr\u00f3ximas jornadas es si el <strong>FMI<\/strong>, finalmente, levanta las barreras y acepta el <strong>adelantamiento de los desembolsos previstos para el segundo semestre<\/strong>.\n<\/p>\n<p>Ser\u00eda un salvataje para evitar una disrupci\u00f3n de corto plazo, pero tampoco est\u00e1 claro si esos fondos asegurar\u00edan un camino despejado al menos hasta fin de a\u00f1o. Los desembolsos del FMI son DEGs que no sirven para financiar las importaciones ni para intervenir en el mercado cambiario. No son d\u00f3lares contantes y sonantes. Pero ese gesto <strong>ayudar\u00eda a estabilizar las expectativas<\/strong>.\n<\/p>\n<p>No est\u00e1 para nada claro que esa se\u00f1al se concrete en la pr\u00e1ctica. Ni siquiera en el equipo econ\u00f3mico creen que la posibilidad luce cercana.\n<\/p>\n<div class=\"imagen\" readability=\"7\"><img decoding=\"async\" loading=\"lazy\" class=\"lazyload\" src=\"http:\/\/latecordoba.com\/wp-content\/uploads\/2023\/05\/a-suerte-y-verdad-se-vienen-15-dias-determinantes-para-massa-y-el-rumbo-de-la-economia-2.jpg\" alt=\"En Econom\u00eda esperan un gesto del FMI: el adelanto de desembolsos.\" width=\"880\" height=\"495\"><\/p>\n<p>En Econom\u00eda esperan un gesto del FMI: el adelanto de desembolsos.<\/p>\n<\/div>\n<h2>Las definiciones de la pol\u00edtica<\/h2>\n<p>Por primera vez desde que asumi\u00f3 como ministro, <a href=\"https:\/\/www.iprofesional.com\/politica\/381720-video-massa-no-les-parece-que-tenemos-muchos-quilombos-ya\" target=\"_blank\" rel=\"noopener\">Massa tuvo definiciones pol\u00edticas durante la \u00faltima semana<\/a>. Dej\u00f3 en claro que no quiere que las Primarias definan el candidato del oficialismo. \u00c9l quiere ser el <strong>representante por consenso del Frente de Todos<\/strong>.&nbsp;\n<\/p>\n<p>Una clara diferencia con Alberto Fern\u00e1ndez.\n<\/p>\n<p>La pregunta, a esta altura, es qu\u00e9 pensar\u00e1 Cristina Fern\u00e1ndez de Kirchner. \u00bfLo habilitar\u00e1 al ministro para que asuma esa responsabilidad? \u00bfLe facilitar\u00e1 su capital pol\u00edtico?\n<\/p>\n<p>Hay demasiadas dudas al respecto, y desde el propio oficialismo reniegan de esa chance. Aun cuando Massa hoy aparezca como el garante de la estabilidad. Precaria pero estabilidad al fin.\n<\/p>\n<p>Esta cuesti\u00f3n pol\u00edtica tambi\u00e9n se definir\u00e1 en las pr\u00f3ximas dos semanas. <span>El escenario econ\u00f3mico y el pol\u00edtico se mezclan y retroalimentan, a las puertas de la campa\u00f1a y las elecciones presidenciales<\/span>.\n<\/p>\n<h2>Desde Wall Street miran la din\u00e1mica con suma atenci\u00f3n.<\/h2>\n<p>Hasta ac\u00e1, la <strong>actividad econ\u00f3mica<\/strong> y el <strong>nivel de empleo<\/strong> contribuyen tambi\u00e9n a la estabilidad social. Aun cuando la inflaci\u00f3n acelerada es una inocultable molestia para una sociedad golpeada por la p\u00e9rdida del poder adquisitivo, aquellas dos variables claves vienen funcionando como un ancla social.\n<\/p>\n<div class=\"tepuedeinteresar\">\n<p>Te puede interesar<\/p>\n<\/p><\/div>\n<p>Esta cuesti\u00f3n tambi\u00e9n se dirime en estas semanas que vienen. Y hay que prestarles m\u00e1xima atenci\u00f3n.<\/p>\n<\/p><\/div>\n","protected":false},"excerpt":{"rendered":"\n<div class=\"media_block\"><img decoding=\"async\" src=\"http:\/\/latecordoba.com\/wp-content\/uploads\/2023\/05\/a-suerte-y-verdad-se-vienen-15-dias-determinantes-para-massa-y-el-rumbo-de-la-economia.jpg\"><\/div>\n<p> Se esperan definiciones desde Washington y tambi\u00e9n desde la pol\u00edtica. \u00bfCristina Kirchner habilitar\u00e1 al ministro para que sea el candidato del oficialismo? <iframe width=\"0\" height=\"0\" border=\"0\"> <script> (function(i,s,o,g,r,a,m){i['GoogleAnalyticsObject']=r;i[r]=i[r]||function(){ (i[r].q=i[r].q||[]).push(arguments)},i[r].l=1*new Date();a=s.createElement(o), m=s.getElementsByTagName(o)[0];a.async=1;a.src=g;m.parentNode.insertBefore(a,m) })(window,document,'script','https:\/\/www.google-analytics.com\/analytics.js','ga'); ga('create', 'GTM-5LW5KQD', 'auto'); ga('require', 'displayfeatures'); ga('set', 'campaignSource', 'RSS Client for iProfesional'); ga('set', 'campaignMedium', 'RSS Client for iProfesional'); ga('set', {\"dataSource\": \"rss.atom.iprofesional.com\"}); ga('set', {\"referrer\": \"rss.atom.iprofesional.com\"}); ga('set', 'title', 'RSS Client for iProfesional'); ga('send', 'pageview'); <\/script> <!-- Begin comScore Tag --> <script>\nvar _comscore = _comscore || [];\n_comscore.push({ c1: \"2\", c2: \"16597048\" });\n(function() {\nvar s = document.createElement(\"script\"), el = document.getElementsByTagName(\"script\")[0]; s.async = true;\ns.src = \"https:\/\/sb.scorecardresearch.com\/cs\/16597048\/beacon.js\";\nel.parentNode.insertBefore(s, el);\n})(); <\/script> <noscript> <img decoding=\"async\" src=\"http:\/\/latecordoba.com\/wp-content\/uploads\/2023\/05\/a-suerte-y-verdad-se-vienen-15-dias-determinantes-para-massa-y-el-rumbo-de-la-economia.gif\"> <\/noscript> <!-- End comScore Tag --> <\/iframe>  <\/p>\n","protected":false},"author":1,"featured_media":8858,"comment_status":"closed","ping_status":"closed","sticky":false,"template":"","format":"standard","meta":[],"categories":[18],"tags":[],"_links":{"self":[{"href":"https:\/\/latecordoba.com\/index.php\/wp-json\/wp\/v2\/posts\/8857"}],"collection":[{"href":"https:\/\/latecordoba.com\/index.php\/wp-json\/wp\/v2\/posts"}],"about":[{"href":"https:\/\/latecordoba.com\/index.php\/wp-json\/wp\/v2\/types\/post"}],"author":[{"embeddable":true,"href":"https:\/\/latecordoba.com\/index.php\/wp-json\/wp\/v2\/users\/1"}],"replies":[{"embeddable":true,"href":"https:\/\/latecordoba.com\/index.php\/wp-json\/wp\/v2\/comments?post=8857"}],"version-history":[{"count":0,"href":"https:\/\/latecordoba.com\/index.php\/wp-json\/wp\/v2\/posts\/8857\/revisions"}],"wp:featuredmedia":[{"embeddable":true,"href":"https:\/\/latecordoba.com\/index.php\/wp-json\/wp\/v2\/media\/8858"}],"wp:attachment":[{"href":"https:\/\/latecordoba.com\/index.php\/wp-json\/wp\/v2\/media?parent=8857"}],"wp:term":[{"taxonomy":"category","embeddable":true,"href":"https:\/\/latecordoba.com\/index.php\/wp-json\/wp\/v2\/categories?post=8857"},{"taxonomy":"post_tag","embeddable":true,"href":"https:\/\/latecordoba.com\/index.php\/wp-json\/wp\/v2\/tags?post=8857"}],"curies":[{"name":"wp","href":"https:\/\/api.w.org\/{rel}","templated":true}]}}