{"id":8844,"date":"2023-05-13T14:40:24","date_gmt":"2023-05-13T14:40:24","guid":{"rendered":"https:\/\/www.puntal.com.ar\/wanda-nara\/la-palabra-wanda-nara-confirmar-su-separacion-mauro-icardi-n190785"},"modified":"2023-05-13T14:40:24","modified_gmt":"2023-05-13T14:40:24","slug":"la-palabra-de-wanda-nara-tras-confirmar-su-separacion-de-mauro-icardi","status":"publish","type":"post","link":"https:\/\/latecordoba.com\/index.php\/2023\/05\/13\/la-palabra-de-wanda-nara-tras-confirmar-su-separacion-de-mauro-icardi\/","title":{"rendered":"La palabra de Wanda Nara tras confirmar su separaci\u00f3n de Mauro Icardi"},"content":{"rendered":"\n<div><img decoding=\"async\" src=\"http:\/\/latecordoba.com\/wp-content\/uploads\/2023\/05\/la-palabra-de-wanda-nara-tras-confirmar-su-separacion-de-mauro-icardi.jpg\" class=\"ff-og-image-inserted\"><\/div>\n<p data-mrf-recirculation=\"Links inline\"> \u201c\u00bfEst\u00e1n de novias?\u201d, ley\u00f3 Wanda la pregunta de un seguidor, y las dos negaron con sus gestos y sus voces. Y por si quedaban dudas, Zaira mir\u00f3 a su hermana y repiti\u00f3 en voz alta otra de las preguntas. \u201c\u00bfWan, est\u00e1s separada?\u201d. La respuesta fue clara. \u201cEstoy separada\u201d, se\u00f1al\u00f3, reafirm\u00e1ndolo con el movimiento de su cabeza.<\/p>\n<div contenteditable=\"false\" class=\"embed_cont type_freetext\" rel=\"freetext\" id=\"embed1780_wrap\" data-provider=\"YouTube\" readability=\"32\">\n<p> Wanda Nara confirm\u00f3 que est\u00e1 separada<span onclick=\"parent.parent.TinyMCETdcuerpo.preview_embed('embed1780')\" class=\"embed_colapse less\" id=\"embed1780_colapse\"><\/span><span onclick=\"parent.parent.TinyMCETdcuerpo.delete_embed('embed1780')\" class=\"embed_delete less\" id=\"embed1780_delete\"><\/span><\/p>\n<div id=\"embed1780_content\" class=\"embed_content\">\n<p> <iframe loading=\"lazy\" width=\"200\" height=\"113\" src=\"https:\/\/www.youtube.com\/embed\/wvaASDHJUWM?feature=oembed\" frameborder=\"0\" allow=\"accelerometer; autoplay; clipboard-write; encrypted-media; gyroscope; picture-in-picture; web-share\" allowfullscreen title=\"Wanda Nara confirm\u00f3 que est\u00e1 separada\">[embedded content]<\/iframe><\/p>\n<\/p><\/div>\n<\/p><\/div>\n<p data-mrf-recirculation=\"Links inline\">Al rato que se viralizaran estas declaraciones, <strong>Mauro Icardi<\/strong> se manifest\u00f3 en las redes desde Turqu\u00eda. Cada vez m\u00e1s atento al juego medi\u00e1tico, el delantero subi\u00f3 una foto junto a la conductora, tomando unos mates, con una leyenda que abr\u00eda el camino a las interpretaciones. \u201cMi novela turca. O argentina\u201d, escribi\u00f3 el futbolista con iron\u00eda, y una serie de emojis que acompa\u00f1aban la publicaci\u00f3n: una televisi\u00f3n, un mate y dos corazones.<\/p>\n<p data-mrf-recirculation=\"Links inline\">En este panorama, en <strong>LAM<\/strong> (Am\u00e9rica) fueron a buscar a Wanda a la salida de las grabaciones de Masterchef para preguntarle por el revuelo que hab\u00edan causado sus declaraciones junto a su hermana. \u201cTe escuch\u00e9 decir \u2018estoy separada\u2019\u201d, le plante\u00f3 el notero <strong>Sebasti\u00e1n Sposato<\/strong> en busca de la confirmaci\u00f3n. \u201cLAM. Le mando un beso a Angelito\u201d, respondi\u00f3, evasiva, la empresaria con un saludo al conductor.<\/p>\n<p data-mrf-recirculation=\"Links inline\">Despu\u00e9s de hablar de los rumores que la ubican en la conducci\u00f3n de la pr\u00f3xima edici\u00f3n de los premios Mart\u00edn Fierro junto a <strong>Marley:<\/strong> \u201dEs un amigo con el que nos miramos y ya nos entendemos. Hicimos programas en circunstancias muy complicadas, y nos entendemos eso es fundamental\u201d, se\u00f1al\u00f3, y no quiso entrar en pol\u00e9micas con otros conductores que se mencionaron, incluido Santiago del Moro. \u201cTengo entendido que estoy en Masterchef por \u00e9l, fue una de las personas que confi\u00f3 en m\u00ed\u201d, asegur\u00f3.<\/p>\n<div contenteditable=\"false\" class=\"embed_cont type_freetext\" rel=\"freetext\" id=\"embed2221_wrap\" data-provider=\"YouTube\" readability=\"33\">\n<p> Wanda Nara habl\u00f3 de su cruce con la China Su\u00e1rez: &#8220;Trabajar\u00eda con ella, no soy rencorosa&#8221;<span onclick=\"parent.parent.TinyMCETdcuerpo.preview_embed('embed2221')\" class=\"embed_colapse less\" id=\"embed2221_colapse\"><\/span><span onclick=\"parent.parent.TinyMCETdcuerpo.delete_embed('embed2221')\" class=\"embed_delete less\" id=\"embed2221_delete\"><\/span><\/p>\n<div id=\"embed2221_content\" class=\"embed_content\">\n<p> <iframe loading=\"lazy\" width=\"200\" height=\"113\" src=\"https:\/\/www.youtube.com\/embed\/mwSAT641Itg?feature=oembed\" frameborder=\"0\" allow=\"accelerometer; autoplay; clipboard-write; encrypted-media; gyroscope; picture-in-picture; web-share\" allowfullscreen title=\" Wanda Nara habl\u00f3 de su cruce con la China Su\u00e1rez: &quot;Trabajar\u00eda con ella, no soy rencorosa&quot;\">[embedded content]<\/iframe><\/p>\n<\/p><\/div>\n<\/p><\/div>\n<p data-mrf-recirculation=\"Links inline\">Consultada sobre su relaci\u00f3n con <strong>L-Gante<\/strong>, y lo que podr\u00eda pasar luego de confirmar su separaci\u00f3n de Icardi, la conductora le baj\u00f3 los decibeles a los rumores: \u201cSoy muy amiga de Eli\u00e1n, y yo s\u00ed creo en la amistad entre el hombre y la mujer. Puedo dormir en la misma cama con \u00e9l y no pasa nada\u201d, se\u00f1al\u00f3, y confi\u00f3 que sea un sentimiento de ambas partes. \u201cSomos muy amigos. Quiero mucho a su familia, \u00e9l quiere mucho a mi familia. Compartimos momentos y tenemos muy buena onda\u201d, afirm\u00f3.<\/p>\n<p data-mrf-recirculation=\"Links inline\">Tambi\u00e9n se refiri\u00f3 a la edici\u00f3n de la fiesta Bresh de la semana pasada, en la que coincidi\u00f3 con la <strong>China Su\u00e1rez<\/strong>. \u201cLa vi que estaba ah\u00ed. Yo llegu\u00e9 primera y despu\u00e9s llegaron todos\u201d, record\u00f3. Y habl\u00f3 puntualmente de la actriz, cuyo affaire con Icardi inici\u00f3 los problemas de pareja, \u201cNo tengo problema con nadie, pierdo la memoria f\u00e1cil si no fuera por ustedes que me lo recuerdan todo el tiempo\u201d, se\u00f1al\u00f3 con un dejo de iron\u00eda, y asegur\u00f3 que no tendr\u00eda problemas en trabajar con ella.<\/p>\n<p data-mrf-recirculation=\"Links inline\">Por \u00faltimo, no quiso opinar del posteo de Mauro Icardi, que hab\u00eda publicado una foto junto a ella con la leyenda. \u201cMi novela turca. O argentina\u201d. \u201cNo vi nada\u201d, sentenci\u00f3.<\/p>\n","protected":false},"excerpt":{"rendered":"<p>\nLa empresaria habl\u00f3 en LAM luego de haber blanqueado el fin de su relaci\u00f3n con el futbolista por medio de un vivo de Instagram.  <\/p>\n","protected":false},"author":1,"featured_media":8845,"comment_status":"closed","ping_status":"closed","sticky":false,"template":"","format":"standard","meta":[],"categories":[14],"tags":[],"_links":{"self":[{"href":"https:\/\/latecordoba.com\/index.php\/wp-json\/wp\/v2\/posts\/8844"}],"collection":[{"href":"https:\/\/latecordoba.com\/index.php\/wp-json\/wp\/v2\/posts"}],"about":[{"href":"https:\/\/latecordoba.com\/index.php\/wp-json\/wp\/v2\/types\/post"}],"author":[{"embeddable":true,"href":"https:\/\/latecordoba.com\/index.php\/wp-json\/wp\/v2\/users\/1"}],"replies":[{"embeddable":true,"href":"https:\/\/latecordoba.com\/index.php\/wp-json\/wp\/v2\/comments?post=8844"}],"version-history":[{"count":0,"href":"https:\/\/latecordoba.com\/index.php\/wp-json\/wp\/v2\/posts\/8844\/revisions"}],"wp:featuredmedia":[{"embeddable":true,"href":"https:\/\/latecordoba.com\/index.php\/wp-json\/wp\/v2\/media\/8845"}],"wp:attachment":[{"href":"https:\/\/latecordoba.com\/index.php\/wp-json\/wp\/v2\/media?parent=8844"}],"wp:term":[{"taxonomy":"category","embeddable":true,"href":"https:\/\/latecordoba.com\/index.php\/wp-json\/wp\/v2\/categories?post=8844"},{"taxonomy":"post_tag","embeddable":true,"href":"https:\/\/latecordoba.com\/index.php\/wp-json\/wp\/v2\/tags?post=8844"}],"curies":[{"name":"wp","href":"https:\/\/api.w.org\/{rel}","templated":true}]}}