{"id":8834,"date":"2023-05-14T14:51:15","date_gmt":"2023-05-14T14:51:15","guid":{"rendered":"https:\/\/viapais.com.ar\/san-juan\/elecciones-en-san-juan-jornada-electoral-arranco-sin-problemas\/"},"modified":"2023-05-14T14:51:15","modified_gmt":"2023-05-14T14:51:15","slug":"elecciones-en-san-juan-hay-demoras-en-la-jornada-electoral","status":"publish","type":"post","link":"https:\/\/latecordoba.com\/index.php\/2023\/05\/14\/elecciones-en-san-juan-hay-demoras-en-la-jornada-electoral\/","title":{"rendered":"Elecciones en San Juan: hay demoras en la jornada electoral"},"content":{"rendered":"\n<p><a href=\"https:\/\/viapais.com.ar\/san-juan\/elecciones-en-san-juan-que-se-vota-el-domingo-14-de-mayo\/\" target=\"_blank\" rel=\"noopener\"><b>San Juan elige este domingo a sus representantes<\/b><\/a><b> legislativos, intendentes y concejales<\/b> en <a href=\"https:\/\/viapais.com.ar\/san-juan\/elecciones-en-san-juan-comenzo-la-veda-que-se-puede-hacer-y-que-no\/\" target=\"_blank\" rel=\"noopener\"><b>elecciones <\/b><\/a>desdobladas de las nacionales. <b>Los comicios comenzaron <\/b>pasadas las 8 \u201c<b>de forma normal\u201d<\/b>, seg\u00fan anunciaron desde la sede de<b> Tribunal Electoral <\/b>de la provincia. Aunque a medida que fueron pasando las horas, los votantes demoraron el doble de tiempo en emitir su sufragio. <\/p>\n<article class=\"article card \">\n<div class=\"article-inner \">\n<div class=\"article-image \"><a href=\"https:\/\/viapais.com.ar\/san-juan\/elecciones-en-san-juan-comenzo-la-veda-que-se-puede-hacer-y-que-no\/\" title=\"San Juan\"><\/p>\n<figure><picture><img decoding=\"async\" alt=\"San Juan\" class=\"lazyload block \" loading=\"lazy\" src=\"http:\/\/latecordoba.com\/wp-content\/uploads\/2023\/05\/elecciones-en-san-juan-hay-demoras-en-la-jornada-electoral.png\" sizes=\"auto\" data-src=\"https:\/\/viapais.com.ar\/resizer\/y3rvRV_u3J-op7jPl9M1j4iQWxg=\/307x173\/smart\/filters:quality(75):format(webp)\/cloudfront-us-east-1.images.arcpublishing.com\/grupoclarin\/AKFV3ZTDVNB4TFAMVORM3GFN7Y.jpg\" width=\"307px\" fetchpriority=\"low\" height=\"173px\"><\/picture><\/figure>\n<p><\/a><\/div>\n<\/div>\n<\/article>\n<p>En una elecci\u00f3n en la que no se elegir\u00e1 gobernador por la resoluci\u00f3n de la Corte Suprema que hizo lugar a una medida cautelar contra la postulaci\u00f3n del actual mandatario, Sergio U\u00f1ac, los <b>sanjuaninos comenzaron a votar a sus nuevas autoridades provinciales<\/b> (diputados, intendentes y concejales).<\/p>\n<p><b>Y como se esperaba<\/b>, con la implementaci\u00f3n&nbsp;del <b>Sistema de Participaci\u00f3n Abierta y Democr\u00e1tica (Sipad),<\/b>&nbsp;el cual es igual a Lemas,&nbsp;<b>en estas elecciones provinciales, la gente demor\u00f3 mucho m\u00e1s tiempo en emitir su sufragio en el cuarto oscuro.<\/b>&nbsp;<\/p>\n<p>Seg\u00fan public\u00f3 Diario de Cuyo,&nbsp;<b>los electores tardaron en promedio 1:33 (93 segundos) en poner su voto en el sobre<\/b>, cuando en elecciones pasadas de caracter\u00edsticas similares, la demora hab\u00eda sido de s\u00f3lo 47 segundos.<\/p>\n<p><b>Esto se debi\u00f3 a que, en el momento de elegir a sus candidatos <\/b>a intendente, concejales y diputados departamentales y proporcionales entre 10&nbsp;subagrupaciones de 4 frentes, <b>los ciudadanos se encontraron con el dilema ante tantas boletas en el cuarto oscuro. <\/b><\/p>\n<h2 class><b>\u00bfPor qu\u00e9 las demoras en San Juan?<\/b><\/h2>\n<p>Las demoras eran de esperarse por el <b>volumen de boletas que se presentan ante los sanjuaninos a la hora de elegir<\/b>. Y la confusi\u00f3n estar\u00e1 a la orden del d\u00eda incluso corriendo el riesgo de que se generen votos nulos. \u00bfA qu\u00e9 se debe?<\/p>\n<ul>\n<li><span>A la cuestionada Ley de Lemas o <b>\u2018Sistema de Participaci\u00f3n Democr\u00e1tica Abierta (SIPAD)\u2019, <\/b>porque hay <b>muchas listas similares pero no iguales. El funcionamiento <\/b>es lo que conocemos como lemas y sublemas o agrupaciones y subagrupaciones pol\u00edticas. Es decir que un lema o coalici\u00f3n puede estar integrado por muchos sublemas o listas y<b> resultar\u00e1 electo el sublema (o lista) que dentro del lema (o coalici\u00f3n) m\u00e1s votado, obtenga la mayor cantidad de votos. <\/b>Por lo que se repetir\u00e1n nombres en distintas listas, lo que ser\u00e1 un alboroto para el votante.<\/span><\/li>\n<li><span>La curiosidad de tener nombres que no compiten y figuran, como el caso de los candidatos a gobernador y vice, cuya elecci\u00f3n fue suspendida por la Corte Suprema.<\/span><\/li>\n<\/ul>\n<h2 class><b>\u00bfPor qu\u00e9 la Corte Suprema suspendi\u00f3 la votaci\u00f3n de Gobernadores en San Juan?<\/b><\/h2>\n<p>Desde la oposici\u00f3n -m\u00e1s precisamente desde <b>Evoluci\u00f3n Libertad<\/b>&#8211; pidieron que <a href=\"https:\/\/viapais.com.ar\/san-juan\/elecciones-en-san-juan-por-que-la-corte-suprema-suspende-la-votacion-del-domingo-14-de-mayo\/\">se impugne la candidatura del actual Gobernador de San Juan,<\/a> ya que<b> sostienen que va en contra de lo que establece la Constituci\u00f3n provincial: ser\u00eda el tercer mandato de U\u00f1ac.<\/b><\/p>\n<p>\u00bfC\u00f3mo? Seg\u00fan consta en el documento difundido por la Corte Suprema, en<b> la solicitud de impugnaci\u00f3n se detalla que U\u00f1ac bas\u00e1ndose en el art\u00edculo 175<\/b> que establece que \u201cel Gobernador y el Vicegobernador duran cuatro a\u00f1os en el ejercicio de sus funciones y <b>pueden ser reelegidos consecutivamente hasta dos veces\u201d.<\/b><\/p>\n<p>Y Vallejos Mini detalla que U\u00f1ac ya cumpli\u00f3 con estos dos mandatos: \u201c<b>Sergio Mauricio U\u00f1ac result\u00f3 elegido vicegobernador<\/b> para el per\u00edodo<b> 2011-2015<\/b>, luego <b>gobernador <\/b>para el per\u00edodo <b>2015-2019 <\/b>y nuevamente <b>gobernador <\/b>para el per\u00edodo <b>2019-2023<\/b>, ocupando tales cargos de manera \u00edntegra y consecutiva\u201d, se detalla en el documento.<\/p>\n<article class=\"article card \">\n<div class=\"article-inner \">\n<div class=\"article-image \"><a href=\"https:\/\/viapais.com.ar\/san-juan\/sergio-unac-hablo-tras-la-suspension-de-las-elecciones-la-corte-esta-confundiendo-mansedad-con-estupidez\/\" title=\"Sergio U\u00f1ac apertura de sesiones extraordinarias en San Juan\"><\/p>\n<figure><picture><img decoding=\"async\" alt=\"Sergio U\u00f1ac apertura de sesiones extraordinarias en San Juan\" class=\"lazyload block \" loading=\"lazy\" src=\"http:\/\/latecordoba.com\/wp-content\/uploads\/2023\/05\/elecciones-en-san-juan-hay-demoras-en-la-jornada-electoral.png\" sizes=\"auto\" data-src=\"https:\/\/viapais.com.ar\/resizer\/vl2t7ZTh2jiTGe9vYIKomMByizI=\/307x173\/smart\/filters:quality(75):format(webp)\/cloudfront-us-east-1.images.arcpublishing.com\/grupoclarin\/G7ZFQS6YIZHANMNKKWO4LTJM4Q.png\" width=\"307px\" fetchpriority=\"low\" height=\"173px\"><\/picture><\/figure>\n<p><\/a><\/div>\n<\/div>\n<\/article>\n<h2 class><b>Qu\u00e9 pasa si no voto este domingo en San Juan: de cu\u00e1nto es la multa<\/b><\/h2>\n<p>De acuerdo a lo que inform\u00f3 el <b>secretario del Tribunal Electoral, Pablo Yacante<\/b> a E<i>staci\u00f3n Claridad,<\/i><b> el monto que deber\u00e1n pagar aquellos sanjuaninos que no asistan a votar <\/b>el domingo y no presenten justificativo <b>ser\u00e1 de $30.000<\/b>. Luego de los comicios, <b>el Tribunal Electoral citar\u00e1 a cada ciudadano para que haga los descargos <\/b>y all\u00ed evaluar\u00e1 <b>si se le aplica o no la multa.<\/b><\/p>\n","protected":false},"excerpt":{"rendered":"<p>San Juan elige este domingo a sus representantes legislativos, intendentes y concejales en elecciones desdobladas de las nacionales. Los comicios comenzaron pasadas las 8 \u201cde forma normal\u201d, seg\u00fan anunciaron desde la sede de Tribunal Electoral de la provincia. Aunque a medida que fueron pasando las horas, los votantes demoraron el doble de tiempo en emitir [&hellip;]<\/p>\n","protected":false},"author":1,"featured_media":8835,"comment_status":"closed","ping_status":"closed","sticky":false,"template":"","format":"standard","meta":[],"categories":[15],"tags":[],"_links":{"self":[{"href":"https:\/\/latecordoba.com\/index.php\/wp-json\/wp\/v2\/posts\/8834"}],"collection":[{"href":"https:\/\/latecordoba.com\/index.php\/wp-json\/wp\/v2\/posts"}],"about":[{"href":"https:\/\/latecordoba.com\/index.php\/wp-json\/wp\/v2\/types\/post"}],"author":[{"embeddable":true,"href":"https:\/\/latecordoba.com\/index.php\/wp-json\/wp\/v2\/users\/1"}],"replies":[{"embeddable":true,"href":"https:\/\/latecordoba.com\/index.php\/wp-json\/wp\/v2\/comments?post=8834"}],"version-history":[{"count":0,"href":"https:\/\/latecordoba.com\/index.php\/wp-json\/wp\/v2\/posts\/8834\/revisions"}],"wp:featuredmedia":[{"embeddable":true,"href":"https:\/\/latecordoba.com\/index.php\/wp-json\/wp\/v2\/media\/8835"}],"wp:attachment":[{"href":"https:\/\/latecordoba.com\/index.php\/wp-json\/wp\/v2\/media?parent=8834"}],"wp:term":[{"taxonomy":"category","embeddable":true,"href":"https:\/\/latecordoba.com\/index.php\/wp-json\/wp\/v2\/categories?post=8834"},{"taxonomy":"post_tag","embeddable":true,"href":"https:\/\/latecordoba.com\/index.php\/wp-json\/wp\/v2\/tags?post=8834"}],"curies":[{"name":"wp","href":"https:\/\/api.w.org\/{rel}","templated":true}]}}