{"id":8819,"date":"2023-05-14T03:36:32","date_gmt":"2023-05-14T03:36:32","guid":{"rendered":"https:\/\/www.lapoliticaonline.com\/economia\/crisis-en-economia-massa-reunio-a-su-equipo-por-mas-de-cinco-horas-y-debaten-medidas-con-cristina\/"},"modified":"2023-05-14T03:36:32","modified_gmt":"2023-05-14T03:36:32","slug":"crisis-en-economia-massa-reunio-a-su-equipo-por-mas-de-cinco-horas-y-debaten-medidas-con-cristina","status":"publish","type":"post","link":"https:\/\/latecordoba.com\/index.php\/2023\/05\/14\/crisis-en-economia-massa-reunio-a-su-equipo-por-mas-de-cinco-horas-y-debaten-medidas-con-cristina\/","title":{"rendered":"Crisis en Econom\u00eda: Massa reuni\u00f3 a su equipo por m\u00e1s de cinco horas y debaten medidas con Cristina"},"content":{"rendered":"\n<div><img decoding=\"async\" src=\"http:\/\/latecordoba.com\/wp-content\/uploads\/2023\/05\/crisis-en-economia-massa-reunio-a-su-equipo-por-mas-de-cinco-horas-y-debaten-medidas-con-cristina.jpg\" class=\"ff-og-image-inserted\"><\/div>\n<div id=\"vsmcontent\" readability=\"105.48796583851\">\n<p>&nbsp;El desborde inflacionario de abril que <a href=\"https:\/\/www.lapoliticaonline.com\/tools\/redirect.php?t=3&amp;i=258599&amp;s=d91f7a0926d682d4930742ea875113fd\">super\u00f3 los peores pron\u00f3sticos<\/a> y amenaza con potenciarse en mayo, oblig\u00f3 a Sergio Massa a convocar a una cumbre urgente de todo su equipo este s\u00e1bado, que se extendi\u00f3 por m\u00e1s de cinco horas, con alg\u00fan contacto telef\u00f3nico con Cristina Kirchner.<\/p>\n<p>La presencia del presidente del Banco Central, el albertista Miguel Pesce, en la reuni\u00f3n, da una pauta de la gravedad de la situaci\u00f3n. Massa no suele invitar a Pesce a los encuentros con su equipo.<\/p>\n<p><a href=\"https:\/\/www.lapoliticaonline.com\/tools\/redirect.php?t=3&amp;i=258657&amp;s=accb3eeef236f488ac68ca89e34d5472\" class=\"link-type-content content-type-nota-columna-ar\">Los uni\u00f3 el espanto<\/a><\/p>\n<p>Fuentes del equipo econ\u00f3mico anticiparon a LPO que este domingo volver\u00e1n a encontrarse y la idea es poder anunciar alguna medida antes que abran los mercados el lunes, con el razonable temor que el d\u00f3lar se dispare.<\/p>\n<p>La discusi\u00f3n fue lo bastante intensa como para analizar un posible mini paquete estabilizador, que hist\u00f3ricamente incluye un salto devaluatorio y posteriores congelamientos. &#8220;Ordenamiento econ\u00f3mico&#8221;, es el t\u00edtulo que filtr\u00f3 una fuente al tanto de las conversaciones. La discusi\u00f3n habr\u00eda incluido el monto d euna suma fija a otorgar y la efectividad de un congelamiento de precios.<\/p>\n<p class=\"authorquote\">La discusi\u00f3n fue lo bastante intensa como para analizar un posible mini paquete estabilizador, que hist\u00f3ricamente incluye un salto devaluatorio y posteriores congelamientos.&nbsp;<\/p>\n<p>El problema de Massa es que desde que asumi\u00f3 el cargo nunca tuvo el permiso pol\u00edtico de Cristina Kirchner para devaluar. Cuando asumi\u00f3 se hablaba de un mini paquete para las dos o tres primeras semanas, mientras se terminaba de ajustar un plan de estabilizaci\u00f3n que inclu\u00eda una devaluaci\u00f3n y unificaci\u00f3n o al menos desdoblamiento cambiario.&nbsp;<\/p>\n<p>Como no tuvo autorizaci\u00f3n pol\u00edtica de Cristina y Alberto para dar ese paso, tuvo que inventar el d\u00f3lar soja que profundiza el descalce entre los d\u00f3lares y agrava las inconsistencias macroeconomicas. Para que se entienda, el Estado paga d\u00f3lares caros a los sojeros y vende d\u00f3lares baratos a los importadores. Esta situaci\u00f3n agrava el drenaje de las reservas.<\/p>\n<p>Esa inconsistencia llev\u00f3 al FMI a <a href=\"https:\/\/www.lapoliticaonline.com\/tools\/redirect.php?t=3&amp;i=255955&amp;s=c5a0342deb10dc83f44de3673419cd86\">reclamar en su \u00faltima revisi\u00f3n<\/a> que se unifiquen los valores de ambos d\u00f3lares, pero Massa no implement\u00f3 esa medida.&nbsp;<\/p>\n<p>Nueve meses despu\u00e9s de haber asumido el cargo, Massa se encuentra con una inflaci\u00f3n muy por arriba de la que recibi\u00f3, al igual que el valor de los d\u00f3lares libres. Con la amenaza que en Mayo el aumento de precios alcance los dos d\u00edgitos mensuales, una situaci\u00f3n que en el mundo actual es de hiperinflaci\u00f3n. Por eso se entiende la urgencia y la profundidad del debate de este s\u00e1bado.<\/p>\n<\/div>\n<p><strong>Copyright La Politica Online SA 2023.<\/strong><br \/>Por favor no corte ni pegue en la web nuestras notas, tiene la posibilidad de redistribuirlas usando nuestras herramientas.<\/p>\n","protected":false},"excerpt":{"rendered":"<p> El desborde inflacionario abri\u00f3 por primera vez la discusi\u00f3n de medidas de fondo de &#8220;ordenamiento econ\u00f3mico&#8221;. Comunicaci\u00f3n telef\u00f3nica con Cristina.  <\/p>\n","protected":false},"author":1,"featured_media":8820,"comment_status":"closed","ping_status":"closed","sticky":false,"template":"","format":"standard","meta":[],"categories":[18],"tags":[],"_links":{"self":[{"href":"https:\/\/latecordoba.com\/index.php\/wp-json\/wp\/v2\/posts\/8819"}],"collection":[{"href":"https:\/\/latecordoba.com\/index.php\/wp-json\/wp\/v2\/posts"}],"about":[{"href":"https:\/\/latecordoba.com\/index.php\/wp-json\/wp\/v2\/types\/post"}],"author":[{"embeddable":true,"href":"https:\/\/latecordoba.com\/index.php\/wp-json\/wp\/v2\/users\/1"}],"replies":[{"embeddable":true,"href":"https:\/\/latecordoba.com\/index.php\/wp-json\/wp\/v2\/comments?post=8819"}],"version-history":[{"count":0,"href":"https:\/\/latecordoba.com\/index.php\/wp-json\/wp\/v2\/posts\/8819\/revisions"}],"wp:featuredmedia":[{"embeddable":true,"href":"https:\/\/latecordoba.com\/index.php\/wp-json\/wp\/v2\/media\/8820"}],"wp:attachment":[{"href":"https:\/\/latecordoba.com\/index.php\/wp-json\/wp\/v2\/media?parent=8819"}],"wp:term":[{"taxonomy":"category","embeddable":true,"href":"https:\/\/latecordoba.com\/index.php\/wp-json\/wp\/v2\/categories?post=8819"},{"taxonomy":"post_tag","embeddable":true,"href":"https:\/\/latecordoba.com\/index.php\/wp-json\/wp\/v2\/tags?post=8819"}],"curies":[{"name":"wp","href":"https:\/\/api.w.org\/{rel}","templated":true}]}}