{"id":8817,"date":"2023-05-14T03:58:21","date_gmt":"2023-05-14T03:58:21","guid":{"rendered":"https:\/\/viapais.com.ar\/cordoba\/todo-lo-que-tenes-que-saber-del-partido-boca-belgrano-fecha-16-de-liga-profesional\/"},"modified":"2023-05-14T03:58:21","modified_gmt":"2023-05-14T03:58:21","slug":"todo-lo-que-tenes-que-saber-del-partido-boca-belgrano-fecha-16-de-liga-profesional","status":"publish","type":"post","link":"https:\/\/latecordoba.com\/index.php\/2023\/05\/14\/todo-lo-que-tenes-que-saber-del-partido-boca-belgrano-fecha-16-de-liga-profesional\/","title":{"rendered":"Todo lo que ten\u00e9s que saber del partido Boca-Belgrano, fecha 16 de Liga Profesional"},"content":{"rendered":"<br \/>\n<section readability=\"54.019338043882\">\n<p><a href=\"https:\/\/viapais.com.ar\/cordoba\/belgrano-talleres-cosedepro-llamo-a-reunion-para-definir-el-escenario-del-clasico\/\" target=\"_blank\" rel=\"noopener\"><b>Belgrano pondr\u00e1 a prueba<\/b><\/a> el s\u00f3lido andar de las \u00faltimas fechas, que lo hicieron trepar a los primeros lugares de la Liga Profesional, ante un<a href=\"https:\/\/viapais.com.ar\/cordoba\/el-golpeado-boca-recupera-soldados-para-enfrentar-a-belgrano-este-domingo\/\" target=\"_blank\" rel=\"noopener\"> <b>Boca herido <\/b><\/a>por su pobre campa\u00f1a y sobre todo, por la <a href=\"https:\/\/viapais.com.ar\/cordoba\/river-llego-a-cordoba-a-lo-puntero-para-el-cruce-con-talleres-este-domingo\/\" target=\"_blank\" rel=\"noopener\"><b>derrota a manos de River<\/b><\/a><b> <\/b>en la fecha pasada.<\/p>\n<article class=\"article card \">\n<div class=\"article-inner \">\n<div class=\"article-image \"><a href=\"https:\/\/viapais.com.ar\/cordoba\/un-domingo-especial-para-belgrano-y-talleres-y-para-el-cordobes-que-jugo-en-boca-y-en-river\/\" title=\"Jos\u00e9 Luis Villarreal fue jugador de Belgrano, Boca y River. Viene de ser entrenador en Estados Unidos. (Foto: Ramiro Pereyra)\"><\/p>\n<figure><picture><img decoding=\"async\" alt=\"Jos\u00e9 Luis Villarreal fue jugador de Belgrano, Boca y River. Viene de ser entrenador en Estados Unidos. (Foto: Ramiro Pereyra)\" class=\"lazyload block \" loading=\"lazy\" src=\"http:\/\/latecordoba.com\/wp-content\/uploads\/2023\/05\/todo-lo-que-tenes-que-saber-del-partido-boca-belgrano-fecha-16-de-liga-profesional.png\" sizes=\"auto\" data-src=\"https:\/\/viapais.com.ar\/resizer\/Of_xXBTtwvb6W01ohM5W8XL9Y8w=\/307x173\/smart\/filters:quality(75):format(webp)\/cloudfront-us-east-1.images.arcpublishing.com\/grupoclarin\/Z7ULHMEDVNB6XKRZHZGXAWRYLE.jpg\" width=\"307px\" fetchpriority=\"low\" height=\"173px\"><\/picture><\/figure>\n<p><\/a><\/div>\n<\/div>\n<\/article>\n<p><b>Se medir\u00e1n a las 19 en la Bombonera,<\/b> por la fecha 16 del toneo, televisado por <b>ESPN Premium<\/b> y con el arbitraje de<b> Fernando Espinoza, siempre pol\u00e9mico<\/b> y toda una preocupaci\u00f3n para el Pirata. Por lo dem\u00e1s, son dos realidades opuestas entre los equipos, y con el Celeste palpitando tambi\u00e9n <b>el cl\u00e1sico cordob\u00e9s ante un Talleres <\/b>igual de entonado.<\/p>\n<article class=\"article card \">\n<div class=\"article-inner \">\n<div class=\"article-image \"><a href=\"https:\/\/viapais.com.ar\/cordoba\/bruno-zapelli-revelo-que-jugador-de-boca-es-su-idolo-jugadorazo\/\" title=\"zapelli\"><\/p>\n<figure><picture><img decoding=\"async\" alt=\"zapelli\" class=\"lazyload block \" loading=\"lazy\" src=\"http:\/\/latecordoba.com\/wp-content\/uploads\/2023\/05\/todo-lo-que-tenes-que-saber-del-partido-boca-belgrano-fecha-16-de-liga-profesional.png\" sizes=\"auto\" data-src=\"https:\/\/viapais.com.ar\/resizer\/f0nNXx39xoKiKSF0DztMSrVKmB8=\/307x173\/smart\/filters:quality(75):format(webp)\/cloudfront-us-east-1.images.arcpublishing.com\/grupoclarin\/46AJ3C7HTBB5BO3S7MMPMDHNAY.jpg\" width=\"307px\" fetchpriority=\"low\" height=\"173px\"><\/picture><\/figure>\n<p><\/a><\/div>\n<\/div>\n<\/article>\n<figure><picture><img alt=\"Pablo Vegetti y Bruno Zapelli, la f\u00f3rmula de Belgrano (Facundo Luque \/ La Voz)\" class=\"lazyload block \" loading=\"lazy\" sizes=\"auto\" data-src=\"http:\/\/latecordoba.com\/wp-content\/uploads\/2023\/05\/todo-lo-que-tenes-que-saber-del-partido-boca-belgrano-fecha-16-de-liga-profesional.jpg\" width=\"1023px\" fetchpriority=\"low\" height=\"682px\"><\/picture><figcaption class>Pablo Vegetti y Bruno Zapelli, la f\u00f3rmula de Belgrano (Facundo Luque \/ La Voz) Foto: Facundo Luque<\/figcaption><\/figure>\n<h2 class><b>C\u00d3MO LLEGA BELGRANO A LA BOMBONERA<\/b><\/h2>\n<p><b>Guillermo Farr\u00e9<\/b> tocar\u00e1 lo justo y necesario respecto del equipo que viene de ganarle a <b>Atl\u00e9tico de Tucum\u00e1n 1 a 0 en un Gigante<\/b> de Alberdi hasta aqu\u00ed inexpugnable. <b>Nicol\u00e1s Meriano entra en la zaga central en lugar de Alejandro R\u00e9bola, <\/b>suspendido por una fecha.<\/p>\n<figure><picture><img alt=\"El marcador central Nicol\u00e1s Meriano que ser\u00e1 titular ante Boca el domingo (Prensa Belgrano)\" class=\"lazyload block \" loading=\"lazy\" sizes=\"auto\" data-src=\"http:\/\/latecordoba.com\/wp-content\/uploads\/2023\/05\/todo-lo-que-tenes-que-saber-del-partido-boca-belgrano-fecha-16-de-liga-profesional-1.jpg\" width=\"1023px\" fetchpriority=\"low\" height=\"682px\"><\/picture><figcaption class>El marcador central Nicol\u00e1s Meriano que ser\u00e1 titular ante Boca el domingo (Prensa Belgrano)<\/figcaption><\/figure>\n<p>La mala para Belgrano es que no contar\u00e1 con <b>Mat\u00edas \u201cel Caco\u201d Garc\u00eda, ya que el ex Gimnasia volvi\u00f3 a sufrir un desgarro, <\/b>esta vez en el soleo. Seguir\u00e1 el <b>Chino Ariel Rojas en la funci\u00f3n de crear juego, justo un ex River <\/b>en la Bombonera. Y el 4-4-2 no se toca, con el goleador <b>Pablo Vegetti comandando la dupla<\/b> de ataque.<\/p>\n<h2 class><b>C\u00d3MO ESPERA BOCA A BELGRANO<\/b><\/h2>\n<p>Boca es la<b> contracara, con bajas y numerosos cambios tras la derrota en el supercl\u00e1sico<\/b>. Y lejos de los primeros puestos, a 19 puntos del l\u00edder River. Una campa\u00f1a para el olvido, m\u00e1s all\u00e1 de la leve mejor\u00eda con el t\u00e9cnico <b>Jorge Almir\u00f3n.<\/b><\/p>\n<figure><picture><img alt=\"Luis Adv\u00edncula encendi\u00f3 las alarmas en Boca (Prensa Boca)\" class=\"lazyload block \" loading=\"lazy\" sizes=\"auto\" data-src=\"http:\/\/latecordoba.com\/wp-content\/uploads\/2023\/05\/todo-lo-que-tenes-que-saber-del-partido-boca-belgrano-fecha-16-de-liga-profesional-2.jpg\" width=\"1023px\" fetchpriority=\"low\" height=\"715px\"><\/picture><figcaption class>Luis Adv\u00edncula encendi\u00f3 las alarmas en Boca (Prensa Boca)<\/figcaption><\/figure>\n<p>El peruano <b>Luis Adv\u00edncula, ubicado ahora como volante, se recuper\u00f3<\/b> de una molestia muscular y seguir\u00e1 como titular en el Xeneize. Y reaparecen tras sendas lesiones <b>Dar\u00edo Benedetto en el centro del ataque y Frank Fabra<\/b> en el lateral izquierdo.<\/p>\n<h2 class><b>PROBABLES FORMACIONES DE BOCA Y BELGRANO<\/b><\/h2>\n<p><b>Boca Junors:<\/b> Sergio Romero; Marcelo Weigandt, Facundo Roncaglia, Nicol\u00e1s Figal y Frank Fabra; Luis Adv\u00edncula, Cristian Medina, Mart\u00edn Payero y \u00d3scar Romero; Dar\u00edo Benedetto y Sebasti\u00e1n Villa. DT: Jorge Almir\u00f3n.<\/p>\n<p><b>Belgrano: <\/b>Nahuel Losada; Juan Barinaga, Erik Godoy, Nicol\u00e1s Meriano y Alex Ibacache; Ulises S\u00e1nchez, Santiago Longo, Ariel Rojas y Bruno Zapelli; Franco Jara y Pablo Vegetti. DT: Guillermo Farr\u00e9.<\/p>\n<ul>\n<li><span><b>Hora: <\/b>19.<\/span><\/li>\n<li><span><b>\u00c1rbitro: <\/b>Fernando Espinoza<\/span><\/li>\n<li><span><b>Estadio: <\/b>Boca Juniors.<\/span><\/li>\n<li><span><b>TV:<\/b> ESPN Premium.<\/span><\/li>\n<\/ul>\n<\/section>\n<div class=\"noreadme-audima\">\n<h2>Temas Relacionados<\/h2>\n<\/div>\n","protected":false},"excerpt":{"rendered":"<p>Belgrano pondr\u00e1 a prueba el s\u00f3lido andar de las \u00faltimas fechas, que lo hicieron trepar a los primeros lugares de la Liga Profesional, ante un Boca herido por su pobre campa\u00f1a y sobre todo, por la derrota a manos de River en la fecha pasada. Se medir\u00e1n a las 19 en la Bombonera, por la [&hellip;]<\/p>\n","protected":false},"author":1,"featured_media":8818,"comment_status":"closed","ping_status":"closed","sticky":false,"template":"","format":"standard","meta":[],"categories":[15],"tags":[],"_links":{"self":[{"href":"https:\/\/latecordoba.com\/index.php\/wp-json\/wp\/v2\/posts\/8817"}],"collection":[{"href":"https:\/\/latecordoba.com\/index.php\/wp-json\/wp\/v2\/posts"}],"about":[{"href":"https:\/\/latecordoba.com\/index.php\/wp-json\/wp\/v2\/types\/post"}],"author":[{"embeddable":true,"href":"https:\/\/latecordoba.com\/index.php\/wp-json\/wp\/v2\/users\/1"}],"replies":[{"embeddable":true,"href":"https:\/\/latecordoba.com\/index.php\/wp-json\/wp\/v2\/comments?post=8817"}],"version-history":[{"count":0,"href":"https:\/\/latecordoba.com\/index.php\/wp-json\/wp\/v2\/posts\/8817\/revisions"}],"wp:featuredmedia":[{"embeddable":true,"href":"https:\/\/latecordoba.com\/index.php\/wp-json\/wp\/v2\/media\/8818"}],"wp:attachment":[{"href":"https:\/\/latecordoba.com\/index.php\/wp-json\/wp\/v2\/media?parent=8817"}],"wp:term":[{"taxonomy":"category","embeddable":true,"href":"https:\/\/latecordoba.com\/index.php\/wp-json\/wp\/v2\/categories?post=8817"},{"taxonomy":"post_tag","embeddable":true,"href":"https:\/\/latecordoba.com\/index.php\/wp-json\/wp\/v2\/tags?post=8817"}],"curies":[{"name":"wp","href":"https:\/\/api.w.org\/{rel}","templated":true}]}}