{"id":8793,"date":"2023-05-13T17:17:04","date_gmt":"2023-05-13T17:17:04","guid":{"rendered":"https:\/\/elnoticierodigital.com.ar\/?p=1380131"},"modified":"2023-05-13T17:17:04","modified_gmt":"2023-05-13T17:17:04","slug":"el-fuerte-descargo-de-leo-sbaraglia-tras-los-rumores-de-romance-con-viviana-canosa","status":"publish","type":"post","link":"https:\/\/latecordoba.com\/index.php\/2023\/05\/13\/el-fuerte-descargo-de-leo-sbaraglia-tras-los-rumores-de-romance-con-viviana-canosa\/","title":{"rendered":"El fuerte descargo de Leo Sbaraglia tras los rumores de romance con Viviana Canosa"},"content":{"rendered":"<p> <!-- image --><\/p>\n<div class=\"td-post-featured-image\"><a href=\"https:\/\/i0.wp.com\/elnoticierodigital.com.ar\/wp-content\/uploads\/2023\/05\/1380131.png?fit=1600%2C1010&amp;ssl=1\" data-caption><img decoding=\"async\" loading=\"lazy\" width=\"696\" height=\"439\" class=\"entry-thumb td-modal-image\" src=\"http:\/\/latecordoba.com\/wp-content\/uploads\/2023\/05\/el-fuerte-descargo-de-leo-sbaraglia-tras-los-rumores-de-romance-con-viviana-canosa.png\" srcset=\"http:\/\/latecordoba.com\/wp-content\/uploads\/2023\/05\/el-fuerte-descargo-de-leo-sbaraglia-tras-los-rumores-de-romance-con-viviana-canosa-1.png 1600w, http:\/\/latecordoba.com\/wp-content\/uploads\/2023\/05\/el-fuerte-descargo-de-leo-sbaraglia-tras-los-rumores-de-romance-con-viviana-canosa-2.png 300w, http:\/\/latecordoba.com\/wp-content\/uploads\/2023\/05\/el-fuerte-descargo-de-leo-sbaraglia-tras-los-rumores-de-romance-con-viviana-canosa-3.png 1024w, http:\/\/latecordoba.com\/wp-content\/uploads\/2023\/05\/el-fuerte-descargo-de-leo-sbaraglia-tras-los-rumores-de-romance-con-viviana-canosa-4.png 768w, http:\/\/latecordoba.com\/wp-content\/uploads\/2023\/05\/el-fuerte-descargo-de-leo-sbaraglia-tras-los-rumores-de-romance-con-viviana-canosa-5.png 1536w, http:\/\/latecordoba.com\/wp-content\/uploads\/2023\/05\/el-fuerte-descargo-de-leo-sbaraglia-tras-los-rumores-de-romance-con-viviana-canosa-6.png 150w, http:\/\/latecordoba.com\/wp-content\/uploads\/2023\/05\/el-fuerte-descargo-de-leo-sbaraglia-tras-los-rumores-de-romance-con-viviana-canosa.png 696w, http:\/\/latecordoba.com\/wp-content\/uploads\/2023\/05\/el-fuerte-descargo-de-leo-sbaraglia-tras-los-rumores-de-romance-con-viviana-canosa-7.png 1068w, https:\/\/i0.wp.com\/elnoticierodigital.com.ar\/wp-content\/uploads\/2023\/05\/1380131.png?w=1392&amp;ssl=1 1392w\" sizes=\"(max-width: 696px) 100vw, 696px\" alt title=\"1380131\"><\/a><\/div>\n<p> <!-- content --><\/p>\n<article readability=\"32\">Viviana Canosa se convirti\u00f3 en el foco de todos los medios durante las \u00faltimas semanas por la fuerte confesi\u00f3n que le hizo a Yanina Latorre. Todo se dio cuando en su programa radial decidi\u00f3 revelar que sali\u00f3 un famos\u00edsimo actor y que nadie se enter\u00f3.<\/p>\n<p>Fue entonces que todos comenzaron a sacar sus conclusiones y el primero en caer fue nada m\u00e1s ni nada menos que Marcelo Mazarello. Pero fue \u00e9l mismo quien decidi\u00f3 romper el silencio para poder negar los rumores en los que fue involucrado.<\/p>\n<p>Ahora bien, quien tambi\u00e9n fue vinculado en los rumores de romance con Viviana Canosa fue nada m\u00e1s ni nada menos que Leo Sbaraglia. Sin embargo, el reconocido actor decidi\u00f3 romper el silencio en medio de la gran pol\u00e9mica que se desat\u00f3.<\/p>\n<p>Mediante sus redes sociales decidi\u00f3 postear un fuerte descargo: \u201cGracias por tenerme en cuenta en las noticias, entiendo que es porque se me aprecia. Pero pido, por favor, que dejen de hacer una bola de una noticia falsa. Nunca tuve una cita, ni una relaci\u00f3n con VC (Viviana Canosa). Muchas gracias por compartir esta informaci\u00f3n\u201d.<\/p>\n<p>LA CONFESI\u00d3N DE VIVIANA CANOSA<\/p>\n<p>Hace algunos d\u00edas atr\u00e1s la conductora en di\u00e1logo con Yanina Latorre decidi\u00f3 lanzar c\u00f3mo pas\u00f3 su verano: \u201cuve un verano espectacular. Tuve algo y nos dimos. Es muy conocido. Nunca nadie supo nada. En lo suyo es el mejor. Ser\u00eda una tapa tremenda pero no la van a tener porque yo soy muy escondedora\u201c.<\/p>\n<p>\u201cHab\u00eda alquilado una quinta que era b\u00e1rbara y la tuve como un par de a\u00f1os, y aparte no ten\u00eda casas de frente ni de costado\u201d, finaliz\u00f3 Viviana Canosa sobre el affaire que tuvo con un famos\u00edsimo actor que por el momento no aparece el gal\u00e1n que le rob\u00f3 el coraz\u00f3n.<\/p>\n<\/article>\n<p>Fuente: <a href=\"https:\/\/www.paparazzi.com.ar\/teve\/el-fuerte-descargo-de-leo-sbaraglia-tras-los-rumores-de-romance-con-viviana-canosa\/\">https:\/\/www.paparazzi.com.ar\/<\/a><\/p>\n","protected":false},"excerpt":{"rendered":"<p> Viviana Canosa se convirti\u00f3 en el foco de todos los medios durante las \u00faltimas semanas por la fuerte confesi\u00f3n que le hizo a Yanina Latorre. Todo se dio cuando en su programa radial decidi\u00f3 revelar que sali\u00f3 un famos\u00edsimo actor y que nadie se enter\u00f3. Fue entonces que todos comenzaron a sacar sus conclusiones y [&#8230;]  <\/p>\n","protected":false},"author":1,"featured_media":8794,"comment_status":"closed","ping_status":"closed","sticky":false,"template":"","format":"standard","meta":[],"categories":[14],"tags":[],"_links":{"self":[{"href":"https:\/\/latecordoba.com\/index.php\/wp-json\/wp\/v2\/posts\/8793"}],"collection":[{"href":"https:\/\/latecordoba.com\/index.php\/wp-json\/wp\/v2\/posts"}],"about":[{"href":"https:\/\/latecordoba.com\/index.php\/wp-json\/wp\/v2\/types\/post"}],"author":[{"embeddable":true,"href":"https:\/\/latecordoba.com\/index.php\/wp-json\/wp\/v2\/users\/1"}],"replies":[{"embeddable":true,"href":"https:\/\/latecordoba.com\/index.php\/wp-json\/wp\/v2\/comments?post=8793"}],"version-history":[{"count":0,"href":"https:\/\/latecordoba.com\/index.php\/wp-json\/wp\/v2\/posts\/8793\/revisions"}],"wp:featuredmedia":[{"embeddable":true,"href":"https:\/\/latecordoba.com\/index.php\/wp-json\/wp\/v2\/media\/8794"}],"wp:attachment":[{"href":"https:\/\/latecordoba.com\/index.php\/wp-json\/wp\/v2\/media?parent=8793"}],"wp:term":[{"taxonomy":"category","embeddable":true,"href":"https:\/\/latecordoba.com\/index.php\/wp-json\/wp\/v2\/categories?post=8793"},{"taxonomy":"post_tag","embeddable":true,"href":"https:\/\/latecordoba.com\/index.php\/wp-json\/wp\/v2\/tags?post=8793"}],"curies":[{"name":"wp","href":"https:\/\/api.w.org\/{rel}","templated":true}]}}