{"id":8787,"date":"2023-05-13T15:02:00","date_gmt":"2023-05-13T15:02:00","guid":{"rendered":"https:\/\/www.puntal.com.ar\/fin-semana\/el-fuego-amigo-es-babasonicos-n190788"},"modified":"2023-05-13T15:02:00","modified_gmt":"2023-05-13T15:02:00","slug":"el-fuego-amigo-es-de-babasonicos","status":"publish","type":"post","link":"https:\/\/latecordoba.com\/index.php\/2023\/05\/13\/el-fuego-amigo-es-de-babasonicos\/","title":{"rendered":"El Fuego Amigo es de Babas\u00f3nicos"},"content":{"rendered":"\n<div><img decoding=\"async\" src=\"http:\/\/latecordoba.com\/wp-content\/uploads\/2023\/05\/el-fuego-amigo-es-de-babasonicos.jpg\" class=\"ff-og-image-inserted\"><\/div>\n<p> Desde la productora local indicaron que hay gran expectativa por el show de la banda comandada por Adri\u00e1n D\u00e1rgelos, reflejada en la venta de tickets y consultas: \u201cPor eso informamos que hay entradas disponibles y que se podr\u00e1n adquirir hasta el mismo s\u00e1bado por la noche\u201d en las boleter\u00edas de R\u00edo Grande 688 o en edenentradas.com.ar<\/p>\n<p>\u201cPara nosotros es un enorme placer recibir a una de las bandas m\u00e1s importante del rock en espa\u00f1ol, con una puesta verdaderamente incre\u00edble, ya que la t\u00e9cnica de sonido y luces solicitada es impresionante. Seguramente va a ser un show que nos sorprender\u00e1 a todos\u201d, afirmaron desde Opus Costanera.<\/p>\n<p>\u201cTrinchera\u201d, el \u00faltimo disco de los Baba, ya cuenta con cinco estadios Movistar Arena totalmente sold out en la ciudad de Buenos Aires y una extensa gira que los llev\u00f3 por toda Latinoam\u00e9rica, Estado Unidos y Europa. Anoche, en la Plaza de la M\u00fasica de C\u00f3rdoba capital, el show tuvo entradas agotadas.<\/p>\n<p>El t\u00edtulo del \u00e1lbum \u201cTrinchera\u201d propone un refugio del mundo actual, un para\u00edso et\u00e9reo donde la banda argentina despliega todo su arte en un manifiesto de once canciones que combinan deseo, mitolog\u00eda, conciencia, existencialismo y banalidad. La obsesi\u00f3n por el sonido perfecto, los arreglos exquisitos, los estribillos que contagian, el deseo de trascender a trav\u00e9s de la obra est\u00e1n presentes en este nuevo trabajo de Babas\u00f3nicos, que es sin dudas uno de los m\u00e1s transversales y esperados del rock en espa\u00f1ol.<\/p>\n<div contenteditable=\"false\" class=\"embed_cont type_freetext\" rel=\"freetext\" id=\"embed4461_wrap\" data-provider=\"YouTube\" readability=\"32\">\n<p> Babasonicos &#8211; BYE BYE (Video Oficial)<span onclick=\"parent.parent.TinyMCETdcuerpo.preview_embed('embed4461')\" class=\"embed_colapse less\" id=\"embed4461_colapse\"><\/span><span onclick=\"parent.parent.TinyMCETdcuerpo.delete_embed('embed4461')\" class=\"embed_delete less\" id=\"embed4461_delete\"><\/span><\/p>\n<div id=\"embed4461_content\" class=\"embed_content\">\n<p> <iframe loading=\"lazy\" width=\"200\" height=\"113\" src=\"https:\/\/www.youtube.com\/embed\/GVI7qk2YhAg?feature=oembed\" frameborder=\"0\" allow=\"accelerometer; autoplay; clipboard-write; encrypted-media; gyroscope; picture-in-picture; web-share\" allowfullscreen title=\"Babasonicos - BYE BYE (Video Oficial)\">[embedded content]<\/iframe><\/p>\n<\/p><\/div>\n<\/p><\/div>\n<p>Canciones como \u201cLa izquierda de la noche\u201d, \u201cBye Bye\u201d, \u201cAnubis\u201d y \u201cMimos son Mimos\u201d dan cuenta de la vigencia de la banda, posicion\u00e1ndose como destacados en las playlists m\u00e1s relevantes de la regi\u00f3n, teniendo fuerte presencia en las estaciones de radio y televisi\u00f3n de todo el continente y llegando a ser n\u00famero 1 en el ranking de difusi\u00f3n de Argentina.<\/p>\n<p>\u201cTrinchera\u201d se gest\u00f3 entre 2020 y 2021 en los estudios Juno de Buenos Aires. La producci\u00f3n art\u00edstica es de Gustavo Iglesias y Babas\u00f3nicos. Grabado y mezclado por Gustavo Iglesias. El mastering corri\u00f3 por cuenta de Greg Calbi y Steve Fallone en Sterling Sound, New York. M\u00fasicos invitados: Carca y Gustavo \u201cTuta\u201d Torres. El arte de portada fue dise\u00f1ado por Alejandro Ros.<\/p>\n<p>Este el primer trabajo de estudio de Babas\u00f3nicos en cuatro a\u00f1os, tras la publicaci\u00f3n de Discutible en 2018.<\/p>\n","protected":false},"excerpt":{"rendered":"<p>\nLa notable banda argentina de pop-rock se presenta esta noche en el escenario de Opus Costanera  <\/p>\n","protected":false},"author":1,"featured_media":8788,"comment_status":"closed","ping_status":"closed","sticky":false,"template":"","format":"standard","meta":[],"categories":[14],"tags":[],"_links":{"self":[{"href":"https:\/\/latecordoba.com\/index.php\/wp-json\/wp\/v2\/posts\/8787"}],"collection":[{"href":"https:\/\/latecordoba.com\/index.php\/wp-json\/wp\/v2\/posts"}],"about":[{"href":"https:\/\/latecordoba.com\/index.php\/wp-json\/wp\/v2\/types\/post"}],"author":[{"embeddable":true,"href":"https:\/\/latecordoba.com\/index.php\/wp-json\/wp\/v2\/users\/1"}],"replies":[{"embeddable":true,"href":"https:\/\/latecordoba.com\/index.php\/wp-json\/wp\/v2\/comments?post=8787"}],"version-history":[{"count":0,"href":"https:\/\/latecordoba.com\/index.php\/wp-json\/wp\/v2\/posts\/8787\/revisions"}],"wp:featuredmedia":[{"embeddable":true,"href":"https:\/\/latecordoba.com\/index.php\/wp-json\/wp\/v2\/media\/8788"}],"wp:attachment":[{"href":"https:\/\/latecordoba.com\/index.php\/wp-json\/wp\/v2\/media?parent=8787"}],"wp:term":[{"taxonomy":"category","embeddable":true,"href":"https:\/\/latecordoba.com\/index.php\/wp-json\/wp\/v2\/categories?post=8787"},{"taxonomy":"post_tag","embeddable":true,"href":"https:\/\/latecordoba.com\/index.php\/wp-json\/wp\/v2\/tags?post=8787"}],"curies":[{"name":"wp","href":"https:\/\/api.w.org\/{rel}","templated":true}]}}