{"id":8784,"date":"2023-05-13T15:10:29","date_gmt":"2023-05-13T15:10:29","guid":{"rendered":"https:\/\/www.puntal.com.ar\/el-eternauta\/se-difundieron-las-primeras-imagenes-ricardo-darin-como-protagonista-el-eternauta-n190787"},"modified":"2023-05-13T15:10:29","modified_gmt":"2023-05-13T15:10:29","slug":"se-difundieron-las-primeras-imagenes-de-ricardo-darin-como-protagonista-de-el-eternauta","status":"publish","type":"post","link":"https:\/\/latecordoba.com\/index.php\/2023\/05\/13\/se-difundieron-las-primeras-imagenes-de-ricardo-darin-como-protagonista-de-el-eternauta\/","title":{"rendered":"Se difundieron las primeras im\u00e1genes de Ricardo Dar\u00edn como protagonista de &#8220;El Eternauta&#8221;"},"content":{"rendered":"\n<div><img decoding=\"async\" src=\"http:\/\/latecordoba.com\/wp-content\/uploads\/2023\/05\/se-difundieron-las-primeras-imagenes-de-ricardo-darin-como-protagonista-de-el-eternauta.jpg\" class=\"ff-og-image-inserted\"><\/div>\n<div class=\"cuerpo\" data-twitter-link readability=\"29.818181818182\">\n<p> Junto a Dar\u00edn ser\u00e1n de la Carla Peterson, C\u00e9sar Troncoso, Andrea Pietra, Ariel Staltari, Marcelo Subiotto, Claudio Mart\u00ednez Bel, Orianna C\u00e1rdenas y Mora Fisz, entre otros actores y actrices.<\/p>\n<div contenteditable=\"false\" class=\"embed_cont type_freetext\" rel=\"freetext\" id=\"embed7900_wrap\" data-provider=\"Twitter\" readability=\"25.63144963145\">\n<p> https:\/\/twitter.com\/CheNetflix\/status\/1657038423675269121<span onclick=\"parent.parent.TinyMCETdcuerpo.preview_embed('embed7900')\" class=\"embed_colapse less\" id=\"embed7900_colapse\"><\/span><span onclick=\"parent.parent.TinyMCETdcuerpo.delete_embed('embed7900')\" class=\"embed_delete less\" id=\"embed7900_delete\"><\/span><\/p>\n<\/p><\/div>\n<p>La producci\u00f3n de la adaptaci\u00f3n de la historieta estar\u00e1 a cargo de K&amp;S, que anticip\u00f3 que ser\u00e1 una versi\u00f3n contempor\u00e1nea.<\/p>\n<p>Por su parte, Mat\u00edas Mosteirin, productor ejecutivo de K&amp;S Films, agreg\u00f3: \u201cProducir \u2018El Eternauta\u2019 es un enorme desaf\u00edo, t\u00e9cnico y art\u00edstico, y conlleva una gran responsabilidad, por eso estamos trabajando con los mejores, con profesionales argentinos de enorme talento y con un gran autor y director como lo es Bruno. Hace a\u00f1os trabajamos en el desarrollo de este proyecto para asegurarnos que estuviera a la altura de la calidad de la obra\u201d.<\/p>\n<\/div>\n","protected":false},"excerpt":{"rendered":"<p>\nLa serie de Netflix tendr\u00e1 seis episodios y ser\u00e1 dirigida por Bruno Stagnaro y coguionada por el actor Ariel Staltari.  <\/p>\n","protected":false},"author":1,"featured_media":8785,"comment_status":"closed","ping_status":"closed","sticky":false,"template":"","format":"standard","meta":[],"categories":[14],"tags":[],"_links":{"self":[{"href":"https:\/\/latecordoba.com\/index.php\/wp-json\/wp\/v2\/posts\/8784"}],"collection":[{"href":"https:\/\/latecordoba.com\/index.php\/wp-json\/wp\/v2\/posts"}],"about":[{"href":"https:\/\/latecordoba.com\/index.php\/wp-json\/wp\/v2\/types\/post"}],"author":[{"embeddable":true,"href":"https:\/\/latecordoba.com\/index.php\/wp-json\/wp\/v2\/users\/1"}],"replies":[{"embeddable":true,"href":"https:\/\/latecordoba.com\/index.php\/wp-json\/wp\/v2\/comments?post=8784"}],"version-history":[{"count":0,"href":"https:\/\/latecordoba.com\/index.php\/wp-json\/wp\/v2\/posts\/8784\/revisions"}],"wp:featuredmedia":[{"embeddable":true,"href":"https:\/\/latecordoba.com\/index.php\/wp-json\/wp\/v2\/media\/8785"}],"wp:attachment":[{"href":"https:\/\/latecordoba.com\/index.php\/wp-json\/wp\/v2\/media?parent=8784"}],"wp:term":[{"taxonomy":"category","embeddable":true,"href":"https:\/\/latecordoba.com\/index.php\/wp-json\/wp\/v2\/categories?post=8784"},{"taxonomy":"post_tag","embeddable":true,"href":"https:\/\/latecordoba.com\/index.php\/wp-json\/wp\/v2\/tags?post=8784"}],"curies":[{"name":"wp","href":"https:\/\/api.w.org\/{rel}","templated":true}]}}