{"id":8772,"date":"2023-05-13T04:00:42","date_gmt":"2023-05-13T04:00:42","guid":{"rendered":"https:\/\/viapais.com.ar\/cordoba\/en-fotos-asi-quedo-el-nuevo-parque-de-la-biodiversidad-en-cordoba\/"},"modified":"2023-05-13T04:00:42","modified_gmt":"2023-05-13T04:00:42","slug":"en-fotos-asi-quedo-el-nuevo-parque-de-la-biodiversidad-en-cordoba","status":"publish","type":"post","link":"https:\/\/latecordoba.com\/index.php\/2023\/05\/13\/en-fotos-asi-quedo-el-nuevo-parque-de-la-biodiversidad-en-cordoba\/","title":{"rendered":"En fotos: as\u00ed qued\u00f3 el nuevo Parque de la Biodiversidad en C\u00f3rdoba"},"content":{"rendered":"\n<p>El <a href=\"https:\/\/viapais.com.ar\/cordoba\/1732593-piden-que-cierren-el-zoo-de-cordoba\/\" target=\"_blank\" rel=\"noopener\"><b>Jard\u00edn Zool\u00f3gico de C\u00f3rdoba<\/b><\/a><b> ya es historia<\/b>, y ahora abre sus puertas en el mismo predio el nuevo <a href=\"https:\/\/viapais.com.ar\/cordoba\/el-parque-de-la-biodiversidad-de-cordoba-esta-cada-vez-mas-cerca-ya-secaron-el-lago\/\" target=\"_blank\" rel=\"noopener\"><b>Parque de la Biodiversidad,<\/b><\/a><b> sin animales en exhibici\u00f3n. <\/b>La primera etapa de esos trabajos ya est\u00e1 en la recta final, por lo que la apertura es inminente.<\/p>\n<article class=\"article card \">\n<div class=\"article-inner \">\n<div class=\"article-image \"><a href=\"https:\/\/viapais.com.ar\/cordoba\/tras-17-anos-de-vida-fallecio-el-iconico-leon-del-exzoologico-de-cordoba-tango\/\" title=\"Intervienen al le\u00f3n africano Tango en el parque de la Biodiversidad (Municipalidad de C\u00f3rdoba).\"><\/p>\n<figure><picture><img decoding=\"async\" alt=\"Intervienen al le\u00f3n africano Tango en el parque de la Biodiversidad (Municipalidad de C\u00f3rdoba).\" class=\"lazyload block \" loading=\"lazy\" src=\"http:\/\/latecordoba.com\/wp-content\/uploads\/2023\/05\/en-fotos-asi-quedo-el-nuevo-parque-de-la-biodiversidad-en-cordoba.png\" sizes=\"auto\" data-src=\"https:\/\/viapais.com.ar\/resizer\/euT5Ousmr0-eFjcckdtZKIlr0Og=\/307x173\/smart\/filters:quality(75):format(webp)\/cloudfront-us-east-1.images.arcpublishing.com\/grupoclarin\/UXKVOERKX5D2ZHMYQQJZRN6AJU.jpeg\" width=\"307px\" fetchpriority=\"low\" height=\"173px\"><\/picture><\/figure>\n<p><\/a><\/div>\n<\/div>\n<\/article>\n<figure><picture><img alt=\"Parque de la Biodiversidad de C\u00f3rdoba. En todo el circuito se realiz\u00f3 una fuerte inversi\u00f3n en vegetaci\u00f3n. Se plantaron numerosos ejemplares nuevos, y se colocaron plantas y arbustivas. (Jos\u00e9 Gabriel Hern\u00e1ndez \/ La Voz)\" class=\"lazyload block \" loading=\"lazy\" sizes=\"auto\" data-src=\"http:\/\/latecordoba.com\/wp-content\/uploads\/2023\/05\/en-fotos-asi-quedo-el-nuevo-parque-de-la-biodiversidad-en-cordoba.jpg\" width=\"1023px\" fetchpriority=\"low\" height=\"682px\"><\/picture><figcaption class>Parque de la Biodiversidad de C\u00f3rdoba. En todo el circuito se realiz\u00f3 una fuerte inversi\u00f3n en vegetaci\u00f3n. Se plantaron numerosos ejemplares nuevos, y se colocaron plantas y arbustivas. (Jos\u00e9 Gabriel Hern\u00e1ndez \/ La Voz) Foto: Jos\u00e9 Hernandez<\/figcaption><\/figure>\n<article class=\"article card \">\n<div class=\"article-inner \">\n<div class=\"article-image \"><a href=\"https:\/\/viapais.com.ar\/cordoba\/cordoba-tendra-dos-nuevas-areas-naturales-protegidas-en-paravachasca-y-el-rio-quilpo\/\" title><\/p>\n<figure><picture><img decoding=\"async\" alt class=\"lazyload block \" loading=\"lazy\" src=\"http:\/\/latecordoba.com\/wp-content\/uploads\/2023\/05\/en-fotos-asi-quedo-el-nuevo-parque-de-la-biodiversidad-en-cordoba.png\" sizes=\"auto\" data-src=\"https:\/\/viapais.com.ar\/resizer\/OhhtizXCg5J8HA3lwUPsG7U0Dp0=\/307x173\/smart\/filters:quality(75):format(webp)\/cloudfront-us-east-1.images.arcpublishing.com\/grupoclarin\/MW2JBF4GABDW7OQLJAJ7UKIQSA.jpg\" width=\"307px\" fetchpriority=\"low\" height=\"173px\"><\/picture><\/figure>\n<p><\/a><\/div>\n<\/div>\n<\/article>\n<p>El circuito que estar\u00e1 habilitado pronto se inicia en el nuevo acceso, ubicado a metros del <b>tradicional ingreso frente al Superpark.<\/b> Desde all\u00ed, se despliegan senderos adoquinados que lo primero que muestran son los circuitos de agua que representan a <b>los cinco r\u00edos de C\u00f3rdoba.<\/b><\/p>\n<figure><picture><img alt=\"Parque de la Biodiversidad. As\u00ed va quedando la obra de reconversi\u00f3n del Ex zoo de la ciudad de C\u00f3rdoba. (Jos\u00e9 Gabriel Hern\u00e1ndez \/ La Voz)\" class=\"lazyload block \" loading=\"lazy\" sizes=\"auto\" data-src=\"http:\/\/latecordoba.com\/wp-content\/uploads\/2023\/05\/en-fotos-asi-quedo-el-nuevo-parque-de-la-biodiversidad-en-cordoba-1.jpg\" width=\"1023px\" fetchpriority=\"low\" height=\"682px\"><\/picture><figcaption class>Parque de la Biodiversidad. As\u00ed va quedando la obra de reconversi\u00f3n del Ex zoo de la ciudad de C\u00f3rdoba. (Jos\u00e9 Gabriel Hern\u00e1ndez \/ La Voz) Foto: Jos\u00e9 Hernandez<\/figcaption><\/figure>\n<p><b>Hay m\u00e1s de 900 animales que pertenec\u00edan al viejo zool\u00f3gico,<\/b> pero no en exhibici\u00f3n. En el recorrido s\u00f3lo se pueden ver pavos reales y lagartos overos que viven en libertad, junto a cisnes corcoroba que tienen su espacio en una peque\u00f1a laguna. En otro sector, hay tortugas acu\u00e1ticas, un alig\u00e1tor y yacar\u00e9s.<\/p>\n<figure><picture><img alt=\"Parque de la Biodiversidad de C\u00f3rdoba. Se usan siete de las 17 hect\u00e1reas del predio, con un recorrido que arranca en el parque Sarmiento y termina en la calle Rondeau. (Jos\u00e9 Gabriel Hern\u00e1ndez \/ La Voz)\" class=\"lazyload block \" loading=\"lazy\" sizes=\"auto\" data-src=\"http:\/\/latecordoba.com\/wp-content\/uploads\/2023\/05\/en-fotos-asi-quedo-el-nuevo-parque-de-la-biodiversidad-en-cordoba-2.jpg\" width=\"1023px\" fetchpriority=\"low\" height=\"682px\"><\/picture><figcaption class>Parque de la Biodiversidad de C\u00f3rdoba. Se usan siete de las 17 hect\u00e1reas del predio, con un recorrido que arranca en el parque Sarmiento y termina en la calle Rondeau. (Jos\u00e9 Gabriel Hern\u00e1ndez \/ La Voz) Foto: Jos\u00e9 Hernandez<\/figcaption><\/figure>\n<p>Y en el lago principal, <b>varias especies de aves acu\u00e1ticas, como patos, cisnes y flamencos rosados<\/b>. Algunos son del exzoo, y otros <b>son migratorias<\/b> que encuentran estad\u00eda temporal. Pero leones, hipop\u00f3tamos, los tigres, pumas y yaguaret\u00e9s se encuentran en sectores con acceso s\u00f3lo para el personal del parque. <\/p>\n<figure><picture><img alt=\"Parque de la Biodiversidad de C\u00f3rdoba. Hay m\u00e1s de 900 animales que pertenec\u00edan al viejo zool\u00f3gico, no est\u00e1n en exhibici\u00f3n. (Jos\u00e9 Gabriel Hern\u00e1ndez \/ La Voz)\" class=\"lazyload block \" loading=\"lazy\" sizes=\"auto\" data-src=\"http:\/\/latecordoba.com\/wp-content\/uploads\/2023\/05\/en-fotos-asi-quedo-el-nuevo-parque-de-la-biodiversidad-en-cordoba-3.jpg\" width=\"1023px\" fetchpriority=\"low\" height=\"682px\"><\/picture><figcaption class>Parque de la Biodiversidad de C\u00f3rdoba. Hay m\u00e1s de 900 animales que pertenec\u00edan al viejo zool\u00f3gico, no est\u00e1n en exhibici\u00f3n. (Jos\u00e9 Gabriel Hern\u00e1ndez \/ La Voz) Foto: Jos\u00e9 Hernandez<\/figcaption><\/figure>\n<h2 class><b>C\u00d3MO SE INGRESA AL NUEVO PARQUE DE LA BIODIVERSIDAD<\/b><\/h2>\n<p>Cuando se termine la segunda etapa de obras, se sumar\u00e1 un circuito que pasar\u00e1 por <b>recintos donde hay especies aut\u00f3ctonas, como maras y ciervos <\/b>que est\u00e1n hacia la zona de avenida Sabattini.<\/p>\n<figure><picture><img alt=\"Parque de la Biodiversidad de C\u00f3rdoba. Tambi\u00e9n se recuper\u00f3 la estaci\u00f3n del tren liliputense. Si bien la formaci\u00f3n no circular\u00e1, en el sitio suenan experiencias de viejos usuarios. (Jos\u00e9 Gabriel Hern\u00e1ndez \/ La Voz)\" class=\"lazyload block \" loading=\"lazy\" sizes=\"auto\" data-src=\"http:\/\/latecordoba.com\/wp-content\/uploads\/2023\/05\/en-fotos-asi-quedo-el-nuevo-parque-de-la-biodiversidad-en-cordoba-4.jpg\" width=\"1023px\" fetchpriority=\"low\" height=\"682px\"><\/picture><figcaption class>Parque de la Biodiversidad de C\u00f3rdoba. Tambi\u00e9n se recuper\u00f3 la estaci\u00f3n del tren liliputense. Si bien la formaci\u00f3n no circular\u00e1, en el sitio suenan experiencias de viejos usuarios. (Jos\u00e9 Gabriel Hern\u00e1ndez \/ La Voz) Foto: Jos\u00e9 Hernandez<\/figcaption><\/figure>\n<p>Otro punto interesante es el acceso.<b> Ser\u00e1 con entrada gratuita<\/b>, pero para visitarlo<b> hay que sacar turno. Todo el espacio est\u00e1 habilitado para mil personas en su interior, <\/b>para que no perturben a los animales. Entonces, hay que anotarse en una p\u00e1gina web que estar\u00e1 disponible, o ir a riesgo de que no haya lugar hasta que se libere alg\u00fan cupo.<\/p>\n<figure><picture><img alt=\"Parque de la Biodiversidad de C\u00f3rdoba. En todo el circuito se realiz\u00f3 una fuerte inversi\u00f3n en vegetaci\u00f3n. Se plantaron numerosos ejemplares nuevos, y se colocaron plantas y arbustivas. (Jos\u00e9 Gabriel Hern\u00e1ndez \/ La Voz)\" class=\"lazyload block \" loading=\"lazy\" sizes=\"auto\" data-src=\"http:\/\/latecordoba.com\/wp-content\/uploads\/2023\/05\/en-fotos-asi-quedo-el-nuevo-parque-de-la-biodiversidad-en-cordoba-5.jpg\" width=\"1023px\" fetchpriority=\"low\" height=\"682px\"><\/picture><figcaption class>Parque de la Biodiversidad de C\u00f3rdoba. En todo el circuito se realiz\u00f3 una fuerte inversi\u00f3n en vegetaci\u00f3n. Se plantaron numerosos ejemplares nuevos, y se colocaron plantas y arbustivas. (Jos\u00e9 Gabriel Hern\u00e1ndez \/ La Voz) Foto: Jos\u00e9 Hernandez<\/figcaption><\/figure>\n<p>Se puede recorrer con <b>visitas guiadas, o con una aplicaci\u00f3n que utiliza realidad aumentada para brindar informaci\u00f3n.<\/b><\/p>\n<h2 class><b>LOS RECORRIDOS Y UN MIRADOR PANOR\u00c1MICO<\/b><\/h2>\n<p>Hay dos opciones para recorrer el parque: se va hasta arriba, <b>al p\u00f3rtico hist\u00f3rico del exzoo para contemplar la reja y la enorme escalera,<\/b> o se baja hacia<b> un mirador que ofrece una vista \u00fanica <\/b>del lugar. Hay que recordar que ese lugar se extiende por barrancas y posee estructuras de<b> alto valor patrimonial<\/b>. Desde ese mirador, se observan el sendero principal y el espacio donde estaban los lobos marinos.<\/p>\n<figure><picture><img alt=\"Parque de la Biodiversidad. As\u00ed va quedando la obra de reconversi\u00f3n del Ex zoo de la ciudad de C\u00f3rdoba. (Jos\u00e9 Gabriel Hern\u00e1ndez \/ La Voz)\" class=\"lazyload block \" loading=\"lazy\" sizes=\"auto\" data-src=\"http:\/\/latecordoba.com\/wp-content\/uploads\/2023\/05\/en-fotos-asi-quedo-el-nuevo-parque-de-la-biodiversidad-en-cordoba-6.jpg\" width=\"1023px\" fetchpriority=\"low\" height=\"682px\"><\/picture><figcaption class>Parque de la Biodiversidad. As\u00ed va quedando la obra de reconversi\u00f3n del Ex zoo de la ciudad de C\u00f3rdoba. (Jos\u00e9 Gabriel Hern\u00e1ndez \/ La Voz) Foto: Jos\u00e9 Hernandez<\/figcaption><\/figure>\n<p>All\u00ed ahora hay una <b>laguna artificial y una plaza que cuenta la historia de los programas de conservaci\u00f3n que tiene el parque: el yaguaret\u00e9, los ocelotes,<\/b> el oso melero, los guacamayos rojos, el cardenal amarillo, la tortuga canaleta y los tucanes.<\/p>\n","protected":false},"excerpt":{"rendered":"<p>El Jard\u00edn Zool\u00f3gico de C\u00f3rdoba ya es historia, y ahora abre sus puertas en el mismo predio el nuevo Parque de la Biodiversidad, sin animales en exhibici\u00f3n. La primera etapa de esos trabajos ya est\u00e1 en la recta final, por lo que la apertura es inminente. Parque de la Biodiversidad de C\u00f3rdoba. En todo el [&hellip;]<\/p>\n","protected":false},"author":1,"featured_media":8773,"comment_status":"closed","ping_status":"closed","sticky":false,"template":"","format":"standard","meta":[],"categories":[15],"tags":[],"_links":{"self":[{"href":"https:\/\/latecordoba.com\/index.php\/wp-json\/wp\/v2\/posts\/8772"}],"collection":[{"href":"https:\/\/latecordoba.com\/index.php\/wp-json\/wp\/v2\/posts"}],"about":[{"href":"https:\/\/latecordoba.com\/index.php\/wp-json\/wp\/v2\/types\/post"}],"author":[{"embeddable":true,"href":"https:\/\/latecordoba.com\/index.php\/wp-json\/wp\/v2\/users\/1"}],"replies":[{"embeddable":true,"href":"https:\/\/latecordoba.com\/index.php\/wp-json\/wp\/v2\/comments?post=8772"}],"version-history":[{"count":0,"href":"https:\/\/latecordoba.com\/index.php\/wp-json\/wp\/v2\/posts\/8772\/revisions"}],"wp:featuredmedia":[{"embeddable":true,"href":"https:\/\/latecordoba.com\/index.php\/wp-json\/wp\/v2\/media\/8773"}],"wp:attachment":[{"href":"https:\/\/latecordoba.com\/index.php\/wp-json\/wp\/v2\/media?parent=8772"}],"wp:term":[{"taxonomy":"category","embeddable":true,"href":"https:\/\/latecordoba.com\/index.php\/wp-json\/wp\/v2\/categories?post=8772"},{"taxonomy":"post_tag","embeddable":true,"href":"https:\/\/latecordoba.com\/index.php\/wp-json\/wp\/v2\/tags?post=8772"}],"curies":[{"name":"wp","href":"https:\/\/api.w.org\/{rel}","templated":true}]}}