{"id":6825,"date":"2023-02-28T11:08:00","date_gmt":"2023-02-28T11:08:00","guid":{"rendered":"http:\/\/Article%20378010%20reposted%20in%20Impuestos"},"modified":"2023-02-28T11:08:00","modified_gmt":"2023-02-28T11:08:00","slug":"protesta-de-los-contadores-que-reclaman-ante-la-retencion-de-la-afip-del-25-de-sus-facturas","status":"publish","type":"post","link":"https:\/\/latecordoba.com\/index.php\/2023\/02\/28\/protesta-de-los-contadores-que-reclaman-ante-la-retencion-de-la-afip-del-25-de-sus-facturas\/","title":{"rendered":"Protesta de los contadores: qu\u00e9 reclaman ante la retenci\u00f3n de la AFIP del 25% de sus facturas"},"content":{"rendered":"\n<div class=\"media_block\"><img decoding=\"async\" src=\"http:\/\/latecordoba.com\/wp-content\/uploads\/2023\/03\/protesta-de-los-contadores-que-reclaman-ante-la-retencion-de-la-afip-del-25-de-sus-facturas.jpg\"><\/div>\n<div id>\n<p> El c\u00e1lculo de la retenci\u00f3n de Ganancias sobre honorarios profesionales no se actualiza desde 2019 y el recorte ya representa una porci\u00f3n enorme <\/p>\n<p>Por <strong>Dolores Olveira<\/strong><\/p>\n<p><strong>28\/02\/2023<\/strong> &#8211; 08,08hs<\/p>\n<div class=\"image-container img-wide padding-b\"> <picture><source media=\"(min-width:650px)\" srcset=\"http:\/\/latecordoba.com\/wp-content\/uploads\/2023\/03\/protesta-de-los-contadores-que-reclaman-ante-la-retencion-de-la-afip-del-25-de-sus-facturas.webp\" class=\"lazyload\"><source media=\"(min-width:465px)\" srcset=\"http:\/\/latecordoba.com\/wp-content\/uploads\/2023\/03\/protesta-de-los-contadores-que-reclaman-ante-la-retencion-de-la-afip-del-25-de-sus-facturas.webp\" class=\"lazyload\"><img decoding=\"async\" loading=\"lazy\" src=\"http:\/\/latecordoba.com\/wp-content\/uploads\/2023\/03\/protesta-de-los-contadores-que-reclaman-ante-la-retencion-de-la-afip-del-25-de-sus-facturas.webp\" class=\"lazyload\" alt=\"Protesta de los contadores: qu\u00e9 reclaman ante la retenci\u00f3n de la AFIP del 25% de sus facturas\" width=\"160\" height=\"714px\"> <\/picture> <\/div>\n<\/p><\/div>\n<div readability=\"123.25707668554\">\n<p>La <a title=\"Los contadores palpitan las fechas fuertes del a\u00f1o: qu\u00e9 traen los nuevos formularios web\" href=\"https:\/\/www.iprofesional.com\/impuestos\/377795-contadores-palpitan-los-vencimientos-fuertes-del-ano-aplicativos\" target=\"_blank\" rel=\"noopener\">demanda de los contadores en Twitter<\/a> y otras redes sociales es permanente y el Consejo Profesional de Ciencias Econ\u00f3micas ya se hizo eco en varias oportunidades, con notas al Ministerio de Econom\u00eda. Pero no hay respuesta y as\u00ed, <strong>a la dificultad para actualizar honorarios, se suma que hoy la AFIP se lleva 25% de cada factura del profesional<\/strong>.\n<\/p>\n<p>Por una norma desactualizada, los contadores sufren retenciones del Impuesto a las Ganancias de 25% en cada factura que le pasan al cliente. De esta manera, al liquidar su <strong>declaraci\u00f3n jurada anual, tienen grandes saldos a favor por pagos adelantados a la AFIP<\/strong>.\n<\/p>\n<h2>Por qu\u00e9 las retenciones se llevan un cuarto de cada factura<\/h2>\n<p><span>El r\u00e9gimen de retenci\u00f3n del Impuesto a las Ganancias aplicable a operaciones varias, entre ellas locaciones, prestaciones de servicios, honorarios profesionales, venta de bienes, entre otros, se rige por una tabla de c\u00e1lculo que data de julio de 2019<\/span>, explic\u00f3 Gabriela Russo, presidenta del Consejo Profesional de Ciencias Econ\u00f3micas porte\u00f1o (Cpcecaba).\n<\/p>\n<div class=\"imagen\" readability=\"9\"><img decoding=\"async\" loading=\"lazy\" class=\"lazyload\" src=\"http:\/\/latecordoba.com\/wp-content\/uploads\/2023\/03\/protesta-de-los-contadores-que-reclaman-ante-la-retencion-de-la-afip-del-25-de-sus-facturas-1.jpg\" alt=\"Por falta de actualizaci\u00f3n, sobre un salario de $250.000, la retenci\u00f3n es de 24%\" width=\"880\" height=\"495\"><\/p>\n<p>Por falta de actualizaci\u00f3n, sobre un salario de $250.000, la retenci\u00f3n es de 24%<\/p>\n<\/div>\n<p>A pesar de que en todo este tiempo ocurri\u00f3 la <strong>pandemia y est\u00e1 en curso un fuerte proceso inflacionario, esa tabla no fue modificada<\/strong>, indic\u00f3 Russo, y ejemplific\u00f3:\n<\/p>\n<h3>Honorario profesional mensual de $250.000.<\/h3>\n<p>1. Sufre una <strong>retenci\u00f3n de $61.162,6<\/strong>.\n<\/p>\n<p>Por efecto de la retenci\u00f3n, la AFIP se lleva <strong>24% del monto facturado<\/strong>.\n<\/p>\n<p>2. <span>Tomando la inflaci\u00f3n de julio 2019 a enero 2023 la retenci\u00f3n deber\u00eda ser $17.387,95<\/span>.\n<\/p>\n<p>Esto es s\u00f3lo un <strong>6% del ingreso facturado<\/strong>.\n<\/p>\n<p>3. <strong>El importe no sujeto a retenci\u00f3n es $16.830.<\/strong>\n<\/p>\n<p>Actualizado, <strong>deber\u00eda ser $84.496,70<\/strong>.\n<\/p>\n<div class=\"imagen\" readability=\"7\"><img decoding=\"async\" loading=\"lazy\" class=\"lazyload\" src=\"http:\/\/latecordoba.com\/wp-content\/uploads\/2023\/03\/protesta-de-los-contadores-que-reclaman-ante-la-retencion-de-la-afip-del-25-de-sus-facturas.png\" alt=\"Al comparar con empleados en relaci\u00f3n de dependencia, \u00e9stos tienen un m\u00ednimo de $335.000 de bolsillo\" width=\"880\" height=\"495\"><\/p>\n<p>Los empleados en relaci\u00f3n de dependencia tienen un m\u00ednimo de $335.000 de bolsillo<\/p>\n<\/div>\n<h2>Qu\u00e9 pasa con los honorarios profesionales vs los salarios<\/h2>\n<p><span>Otra forma de plasmar la desigualdad que se plantea es compararlo con los importes no sujetos a retenci\u00f3n para trabajadores en relaci\u00f3n de dependencia, que vienen actualizando casi semestralmente<\/span>, enfatiz\u00f3 Russo, y puntualiz\u00f3:\n<\/p>\n<ul>\n<li>Las remuneraciones brutas de <strong>h<\/strong>asta $404.062, aproximadamente <strong>$335.000 de bolsillo, no sufren retenci\u00f3n<\/strong>.<\/li>\n<li>Un <strong>profesional independiente sufre una retenci\u00f3n de $87.512,70 <\/strong>por esa misma suma.<\/li>\n<\/ul>\n<p>Si bien tomamos como ejemplo un honorario profesional, este efecto altamente regresivo se presenta en todas las actividades que se encuentran contempladas en la norma. Al tratarse de una resoluci\u00f3n general, la actualizaci\u00f3n depende de la Administraci\u00f3n Federal, remarc\u00f3 Russo.\n<\/p>\n<h2>Qu\u00e9 plantean los contadores a Econom\u00eda<\/h2>\n<p><span>Esto ha sido un planteo recurrente por parte del Consejo y muchos profesionales manifiestan a diario en nuestros canales de comunicaci\u00f3n la necesidad de adecuaci\u00f3n<\/span>, advirti\u00f3 Russo.\n<\/p>\n<p>En concreto, el <strong>Cpcecaba envi\u00f3 el pasado 27 de enero a la subsecretaria de Ingresos P\u00fablicos, Patricia Vaca Narvaja, una nota reiterando<\/strong> pedidos anteriores, con la solicitud de actualizar los montos no imponibles en el marco del R\u00e9gimen de Retenci\u00f3n del Impuesto a las Ganancias para los honorarios profesionales.\n<\/p>\n<div class=\"imagen\" readability=\"9\"><img decoding=\"async\" loading=\"lazy\" class=\"lazyload\" src=\"http:\/\/latecordoba.com\/wp-content\/uploads\/2023\/03\/protesta-de-los-contadores-que-reclaman-ante-la-retencion-de-la-afip-del-25-de-sus-facturas-2.jpg\" alt=\"El Cpcecaba, que preside Gabriela Russo, envi\u00f3 reiterados reclamos a Econom\u00eda\" width=\"829\" height=\"466\"><\/p>\n<p>El Cpcecaba, que preside Gabriela Russo, envi\u00f3 reiterados reclamos a Econom\u00eda<\/p>\n<\/div>\n<p>Esto tambi\u00e9n hab\u00eda sido pedido el 23 de mayo del a\u00f1o pasado, reiterando solicitudes que ya ven\u00edan de 2021,\n<\/p>\n<p>All\u00ed se viene insistiendo en la <strong>necesidad de adecuaci\u00f3n de los montos no imponibles<\/strong> en el marco del R\u00e9gimen de Retenci\u00f3n del Impuesto a las Ganancias, ya que permanecen sin actualizar desde 2019.\n<\/p>\n<div class=\"tepuedeinteresar\">\n<p>Te puede interesar<\/p>\n<\/p><\/div>\n<p><span>&#8220;Esta situaci\u00f3n ocasiona en muchos casos la formaci\u00f3n de saldos a favor, por lo que ser\u00eda de mucho alivio si la Administraci\u00f3n considerara la posibilidad de adecuaci\u00f3n, acompa\u00f1ando las subas de las deducciones personales del per\u00edodo 2022&#8221;,<\/span> sostuvieron los contadores.<\/p>\n<\/p><\/div>\n","protected":false},"excerpt":{"rendered":"\n<div class=\"media_block\"><img decoding=\"async\" src=\"http:\/\/latecordoba.com\/wp-content\/uploads\/2023\/03\/protesta-de-los-contadores-que-reclaman-ante-la-retencion-de-la-afip-del-25-de-sus-facturas.jpg\"><\/div>\n<p> El c\u00e1lculo de la retenci\u00f3n de Ganancias sobre honorarios profesionales no se actualiza desde 2019 y el recorte ya representa una porci\u00f3n enorme <iframe width=\"0\" height=\"0\" border=\"0\"> <script> (function(i,s,o,g,r,a,m){i['GoogleAnalyticsObject']=r;i[r]=i[r]||function(){ (i[r].q=i[r].q||[]).push(arguments)},i[r].l=1*new Date();a=s.createElement(o), m=s.getElementsByTagName(o)[0];a.async=1;a.src=g;m.parentNode.insertBefore(a,m) })(window,document,'script','https:\/\/www.google-analytics.com\/analytics.js','ga'); ga('create', 'GTM-5LW5KQD', 'auto'); ga('require', 'displayfeatures'); ga('set', 'campaignSource', 'RSS Client for iProfesional'); ga('set', 'campaignMedium', 'RSS Client for iProfesional'); ga('set', {\"dataSource\": \"rss.atom.iprofesional.com\"}); ga('set', {\"referrer\": \"rss.atom.iprofesional.com\"}); ga('set', 'title', 'RSS Client for iProfesional'); ga('send', 'pageview'); <\/script> <!-- Begin comScore Tag --> <script> var _comscore = _comscore || []; _comscore.push({ c1: \"2\", c2: \"37240992\" }); (function() { var s = document.createElement(\"script\"), el = document.getElementsByTagName(\"script\")[0]; s.async = true; s.src = \"https:\/\/sb.scorecardresearch.com\/cs\/37240992\/beacon.js\"; el.parentNode.insertBefore(s, el); })(); <\/script> <noscript> <img decoding=\"async\" src=\"http:\/\/latecordoba.com\/wp-content\/uploads\/2023\/03\/protesta-de-los-contadores-que-reclaman-ante-la-retencion-de-la-afip-del-25-de-sus-facturas.gif\"> <\/noscript> <!-- End comScore Tag --> <\/iframe>  <\/p>\n","protected":false},"author":1,"featured_media":6826,"comment_status":"open","ping_status":"closed","sticky":false,"template":"","format":"standard","meta":[],"categories":[19],"tags":[],"_links":{"self":[{"href":"https:\/\/latecordoba.com\/index.php\/wp-json\/wp\/v2\/posts\/6825"}],"collection":[{"href":"https:\/\/latecordoba.com\/index.php\/wp-json\/wp\/v2\/posts"}],"about":[{"href":"https:\/\/latecordoba.com\/index.php\/wp-json\/wp\/v2\/types\/post"}],"author":[{"embeddable":true,"href":"https:\/\/latecordoba.com\/index.php\/wp-json\/wp\/v2\/users\/1"}],"replies":[{"embeddable":true,"href":"https:\/\/latecordoba.com\/index.php\/wp-json\/wp\/v2\/comments?post=6825"}],"version-history":[{"count":0,"href":"https:\/\/latecordoba.com\/index.php\/wp-json\/wp\/v2\/posts\/6825\/revisions"}],"wp:featuredmedia":[{"embeddable":true,"href":"https:\/\/latecordoba.com\/index.php\/wp-json\/wp\/v2\/media\/6826"}],"wp:attachment":[{"href":"https:\/\/latecordoba.com\/index.php\/wp-json\/wp\/v2\/media?parent=6825"}],"wp:term":[{"taxonomy":"category","embeddable":true,"href":"https:\/\/latecordoba.com\/index.php\/wp-json\/wp\/v2\/categories?post=6825"},{"taxonomy":"post_tag","embeddable":true,"href":"https:\/\/latecordoba.com\/index.php\/wp-json\/wp\/v2\/tags?post=6825"}],"curies":[{"name":"wp","href":"https:\/\/api.w.org\/{rel}","templated":true}]}}