{"id":44150,"date":"2026-09-06T14:21:00","date_gmt":"2026-09-06T14:21:00","guid":{"rendered":"https:\/\/www.iprofesional.com\/economia\/463874-las-ventas-minoristas-pyme-descendieron-02-interanual-en-agosto-a-nivel-nacional"},"modified":"2026-09-06T14:21:00","modified_gmt":"2026-09-06T14:21:00","slug":"las-ventas-minoristas-pyme-descendieron-02-interanual-en-agosto-a-nivel-nacional","status":"publish","type":"post","link":"https:\/\/latecordoba.com\/index.php\/2026\/09\/06\/las-ventas-minoristas-pyme-descendieron-02-interanual-en-agosto-a-nivel-nacional\/","title":{"rendered":"Las ventas minoristas pyme descendieron 0,2% interanual en agosto a nivel nacional"},"content":{"rendered":"\n<div class=\"media_block\"><img decoding=\"async\" src=\"http:\/\/latecordoba.com\/wp-content\/uploads\/2026\/09\/las-ventas-minoristas-pyme-descendieron-02-interanual-en-agosto-a-nivel-nacional.jpg\"><\/div>\n<div><img decoding=\"async\" src=\"http:\/\/latecordoba.com\/wp-content\/uploads\/2026\/09\/las-ventas-minoristas-pyme-descendieron-02-interanual-en-agosto-a-nivel-nacional.webp\" class=\"ff-og-image-inserted\"><\/div>\n<p>Durante el mes de agosto, las <a href=\"https:\/\/www.iprofesional.com\/tecnologia\/462986-como-la-inteligencia-artificial-impulsa-las-ventas-de-moda-online-en-la-argentina\" target=\"_blank\" title=\"ventas\" rel=\"noopener noreferrer\">ventas en los comercios minoristas pyme<\/a> tuvieron una ca\u00edda interanual del 0,2% en t\u00e9rminos reales. A su vez, la medici\u00f3n frente al mes anterior reflej\u00f3 una baja del 2,7%, con lo cual la actividad acumula un descenso del 2,4% en lo que va del a\u00f1o.<\/p>\n<p><a href=\"https:\/\/www.iprofesional.com\/impuestos\/456623-asfixia-empresaria-caida-ventas-embargos-pedido-urgente-caputo\" target=\"_blank\" title=\"ventas\" rel=\"noopener noreferrer\">Esta din\u00e1mica negativa en la comparaci\u00f3n interanual<\/a> respondi\u00f3 a la reducci\u00f3n del poder adquisitivo por los incrementos en las tarifas de los servicios y por el endeudamiento familiar. Adem\u00e1s, el menor movimiento posvacacional y la p\u00e9rdida de tracci\u00f3n de los ingresos disponibles acentuaron la cautela del consumidor, limitando las operaciones comerciales a gastos indispensables.<\/p>\n<h2>C\u00f3mo evolucionan las ventas pymes<\/h2>\n<p>Al analizar e<a href=\"https:\/\/www.iprofesional.com\/negocios\/454809-el-gobierno-flexibilizo-exporta-mple-para-impulsar-ventas-al-exterior-que-cambia\" target=\"_blank\" title=\"ventas\" rel=\"noopener noreferrer\">l balance cualitativo sobre la evoluci\u00f3n interanual de los comercios,<\/a> el 47,4% de los due\u00f1os consultados indic\u00f3 que su nivel de actividad se mantuvo en relaci\u00f3n con el mismo per\u00edodo del a\u00f1o previo. Dicho registro evidencia una merma de 0,7 puntos porcentuales en comparaci\u00f3n con la medici\u00f3n del mes anterior. En paralelo, la proporci\u00f3n de respuestas que report\u00f3 un empeoramiento en las condiciones de su negocio ascendi\u00f3 al 46,5%, reflejando un incremento de dos puntos porcentuales frente al 44,5% constatado en julio. Por \u00faltimo, la fracci\u00f3n de pymes que tuvo una mejora en su desempe\u00f1o operativo represent\u00f3 \u00fanicamente el 6,1% del total de unidades relevadas durante el per\u00edodo.<\/p>\n<p>En cuanto a las proyecciones para los pr\u00f3ximos 12 meses, el 43,9% de los encuestados prev\u00e9 que su situaci\u00f3n econ\u00f3mica continuar\u00e1 sin modificaciones, lo que implica una reducci\u00f3n de 2,4 puntos porcentuales en la lectura neutra respecto al informe precedente.<\/p>\n<p>Por su parte, el 42,8% estim\u00f3 un escenario futuro superior \u2014mostrando una variaci\u00f3n marginal frente al 42,4% de julio\u2014, mientras que el 13,3% restante espera un deterioro. Finalmente, en lo concerniente a las decisiones de financiamiento y destino de fondos, el 57,9% consider\u00f3 que no es momento para concretar inversiones en su firma, en tanto que un 28,6% no fij\u00f3 postura al respecto y un 13,5% respondi\u00f3 afirmativamente a dicha consulta.<\/p>\n<p>En el desagregado sectorial, cuatro de los siete rubros medidos presentaron tasas de variaci\u00f3n interanual positivas. La suba m\u00e1s pronunciada correspondi\u00f3 a Perfumer\u00eda (+12,8%), ubic\u00e1ndose luego Textil e indumentaria (+6,4%), Calzado y marroquiner\u00eda (+1,2%) y Ferreter\u00eda, materiales el\u00e9ctricos y materiales para la construcci\u00f3n (+0,3%). Por el contrario, tres sectores registraron bajas frente al mismo per\u00edodo del a\u00f1o previo, con la mayor ca\u00edda en Bazar, decoraci\u00f3n, textiles para el hogar y muebles (-4,8%), seguida por Alimentos y bebidas (-2,5%) y Farmacia (-0,5%).<\/p>\n<p>El \u00edndice general de ventas minoristas informado por la Confederaci\u00f3n Argentina de la Mediana Empresa (CAME) <strong><span>mide las ventas realizadas por los comercios relevados bajo cualquier modalidad.<\/span><\/strong><\/p>\n<p>Durante agosto se detect\u00f3 que las ventas online realizadas por los comercios con local a la calle registraron un incremento interanual del 17,6% y una leve suba intermensual del 0,4%.<\/p>\n<p>El desempe\u00f1o minorista de agosto reflej\u00f3 la persistencia de una demanda condicionada por el peso de las tarifas y el endeudamiento familiar acumulado. Si bien los comerciantes reportaron compras puntuales en panificados, indumentaria infantil y regaler\u00eda a ra\u00edz del calendario escolar y festivo por el D\u00eda del Ni\u00f1o, estas operaciones no alcanzaron el volumen necesario para compensar la ca\u00edda general del consumo en los rubros masivos. De este modo, las transacciones continuaron acotadas a reposiciones impostergables y tratamientos esenciales, mientras que los bienes durables, el calzado formal y los art\u00edculos de mayor valor permanecieron postergados bajo un esquema de compra cauteloso y fragmentado.<\/p>\n<p>Desde la perspectiva de la oferta, los comercios operaron con m\u00e1rgenes de rentabilidad acotados debido a las continuas actualizaciones en las listas mayoristas, los fletes y la competencia de mercader\u00eda importada de bajo costo. La dificultad para disponer de planes de cuotas sin inter\u00e9s oblig\u00f3 a multiplicar descuentos por pago al contado, liquidaciones de fin de temporada y promociones bancarias para movilizar el inventario existente. Ante este escenario de costos operativos crecientes y l\u00edmites de financiamiento en los hogares, las empresas mantuvieron una gesti\u00f3n prudente del capital, restringiendo la reposici\u00f3n preventiva y evitando nuevas decisiones de inversi\u00f3n.<\/p>\n","protected":false},"excerpt":{"rendered":"\n<div class=\"media_block\"><img decoding=\"async\" src=\"http:\/\/latecordoba.com\/wp-content\/uploads\/2026\/09\/las-ventas-minoristas-pyme-descendieron-02-interanual-en-agosto-a-nivel-nacional.jpg\"><\/div>\n<p> Durante el mes de agosto, las ventas en los comercios minoristas pyme tuvieron una ca\u00edda interanual del 0,2% en t\u00e9rminos reales <iframe width=\"0\" height=\"0\" border=\"0\"> <script> (function(i,s,o,g,r,a,m){i['GoogleAnalyticsObject']=r;i[r]=i[r]||function(){ (i[r].q=i[r].q||[]).push(arguments)},i[r].l=1*new Date();a=s.createElement(o), m=s.getElementsByTagName(o)[0];a.async=1;a.src=g;m.parentNode.insertBefore(a,m) })(window,document,'script','https:\/\/www.google-analytics.com\/analytics.js','ga'); ga('create', 'GTM-5LW5KQD', 'auto'); ga('require', 'displayfeatures'); ga('set', 'campaignSource', 'RSS Client for iProfesional'); ga('set', 'campaignMedium', 'RSS Client for iProfesional'); ga('set', {\"dataSource\": \"rss.atom.iprofesional.com\"}); ga('set', {\"referrer\": \"rss.atom.iprofesional.com\"}); ga('set', 'title', 'RSS Client for iProfesional'); ga('send', 'pageview'); <\/script> <!-- Begin comScore Tag --> <script> var _comscore = _comscore || []; _comscore.push({ c1: \"2\", c2: \"16597048\" }); (function() { var s = document.createElement(\"script\"), el = document.getElementsByTagName(\"script\")[0]; s.async = true; s.src = \"https:\/\/sb.scorecardresearch.com\/cs\/16597048\/beacon.js\"; el.parentNode.insertBefore(s, el); })(); <\/script> <noscript> <img decoding=\"async\" src=\"http:\/\/latecordoba.com\/wp-content\/uploads\/2026\/09\/las-ventas-minoristas-pyme-descendieron-02-interanual-en-agosto-a-nivel-nacional.gif\"> <\/noscript> <!-- End comScore Tag --> <\/iframe> <iframe border=\"0px\" style=\"display: none\" width=0 height=0 src=\"https:\/\/www.iprofesional.com\/ga4.html?gtag_id=G-N13KWJP8BK&amp;title=Las ventas minoristas pyme descendieron 0,2% interanual en agosto a nivel nacional&amp;location=https:\/\/www.iprofesional.com\/economia\/463874-las-ventas-minoristas-pyme-descendieron-02-interanual-en-agosto-a-nivel-nacional&amp;referrer=rss.atom.iprofesional.com&amp;ci=RSS Client for iProfesional&amp;cs=RSS Client for iProfesional&amp;cm=RSS&amp;cn=RSS Client for iProfesional&amp;cc=RSS Client for iProfesional\"><\/iframe>  <\/p>\n","protected":false},"author":1,"featured_media":44151,"comment_status":"closed","ping_status":"closed","sticky":false,"template":"","format":"standard","meta":[],"categories":[18],"tags":[],"_links":{"self":[{"href":"https:\/\/latecordoba.com\/index.php\/wp-json\/wp\/v2\/posts\/44150"}],"collection":[{"href":"https:\/\/latecordoba.com\/index.php\/wp-json\/wp\/v2\/posts"}],"about":[{"href":"https:\/\/latecordoba.com\/index.php\/wp-json\/wp\/v2\/types\/post"}],"author":[{"embeddable":true,"href":"https:\/\/latecordoba.com\/index.php\/wp-json\/wp\/v2\/users\/1"}],"replies":[{"embeddable":true,"href":"https:\/\/latecordoba.com\/index.php\/wp-json\/wp\/v2\/comments?post=44150"}],"version-history":[{"count":0,"href":"https:\/\/latecordoba.com\/index.php\/wp-json\/wp\/v2\/posts\/44150\/revisions"}],"wp:featuredmedia":[{"embeddable":true,"href":"https:\/\/latecordoba.com\/index.php\/wp-json\/wp\/v2\/media\/44151"}],"wp:attachment":[{"href":"https:\/\/latecordoba.com\/index.php\/wp-json\/wp\/v2\/media?parent=44150"}],"wp:term":[{"taxonomy":"category","embeddable":true,"href":"https:\/\/latecordoba.com\/index.php\/wp-json\/wp\/v2\/categories?post=44150"},{"taxonomy":"post_tag","embeddable":true,"href":"https:\/\/latecordoba.com\/index.php\/wp-json\/wp\/v2\/tags?post=44150"}],"curies":[{"name":"wp","href":"https:\/\/api.w.org\/{rel}","templated":true}]}}