{"id":44136,"date":"2026-09-05T21:00:00","date_gmt":"2026-09-05T21:00:00","guid":{"rendered":"https:\/\/www.iprofesional.com\/realestate\/463784-cuanto-bajaran-las-tasas-para-los-nuevos-creditos-hipotecarios-uva"},"modified":"2026-09-05T21:00:00","modified_gmt":"2026-09-05T21:00:00","slug":"hasta-donde-podrian-bajar-las-tasas-de-interes-para-los-nuevos-creditos-hipotecarios-uva","status":"publish","type":"post","link":"https:\/\/latecordoba.com\/index.php\/2026\/09\/05\/hasta-donde-podrian-bajar-las-tasas-de-interes-para-los-nuevos-creditos-hipotecarios-uva\/","title":{"rendered":"Hasta d\u00f3nde podr\u00edan bajar las tasas de inter\u00e9s para los nuevos cr\u00e9ditos hipotecarios UVA"},"content":{"rendered":"\n<div class=\"media_block\"><img decoding=\"async\" src=\"http:\/\/latecordoba.com\/wp-content\/uploads\/2026\/09\/hasta-donde-podrian-bajar-las-tasas-de-interes-para-los-nuevos-creditos-hipotecarios-uva.jpg\"><\/div>\n<div><img decoding=\"async\" src=\"http:\/\/latecordoba.com\/wp-content\/uploads\/2026\/09\/hasta-donde-podrian-bajar-las-tasas-de-interes-para-los-nuevos-creditos-hipotecarios-uva.webp\" class=\"ff-og-image-inserted\"><\/div>\n<p>En lo que se refiere a la evoluci\u00f3n del cr\u00e9dito total en agosto, un reciente informe de la consultora<a href=\"https:\/\/www.ffgadvisors.com\/\" target=\"_blank\" rel=\"nofollow noopener noreferrer\"> First Financial Group <\/a>se\u00f1ala que<span>&nbsp;<\/span><strong>los pr\u00e9stamos en pesos crecieron 0,6% en t\u00e9rminos reales<\/strong><span>&nbsp;<\/span>durante agosto y alcanzaron los<span>&nbsp;<\/span><strong>$106,5 billones<\/strong>.<\/p>\n<p>El informe destaca que en agosto, el saldo total de pr\u00e9stamos en pesos al sector privado aument\u00f3 en t\u00e9rminos nominales un<span>&nbsp;<\/span><strong>2,3% mensual<\/strong>, el saldo lleg\u00f3 a $106,5 billones, presentando un crecimiento interanual del 32,3%, contra los $80,5 billones al cierre del mismo mes del a\u00f1o anterior. Lo que se observa es que<span>&nbsp;<\/span><strong>luego de diez meses de retroceso, se trat\u00f3 de un mes de equilibrio crediticio<\/strong>.<\/p>\n<p>En cuanto a las l\u00edneas de cr\u00e9ditos hipotecarios, incluidos los ajustables por inflaci\u00f3n\/UVA, aument\u00f3 en t\u00e9rminos nominales un<span>&nbsp;<\/span><strong>4,8% mensual<\/strong>, el saldo lleg\u00f3 a $8,6 billones para el total acumulado, con un<span>&nbsp;<\/span><strong>crecimiento interanual del 81,8%<\/strong>, contra los $4,6 billones al cierre del mismo mes del a\u00f1o anterior.<\/p>\n<p><span>Los recientes anuncios del Ministerio de Econom\u00eda, que permitir\u00e1n a los bancos obtener fondeo a plazos m\u00e1s largos gracias a la utilizaci\u00f3n de&nbsp;<a href=\"https:\/\/www.iprofesional.com\/economia\/454095-fondo-garantia-anses-plan-que-analiza-luis-caputo-para-reactivar-economia\" target=\"_blank\" rel=\"noopener noreferrer\">los recursos del&nbsp;<strong>Fondo de Garant\u00eda de Sustentabilidad (FGS) por hasta $2 billones<\/strong><\/a>, crean la expectativa de un mayor crecimiento en el futuro cercano.<\/span><\/p>\n<p><span>&#8220;El incremento real que observamos en las financiaciones de este mes lo tenemos que atribuir m\u00e1s a una&nbsp;<strong>baja de los \u00edndices de inflaci\u00f3n<\/strong>&nbsp;que a un real recupero de las colocaciones. Los modestos saldos positivos del mes est\u00e1n liderados por los&nbsp;<strong>pr\u00e9stamos comerciales<\/strong>&nbsp;y cuentan con el aporte positivo de los prendarios y los hipotecarios&#8221;, explic\u00f3 Guillermo Barbero, socio de la consultora.<\/span><\/p>\n<h2>Banco Macro abre la guerra de tasas UVA<\/h2>\n<p>Al respecto hay que destacar que esta semana los bancos comenzaron a realizar algunas acciones y en particular un banco privado nacional comenz\u00f3 a bajar las tasas de inter\u00e9s.<span>&nbsp;<\/span><strong>El Banco Macro anunci\u00f3 una baja en la tasa<\/strong><span>&nbsp;<\/span>de sus pr\u00e9stamos para vivienda y redujo la TNA de su l\u00ednea UVA un punto porcentual menos que la condici\u00f3n que ofrec\u00eda hasta agosto pasado y fij\u00f3<span>&nbsp;<\/span><strong>UVA m\u00e1s 7,5%<\/strong><span>&nbsp;<\/span>(antes era 8,5%) y la ubic\u00f3 en la m\u00e1ximo establecido por el Gobierno para los futuros pr\u00e9stamos hipotecarios que se otorguen con los fondos provenientes del FGS, pero es probable que la semana pr\u00f3xima m\u00e1s bancos oficiales y privados nacionales se sumen a la baja de tasas de inter\u00e9s para este tipo de nuevos cr\u00e9ditos hipotecarios.<\/p>\n<p>Las nuevas l\u00edneas de cr\u00e9ditos hipotecarios UVA se podr\u00edan utilizar solo para la<span>&nbsp;<\/span><strong>compra de una primera vivienda<\/strong>, as\u00ed como para la mejora, ampliaci\u00f3n o refacci\u00f3n de un inmueble, y tendr\u00e1 alcance en todo el pa\u00eds. Los plazos de financiaci\u00f3n en el futuro se podr\u00edan extender<span>&nbsp;<\/span><strong>desde los 20 a 30 a\u00f1os<\/strong>.<\/p>\n<p>Estas acciones de los bancos se dan en el momento previo de la primera licitaci\u00f3n de esos recursos entre las entidades financieras que ser\u00eda por<span>&nbsp;<\/span><strong>unos 200.000 millones de pesos<\/strong>.<\/p>\n<p><span>De acuerdo a lo establecido, <a href=\"https:\/\/www.argentina.gob.ar\/noticias\/luis-caputo-anuncio-el-programa-de-licitacion-de-plazos-fijos-con-destino-credito?utm_source=chatgpt.com\" target=\"_blank\" title=\"los bancos podr\u00e1n tomar dep\u00f3sitos a un a\u00f1o, con una tasa de&nbsp;UVA m\u00e1s el 2,5%,\" rel=\"external noopener noreferrer\">los bancos podr\u00e1n tomar dep\u00f3sitos a un a\u00f1o, con una tasa de&nbsp;<strong>UVA m\u00e1s el 2,5%<\/strong>,<\/a> o a cinco a\u00f1os, con una tasa de&nbsp;<strong>UVA m\u00e1s el 4,5%<\/strong>, y cada entidad podr\u00e1 licitar como m\u00e1ximo con un 20% de los fondos ofrecidos en cada licitaci\u00f3n y tendr\u00e1&nbsp;<strong>90 d\u00edas para transformarlos en&nbsp;<a href=\"https:\/\/www.iprofesional.com\/finanzas\/463149-el-dolar-barato-facilita-a-acceder-a-nuevos-creditos-hipotecarios-uva\" target=\"_blank\" rel=\"noopener\">nuevos cr\u00e9ditos hipotecarios<\/a><\/strong>&nbsp;bajo la modalidad UVA.<\/span><\/p>\n<p>Adem\u00e1s, esos cr\u00e9ditos que se otorguen bajo la operatoria UVA con ese fondeo deber\u00e1n cumplir las siguientes condiciones:<\/p>\n<ul>\n<li>No podr\u00e1n tener una tasa superior al<span>&nbsp;<\/span><strong>7,5%<\/strong><\/li>\n<li>Se deber\u00e1n otorgar a un<span>&nbsp;<\/span><strong>plazo m\u00ednimo de 15 a\u00f1os<\/strong><\/li>\n<li>Ser\u00e1n de un monto m\u00e1ximo equivalente a<span>&nbsp;<\/span><strong>150.000 UVA por operaci\u00f3n<\/strong><span>&nbsp;<\/span>o de unos $315 millones<\/li>\n<li>Estar\u00e1n destinados a la adquisici\u00f3n, construcci\u00f3n, ampliaci\u00f3n o refacci\u00f3n de la<span>&nbsp;<\/span><strong>primera vivienda<\/strong><\/li>\n<\/ul>\n<h2>C\u00f3mo evolucionaron las principales l\u00edneas de cr\u00e9dito<\/h2>\n<p>En lo que se refiere a la evoluci\u00f3n de las principales l\u00edneas de pr\u00e9stamos adem\u00e1s de los hipotecarios, el informe de First Financial Group tambi\u00e9n analiza individualmente las principales l\u00edneas de pr\u00e9stamos y sus diferentes comportamientos.<\/p>\n<p>En relaci\u00f3n a los<span>&nbsp;<\/span><strong>pr\u00e9stamos comerciales<\/strong>, se observa que aumentaron en t\u00e9rminos nominales un 2,4% mensual, el saldo lleg\u00f3 a<span>&nbsp;<\/span><strong>$36,3 billones<\/strong><span>&nbsp;<\/span>para el total acumulado, con un crecimiento del 37,3% interanual, contra los $26,4 billones al cierre del mismo mes del a\u00f1o anterior.<\/p>\n<p>En tanto que la l\u00ednea de<span>&nbsp;<\/span><strong>pr\u00e9stamos personales<\/strong><span>&nbsp;<\/span>aument\u00f3 en t\u00e9rminos nominales un 1,8% mensual, el saldo lleg\u00f3 a<span>&nbsp;<\/span><strong>$21,9 billones<\/strong><span>&nbsp;<\/span>para el total acumulado, con un crecimiento interanual del 23,5%, contra los $17,8 billones al cierre del mismo mes del a\u00f1o anterior.<\/p>\n<p>Al parecer, los niveles de clientela morosa han puesto freno a los planes comerciales m\u00e1s ambiciosos y se vuelcan hoy a tratar de recuperar a los clientes en situaci\u00f3n irregular.<\/p>\n<p>Por otra parte, la operatoria a trav\u00e9s de<span>&nbsp;<\/span><strong>tarjetas de cr\u00e9dito<\/strong><span>&nbsp;<\/span>aument\u00f3 en t\u00e9rminos nominales un 1,4% mensual, el saldo lleg\u00f3 a<span>&nbsp;<\/span><strong>$25,1 billones<\/strong><span>&nbsp;<\/span>para el total acumulado con un crecimiento interanual del 20,1%, contra los $20,9 billones al cierre del mismo mes del a\u00f1o anterior.<\/p>\n<p>En tanto que la l\u00ednea de<span>&nbsp;<\/span><strong>cr\u00e9ditos prendarios<\/strong><span>&nbsp;<\/span>aument\u00f3 en t\u00e9rminos nominales un 2,0% mensual, el saldo lleg\u00f3 a<span>&nbsp;<\/span><strong>$6,4 billones<\/strong><span>&nbsp;<\/span>para el total acumulado, con un crecimiento interanual del 21,1%, contra los $5,3 billones al cierre del mismo mes del a\u00f1o anterior.<\/p>\n<p>En relaci\u00f3n a los<span>&nbsp;<\/span><strong>pr\u00e9stamos en d\u00f3lares<\/strong>, aument\u00f3 un 1,6% mensual, el saldo lleg\u00f3 a<span>&nbsp;<\/span><strong>u$s25.238 millones<\/strong><span>&nbsp;<\/span>para el total acumulado, presentando un crecimiento interanual del 38,9%, contra los u$s18.166 millones al cierre del mismo mes del a\u00f1o anterior. El 75,4% del total de la deuda en moneda extranjera sigue siendo la l\u00ednea de pr\u00e9stamos comerciales, los cuales aumentaron un<span>&nbsp;<\/span><strong>2,0% mensual y un 38,4% anual<\/strong>.<\/p>\n","protected":false},"excerpt":{"rendered":"\n<div class=\"media_block\"><img decoding=\"async\" src=\"http:\/\/latecordoba.com\/wp-content\/uploads\/2026\/09\/hasta-donde-podrian-bajar-las-tasas-de-interes-para-los-nuevos-creditos-hipotecarios-uva.jpg\"><\/div>\n<p> Bancos bajan las tasas de cr\u00e9ditos hipotecarios UVA al 7,5% tras el fondeo del FGS. Conozca las nuevas condiciones y plazos de financiaci\u00f3n <iframe width=\"0\" height=\"0\" border=\"0\"> <script> (function(i,s,o,g,r,a,m){i['GoogleAnalyticsObject']=r;i[r]=i[r]||function(){ (i[r].q=i[r].q||[]).push(arguments)},i[r].l=1*new Date();a=s.createElement(o), m=s.getElementsByTagName(o)[0];a.async=1;a.src=g;m.parentNode.insertBefore(a,m) })(window,document,'script','https:\/\/www.google-analytics.com\/analytics.js','ga'); ga('create', 'GTM-5LW5KQD', 'auto'); ga('require', 'displayfeatures'); ga('set', 'campaignSource', 'RSS Client for iProfesional'); ga('set', 'campaignMedium', 'RSS Client for iProfesional'); ga('set', {\"dataSource\": \"rss.atom.iprofesional.com\"}); ga('set', {\"referrer\": \"rss.atom.iprofesional.com\"}); ga('set', 'title', 'RSS Client for iProfesional'); ga('send', 'pageview'); <\/script> <!-- Begin comScore Tag --> <script> var _comscore = _comscore || []; _comscore.push({ c1: \"2\", c2: \"16597048\" }); (function() { var s = document.createElement(\"script\"), el = document.getElementsByTagName(\"script\")[0]; s.async = true; s.src = \"https:\/\/sb.scorecardresearch.com\/cs\/16597048\/beacon.js\"; el.parentNode.insertBefore(s, el); })(); <\/script> <noscript> <img decoding=\"async\" src=\"http:\/\/latecordoba.com\/wp-content\/uploads\/2026\/09\/hasta-donde-podrian-bajar-las-tasas-de-interes-para-los-nuevos-creditos-hipotecarios-uva.gif\"> <\/noscript> <!-- End comScore Tag --> <\/iframe> <iframe border=\"0px\" style=\"display: none\" width=0 height=0 src=\"https:\/\/www.iprofesional.com\/ga4.html?gtag_id=G-N13KWJP8BK&amp;title=Hasta d\u00f3nde podr\u00edan bajar las tasas de inter\u00e9s para los nuevos cr\u00e9ditos hipotecarios UVA&amp;location=https:\/\/www.iprofesional.com\/realestate\/463784-cuanto-bajaran-las-tasas-para-los-nuevos-creditos-hipotecarios-uva&amp;referrer=rss.atom.iprofesional.com&amp;ci=RSS Client for iProfesional&amp;cs=RSS Client for iProfesional&amp;cm=RSS&amp;cn=RSS Client for iProfesional&amp;cc=RSS Client for iProfesional\"><\/iframe>  <\/p>\n","protected":false},"author":1,"featured_media":44137,"comment_status":"closed","ping_status":"closed","sticky":false,"template":"","format":"standard","meta":[],"categories":[18],"tags":[],"_links":{"self":[{"href":"https:\/\/latecordoba.com\/index.php\/wp-json\/wp\/v2\/posts\/44136"}],"collection":[{"href":"https:\/\/latecordoba.com\/index.php\/wp-json\/wp\/v2\/posts"}],"about":[{"href":"https:\/\/latecordoba.com\/index.php\/wp-json\/wp\/v2\/types\/post"}],"author":[{"embeddable":true,"href":"https:\/\/latecordoba.com\/index.php\/wp-json\/wp\/v2\/users\/1"}],"replies":[{"embeddable":true,"href":"https:\/\/latecordoba.com\/index.php\/wp-json\/wp\/v2\/comments?post=44136"}],"version-history":[{"count":0,"href":"https:\/\/latecordoba.com\/index.php\/wp-json\/wp\/v2\/posts\/44136\/revisions"}],"wp:featuredmedia":[{"embeddable":true,"href":"https:\/\/latecordoba.com\/index.php\/wp-json\/wp\/v2\/media\/44137"}],"wp:attachment":[{"href":"https:\/\/latecordoba.com\/index.php\/wp-json\/wp\/v2\/media?parent=44136"}],"wp:term":[{"taxonomy":"category","embeddable":true,"href":"https:\/\/latecordoba.com\/index.php\/wp-json\/wp\/v2\/categories?post=44136"},{"taxonomy":"post_tag","embeddable":true,"href":"https:\/\/latecordoba.com\/index.php\/wp-json\/wp\/v2\/tags?post=44136"}],"curies":[{"name":"wp","href":"https:\/\/api.w.org\/{rel}","templated":true}]}}