{"id":44130,"date":"2026-09-04T21:27:43","date_gmt":"2026-09-04T21:27:43","guid":{"rendered":"https:\/\/www.diariocronica.com.ar\/noticias\/2026\/09\/04\/164888-seleccion-argentina-afa-prepara-los-primeros-amistosos-post-mundial-y-crece-la-expectativa-por-scaloni"},"modified":"2026-09-04T21:27:43","modified_gmt":"2026-09-04T21:27:43","slug":"seleccion-argentina-afa-prepara-los-primeros-amistosos-post-mundial-y-crece-la-expectativa-por-scaloni","status":"publish","type":"post","link":"https:\/\/latecordoba.com\/index.php\/2026\/09\/04\/seleccion-argentina-afa-prepara-los-primeros-amistosos-post-mundial-y-crece-la-expectativa-por-scaloni\/","title":{"rendered":"Selecci\u00f3n Argentina: AFA prepara los primeros amistosos post Mundial y crece la expectativa por Scaloni"},"content":{"rendered":"\n<div class=\"media_block\"><a href=\"http:\/\/latecordoba.com\/wp-content\/uploads\/2026\/09\/seleccion-argentina-afa-prepara-los-primeros-amistosos-post-mundial-y-crece-la-expectativa-por-scaloni.webp\"><img decoding=\"async\" src=\"http:\/\/latecordoba.com\/wp-content\/uploads\/2026\/09\/seleccion-argentina-afa-prepara-los-primeros-amistosos-post-mundial-y-crece-la-expectativa-por-scaloni.webp\" class=\"media_thumbnail\"><\/a><\/div>\n<p>La Albiceleste afrontar\u00e1 una nueva etapa tras la Copa del Mundo y el retiro anunciado de Lionel Messi. La AFA anunciar\u00e1 el lunes los detalles de los pr\u00f3ximos encuentros y el futuro del entrenador vuelve a estar en el centro de la escena.<\/p>\n<div readability=\"97\">\n<p>La Selecci\u00f3n Argentina se prepara para comenzar una <strong>nueva etapa despu\u00e9s del Mundial 2026<\/strong>. La primera fecha FIFA posterior a la Copa del Mundo tendr\u00e1 como uno de sus principales atractivos el reencuentro del equipo con los hinchas, pero tambi\u00e9n estar\u00e1 marcada por dos interrogantes:<strong> el retiro anunciado de Lionel Messi<\/strong> y la continuidad de Lionel Scaloni como entrenador.<\/p>\n<p>La Asociaci\u00f3n del F\u00fatbol Argentino (AFA) inform\u00f3 este viernes que el pr\u00f3ximo lunes dar\u00e1 a conocer oficialmente los detalles de los amistosos que disputar\u00e1 el seleccionado durante la ventana internacional que se extender\u00e1 entre el 20 de septiembre y el 6 de octubre. <strong>All\u00ed se conocer\u00e1n los rivales, las fechas y las sedes de los encuentros.<\/strong><\/p>\n<h3 class=\"noticia-relacionada noEditable\" data-id=\"163949\"><ampiframe src=\"https:\/\/www.diariocronica.com.ar\/api\/noticias\/163949\/relacionadas?amp=1\" layout=\"fixed-height\" sandbox=\"allow-top-navigation allow-top-navigation-by-user-activation allow-scripts \" height=\"100px\"> <b placeholder>Lee tambi\u00e9n: El fin de una era: Lionel Messi se despide de la Selecci\u00f3n<\/b> <\/ampiframe><\/h3>\n<p>La intenci\u00f3n que se maneja es que los partidos se jueguen en <strong>territorio argentino,<\/strong> con el objetivo de que la <strong>Selecci\u00f3n pueda reencontrarse con su p\u00fablico<\/strong>. En principio, ser\u00edan tres amistosos distribuidos <strong>en diferentes ciudades del pa\u00eds.<\/strong><\/p>\n<p>Uno de los encuentros tendr\u00eda como escenario Buenos Aires y el estadio Monumental aparece como la principal alternativa. Otro partido se disputar\u00eda en Rosario, mientras que el tercer compromiso podr\u00eda jugarse en C\u00f3rdoba o Santiago del Estero. <strong>Sin embargo, las sedes y el calendario definitivo ser\u00e1n confirmados por la AFA el pr\u00f3ximo lunes.<\/strong><\/p>\n<p>Estos encuentros tambi\u00e9n marcar\u00e1n las primeras pruebas de la Selecci\u00f3n despu\u00e9s del Mundial y servir\u00e1n para comenzar a delinear una etapa en la que el equipo deber\u00e1 afrontar la <strong>ausencia de Messi.<\/strong> Adem\u00e1s,<strong> los futbolistas que arrastren sanciones disciplinarias de FIFA<\/strong> podr\u00e1n cumplir sus suspensiones durante estos amistosos. Desde la AFA, adem\u00e1s, buscar\u00edan que Messi pueda formar parte del reencuentro con el p\u00fablico.<\/p>\n<p><img decoding=\"async\" src=\"http:\/\/latecordoba.com\/wp-content\/uploads\/2026\/09\/seleccion-argentina-afa-prepara-los-primeros-amistosos-post-mundial-y-crece-la-expectativa-por-scaloni-1.webp\" alt width=\"768\" height=\"574\" loading=\"lazy\"><\/p>\n<p>En paralelo, el futuro de Scaloni aparece como uno de los principales temas de la nueva etapa. <strong>El entrenador tiene contrato con la AFA hasta diciembre de 2026<\/strong>, aunque despu\u00e9s de la final del Mundial dej\u00f3 abierta la posibilidad de no continuar al frente del seleccionado.<\/p>\n<p>\u201cTengo contrato hasta diciembre y despu\u00e9s seguramente corte, contrario a lo que pensabas. Lo tengo que hablar con el presidente todav\u00eda. Este lugar es so\u00f1ado, pero demanda mucho tiempo, hay que hacer muchas cosas. Veremos, hasta diciembre estar\u00e9\u201d, hab\u00eda expresado Scaloni luego de la final.<\/p>\n<h3 class=\"noticia-relacionada noEditable\" data-id=\"164105\"><ampiframe src=\"https:\/\/www.diariocronica.com.ar\/api\/noticias\/164105\/relacionadas?amp=1\" layout=\"fixed-height\" sandbox=\"allow-top-navigation allow-top-navigation-by-user-activation allow-scripts \" height=\"100px\"> <b placeholder>Lee tambi\u00e9n: \u201cGracias eternas, capit\u00e1n\u201d: as\u00ed reaccionaron los jugadores de la Selecci\u00f3n al retiro de Messi<\/b> <\/ampiframe><\/h3>\n<p>Las declaraciones generaron incertidumbre en torno a la continuidad del entrenador, que asumi\u00f3 el cargo despu\u00e9s del Mundial de Rusia 2018 y condujo al seleccionado a una etapa marcada por t\u00edtulos internacionales. <strong>Por el momento, su v\u00ednculo con la AFA contin\u00faa vigente hasta diciembre.<\/strong><\/p>\n<p>Desde la dirigencia, en cambio, la postura es sostener al entrenador. Claudio \u201cChiqui\u201d Tapia fue contundente al referirse al futuro de Scaloni en una entrevista con <em>TyC Sports:<\/em> \u201cNo manejo un Plan B. <strong>Mi Plan A, mi Plan B y mi Plan C es Scaloni\u201d.<\/strong><\/p>\n<p>Mientras la AFA prepara el anuncio de los <strong>primeros amistosos<\/strong> posteriores al Mundial, la Selecci\u00f3n Argentina tendr\u00e1 por delante una <strong>etapa de transici\u00f3n,<\/strong> con la ausencia de Messi como uno de los principales cambios y la continuidad de Scaloni como la gran inc\u00f3gnita.<\/p>\n<\/p><\/div>\n","protected":false},"excerpt":{"rendered":"\n<div class=\"media_block\"><a href=\"http:\/\/latecordoba.com\/wp-content\/uploads\/2026\/09\/seleccion-argentina-afa-prepara-los-primeros-amistosos-post-mundial-y-crece-la-expectativa-por-scaloni.webp\"><img decoding=\"async\" src=\"http:\/\/latecordoba.com\/wp-content\/uploads\/2026\/09\/seleccion-argentina-afa-prepara-los-primeros-amistosos-post-mundial-y-crece-la-expectativa-por-scaloni.webp\" class=\"media_thumbnail\"><\/a><\/div>\n<p>La Albiceleste afrontar\u00e1 una nueva etapa tras la Copa del Mundo y el retiro anunciado de Lionel Messi. La AFA anunciar\u00e1 el lunes los detalles de los pr\u00f3ximos encuentros y el futuro del entrenador vuelve a estar en el centro de la escena.  <\/p>\n","protected":false},"author":1,"featured_media":44131,"comment_status":"closed","ping_status":"closed","sticky":false,"template":"","format":"standard","meta":[],"categories":[17],"tags":[],"_links":{"self":[{"href":"https:\/\/latecordoba.com\/index.php\/wp-json\/wp\/v2\/posts\/44130"}],"collection":[{"href":"https:\/\/latecordoba.com\/index.php\/wp-json\/wp\/v2\/posts"}],"about":[{"href":"https:\/\/latecordoba.com\/index.php\/wp-json\/wp\/v2\/types\/post"}],"author":[{"embeddable":true,"href":"https:\/\/latecordoba.com\/index.php\/wp-json\/wp\/v2\/users\/1"}],"replies":[{"embeddable":true,"href":"https:\/\/latecordoba.com\/index.php\/wp-json\/wp\/v2\/comments?post=44130"}],"version-history":[{"count":0,"href":"https:\/\/latecordoba.com\/index.php\/wp-json\/wp\/v2\/posts\/44130\/revisions"}],"wp:featuredmedia":[{"embeddable":true,"href":"https:\/\/latecordoba.com\/index.php\/wp-json\/wp\/v2\/media\/44131"}],"wp:attachment":[{"href":"https:\/\/latecordoba.com\/index.php\/wp-json\/wp\/v2\/media?parent=44130"}],"wp:term":[{"taxonomy":"category","embeddable":true,"href":"https:\/\/latecordoba.com\/index.php\/wp-json\/wp\/v2\/categories?post=44130"},{"taxonomy":"post_tag","embeddable":true,"href":"https:\/\/latecordoba.com\/index.php\/wp-json\/wp\/v2\/tags?post=44130"}],"curies":[{"name":"wp","href":"https:\/\/api.w.org\/{rel}","templated":true}]}}