{"id":44128,"date":"2026-09-03T23:52:00","date_gmt":"2026-09-03T23:52:00","guid":{"rendered":"https:\/\/www.iprofesional.com\/negocios\/463736-gobierno-javier-milei-compensara-inversiones-de-empresas-internet-telefono-y-cable"},"modified":"2026-09-03T23:52:00","modified_gmt":"2026-09-03T23:52:00","slug":"el-gobierno-compensara-inversiones-de-empresas-de-internet-telefono-y-cable","status":"publish","type":"post","link":"https:\/\/latecordoba.com\/index.php\/2026\/09\/03\/el-gobierno-compensara-inversiones-de-empresas-de-internet-telefono-y-cable\/","title":{"rendered":"El Gobierno compensar\u00e1 inversiones de empresas de internet, tel\u00e9fono y cable"},"content":{"rendered":"\n<div class=\"media_block\"><img decoding=\"async\" src=\"http:\/\/latecordoba.com\/wp-content\/uploads\/2026\/09\/el-gobierno-compensara-inversiones-de-empresas-de-internet-telefono-y-cable.jpg\"><\/div>\n<div><img decoding=\"async\" src=\"http:\/\/latecordoba.com\/wp-content\/uploads\/2026\/09\/el-gobierno-compensara-inversiones-de-empresas-de-internet-telefono-y-cable.webp\" class=\"ff-og-image-inserted\"><\/div>\n<p><span>El Gobierno compensar\u00e1 <strong>parte de las inversiones que realicen las empresas de telefon\u00eda, internet y televisi\u00f3n<\/strong> paga para modernizar o ampliar sus redes, mediante un nuevo programa que estar\u00e1 administrado por el <a href=\"https:\/\/www.iprofesional.com\/negocios\/451204-bombazo-telco-las-duras-condiciones-que-ponen-telecom-para-aprobar-compra-de-telefonica\" target=\"_blank\" rel=\"noopener noreferrer\">Ente Nacional de Comunicaciones (ENACOM).<\/a><\/span><\/p>\n<p>El plan contempla que las compa\u00f1\u00edas puedan computar contra su aporte obligatorio al Fondo de Servicio Universal (FSU) <strong>hasta el 50% de los montos invertidos en equipamiento o infraestructura, siempre que los proyectos sean aceptados por el organismo regulador.<\/strong><\/p>\n<p><strong>La medida fue anunciada este jueves 3 de septiembre por el interventor del ENACOM, Juan Mart\u00edn Ozores, durante el conversatorio que encabez\u00f3 en el encuentro &#8220;Di\u00e1logo que impulsa el Futuro Digital&#8221;, organizado por la Mesa TIC Argentina en la ciudad de C\u00f3rdoba.<\/strong><\/p>\n<p>Seg\u00fan inform\u00f3 el funcionario durante su exposici\u00f3n, las inversiones deber\u00e1n concretarse dentro de un plazo m\u00e1ximo de 24 meses y el programa tendr\u00e1 una vigencia de <strong>36 meses o hasta que se agote el presupuesto que se le asigne y estar\u00e1 disponible para todos los licenciatarios de servicios TIC.<\/strong><\/p>\n<p>El beneficio todav\u00eda no se encuentra operativo ya que el ENACOM todav\u00eda debe publicar la resoluci\u00f3n que defina el presupuesto, las condiciones de acceso, las inversiones admitidas y los procedimientos de aprobaci\u00f3n y control.<\/p>\n<p>En ese marco, el funcionario sostuvo que la regulaci\u00f3n debe adaptarse a la velocidad con la que evolucionan la tecnolog\u00eda y el mercado, adem\u00e1s de reconocer el peso de los impuestos sobre la actividad.<\/p>\n<p>Seg\u00fan la estimaci\u00f3n que present\u00f3, la carga tributaria total se encuentra alrededor del 41% y la present\u00f3 &#8220;como un impedimento para mayores inversiones y lo sabemos&#8221;.<\/p>\n<p>El titular del ENACOM asegur\u00f3 que el organismo avanz\u00f3 sobre los grav\u00e1menes correspondientes a la jurisdicci\u00f3n nacional y que traslad\u00f3 el planteo a provincias y municipios.<\/p>\n<p>Tambi\u00e9n sostuvo que las jurisdicciones que aplican mayores cargas reciben menores inversiones y servicios de peor calidad, aunque no present\u00f3 durante su exposici\u00f3n datos desagregados por distrito.<\/p>\n<p>Ozores abord\u00f3 adem\u00e1s la expansi\u00f3n de la conectividad satelital al afirmar que los servicios de \u00f3rbita baja produjeron una universalizaci\u00f3n de la cobertura, pero no de la asequibilidad, es decir, de la posibilidad econ\u00f3mica de los usuarios de acceder a esos servicios.<\/p>\n<p>En ese marco, anunci\u00f3 el programa que permitir\u00e1 computar inversiones contra los aportes obligatorios.<\/p>\n<p><span>&#8220;Somos receptivos a la revisi\u00f3n de uso y carga del FSU, por eso anunciamos este nuevo programa que permite<strong> imputar el aporte a compra de equipamiento para modernizaci\u00f3n o despliegue, hasta un 50% de los montos invertidos en un plazo m\u00e1ximo de 24 meses<\/strong>, para todos los licenciatarios&#8221;<\/span>, explic\u00f3.<\/p>\n<p>Durante su exposici\u00f3n, Ozores tambi\u00e9n cuestion\u00f3 la manera en que se utilizaron anteriormente los recursos aportados por las empresas privadas y asegur\u00f3 que su gesti\u00f3n pretende &#8220;dar por tierra con usos discrecionales del FSU que han distorsionado el sector con dumping a favor de empresas estatales provinciales&#8221;.<\/p>\n<h2>A qui\u00e9nes beneficiar\u00e1 la nueva medida<\/h2>\n<p>La norma que anunci\u00f3 el funcionario alcanzar\u00e1 a <a href=\"https:\/\/www.argentina.gob.ar\/normativa\/nacional\/ley-27078-239771\/actualizacion\" target=\"_blank\" rel=\"external noopener noreferrer\">las empresas alcanzadas por la obligaci\u00f3n legal de financiar el Servicio Universal<\/a> que deben destinar a ese objetivo el 1% de los ingresos obtenidos por la prestaci\u00f3n de servicios TIC, netos de impuestos y tasas.<\/p>\n<p>Los recursos deben utilizarse para garantizar el acceso a las comunicaciones en zonas rurales, localidades alejadas o sectores donde el despliegue de infraestructura no resulta comercialmente rentable.<\/p>\n<p>Cabe aclarar que el programa anunciado no eliminar\u00e1 esa obligaci\u00f3n ni reducir\u00e1 la al\u00edcuota sino que permitir\u00e1 que las operadoras apliquen una parte de las inversiones realizadas contra el monto que deben ingresar y una vez que el propio organismo compruebe la inversi\u00f3n y apruebe la rendici\u00f3n de cuentas.<\/p>\n<p>La medida no es nueva ya que la posibilidad de utilizar esos cr\u00e9ditos hab\u00eda sido incorporada por <a href=\"https:\/\/www.argentina.gob.ar\/normativa\/nacional\/norma-417799\/texto\" target=\"_blank\" rel=\"external noopener noreferrer\">el nuevo Reglamento General del Servicio Universal<\/a>, aprobado en septiembre de 2025.<\/p>\n<p>La normativa cre\u00f3 el Certificado de Cr\u00e9dito de Aporte al Servicio Universal, que reconoce un saldo a favor del operador una vez aprobada la rendici\u00f3n correspondiente.<\/p>\n<p>El certificado puede aplicarse total o parcialmente contra la obligaci\u00f3n mensual cuando el programa contemple esa alternativa.<\/p>\n<p>El reglamento admite inversiones en servidores, routers, m\u00f3dems, equipos de conmutaci\u00f3n, radioenlaces y programas inform\u00e1ticos destinados a actualizar las plataformas de servicios.<\/p>\n<p>Tambi\u00e9n incluye cables, postes, antenas, torres, sistemas de energ\u00eda, gabinetes y otros componentes necesarios para poner en funcionamiento o ampliar las redes.<\/p>\n<p>Por lo tanto, <strong>no cualquier gasto comercial podr\u00e1 convertirse en cr\u00e9dito<\/strong> y los proyectos deber\u00e1n responder a los objetivos del Servicio Universal, obtener una autorizaci\u00f3n previa y superar los controles t\u00e9cnicos, administrativos y contables.<\/p>\n<h2>Un fondo que fue reorganizado<\/h2>\n<p>El nuevo programa se inscribe en la modificaci\u00f3n del sistema iniciada con <a href=\"https:\/\/www.argentina.gob.ar\/normativa\/nacional\/norma-408166\" target=\"_blank\" rel=\"nofollow noopener noreferrer\">la disoluci\u00f3n del Fondo Fiduciario del Servicio Universal, <\/a>dispuesta por el Poder Ejecutivo en enero de 2025.<\/p>\n<p>La medida elimin\u00f3 el fideicomiso utilizado para administrar el dinero, pero mantuvo vigente la pol\u00edtica p\u00fablica destinada a garantizar el acceso a los servicios TIC.<\/p>\n<p>Pocos d\u00edas despu\u00e9s de ese cambio, la Resoluci\u00f3n 3\/2025 del ENACOM ratific\u00f3 que los licenciatarios deb\u00edan continuar efectuando los aportes mediante los mismos procedimientos utilizados hasta entonces.<\/p>\n<p>Como parte del mismo plan y durante el a\u00f1o pasado, el ENACOM cre\u00f3 <a href=\"https:\/\/www.argentina.gob.ar\/normativa\/nacional\/norma-414935\" target=\"_blank\" rel=\"nofollow noopener noreferrer\">el programa de financiamiento para proveedores de servicios TIC <\/a>y le asign\u00f3 $40.000 millones provenientes del Fondo de Servicio Universal.<\/p>\n<p>El ente regulador tambi\u00e9n aprob\u00f3 el programa de Red Mayorista Neutral, al que destin\u00f3 otros $60.000 millones para desarrollar infraestructura compartida y facilitar el acceso de distintos prestadores.<\/p>\n<p>M\u00e1s tarde puso en marcha la l\u00ednea de cr\u00e9ditos a tasa subsidiada para prestadores TIC, dotada inicialmente con $10.000 millones.<\/p>\n<p>Esos pr\u00e9stamos son otorgados por entidades financieras autorizadas por el Banco Central, mientras que el ENACOM utiliza recursos del fondo para subsidiar parcialmente la tasa.<\/p>\n<p>En el caso del programa presentado en C\u00f3rdoba ser\u00e1 diferente ya que las empresas podr\u00e1n ejecutar directamente una inversi\u00f3n y, despu\u00e9s de rendirla, solicitar que una parte sea reconocida contra su aporte obligatorio.<\/p>\n<h2>La rebaja que qued\u00f3 pendiente<\/h2>\n<p>La compensaci\u00f3n atiende uno de los pedidos formulados por la Mesa TIC, pero no incluye la reducci\u00f3n de la al\u00edcuota reclamada por las empresas.<\/p>\n<p>La organizaci\u00f3n empresarial solicit\u00f3 <strong>bajar del 1% al 0,5% el aporte al Fondo de Servicio Universal <\/strong>para adecuar la recaudaci\u00f3n a las necesidades efectivas de los programas.<\/p>\n<p>Tambi\u00e9n propuso implementar un mecanismo general de &#8220;pay or play&#8221; que permita computar las inversiones realizadas directamente por los operadores cuando est\u00e9n destinadas a cumplir objetivos del Servicio Universal.<\/p>\n<p>La entidad mencion\u00f3 entre los destinos posibles la conectividad de escuelas, centros de salud y otros establecimientos considerados prioritarios y, seg\u00fan su planteo, el cambio permitir\u00eda pasar de un sistema basado principalmente en la recaudaci\u00f3n hacia otro orientado a resultados concretos, sin reducir los objetivos ni el alcance de la pol\u00edtica de conectividad.<\/p>\n<h2>Una jornada atravesada por la inversi\u00f3n<\/h2>\n<p>Antes de la exposici\u00f3n de Ozores, diferentes representantes del sector analizaron la situaci\u00f3n econ\u00f3mica, tributaria y regulatoria de la industria como el caso de <strong>Lucas Pusetto,<\/strong> profesor de Econom\u00eda del IAE Business School, quien destac\u00f3 durante su intervenci\u00f3n <strong>la importancia de la estabilidad econ\u00f3mica para promover y sostener las inversiones.<\/strong><\/p>\n<p>Por otro lado, <strong>Facundo Fern\u00e1ndez<\/strong>, presidente de Atl\u00e1ntica Video Cable, concentr\u00f3 su exposici\u00f3n en la presi\u00f3n tributaria y la se\u00f1al\u00f3 como uno de los principales factores que desalientan el aumento de las inversiones en el sector, mientras que <strong>Marcos Orteu<\/strong>, director de Dynamics, se refiri\u00f3 al peso de la actividad y sostuvo que las empresas de conectividad funcionan como habilitadoras del ecosistema digital.<\/p>\n<p>Seg\u00fan sus datos, <strong>un incremento del 10% en la adopci\u00f3n de banda ancha m\u00f3vil genera, en promedio, un crecimiento del 1,70% del PBI per c\u00e1pita<\/strong>, mientras que un aumento equivalente de la banda ancha fija representa una mejora del 1,47%.<\/p>\n<p>El ejecutivo tambi\u00e9n afirm\u00f3 que una expansi\u00f3n del 10% en el \u00edndice de digitalizaci\u00f3n puede traducirse en <strong>un crecimiento del 2,44% de la tasa de empleo y del 5,75% de la productividad multifactorial.<\/strong><\/p>\n<p>Orteu agreg\u00f3 que la penetraci\u00f3n de banda ancha fija alcanza el 86% en la Argentina, frente al 77% de Brasil y el 75% de M\u00e9xico y afirm\u00f3 adem\u00e1s que el sector genera m\u00e1s de 400.000 puestos de trabajo, representa cerca del 5% del PBI y re\u00fane a m\u00e1s de 1.200 operadores.<\/p>\n<h2>Transparencia y reglas parejas<\/h2>\n<p>Durante otro tramo de la jornada, <strong>Juan Mocoroa,<\/strong> especialista en regulaci\u00f3n del Estudio MAG, plante\u00f3 la necesidad de revisar el porcentaje del aporte al Fondo de Servicio Universal y reclam\u00f3 mayor informaci\u00f3n sobre el volumen y el destino del dinero.<\/p>\n<p>&#8220;Ser\u00eda bueno contar con una transparencia constante del monto acumulado, la forma de uso e inversi\u00f3n. Es decir, informaci\u00f3n constante de la evoluci\u00f3n del mismo&#8221;, sostuvo.<\/p>\n<p>El especialista tambi\u00e9n propuso dar mayor organicidad a los aportes realizados por las empresas sobre las iniciativas regulatorias, por ejemplo mediante la utilizaci\u00f3n de documentos de consulta.<\/p>\n<p>Tambi\u00e9n sostuvo que las empresas satelitales no producen dentro del pa\u00eds el mismo impacto en materia de empleo e inversiones y consider\u00f3 necesario revisar esa diferencia de tratamiento.<\/p>\n<p>El cierre de la jornada estuvo reservado para Antonio Roncoroni, presidente de FECOSUR, quien record\u00f3 que la Mesa TIC Argentina naci\u00f3 en 2021 por iniciativa de Telecom, Telef\u00f3nica, DirecTV, FECOSUR, la C\u00e1mara Argentina de Internet (CABASE) y la C\u00e1mara Argentina de Cableoperadores Pyme (CACPY).<\/p>\n<p>Posteriormente se incorporaron ATVC, CAPPI, CATEL, CATIP, CICOMRA, Infraestructura Digital Argentina y Red Intercable.<\/p>\n<p>Este c\u00famulo de entidades que integran la Mesa TIC re\u00fanen a m\u00e1s de 1.200 operadores, generan alrededor de 80.000 empleos directos y 400.000 puestos indirectos y representan el 4,85% del producto bruto interno.<\/p>\n<p>Tras esta introducci\u00f3n, Roncoroni respald\u00f3 el anuncio de Ozores y destac\u00f3 la receptividad del interventor y de su equipo frente a las propuestas realizadas por las c\u00e1maras empresarias.<\/p>\n","protected":false},"excerpt":{"rendered":"\n<div class=\"media_block\"><img decoding=\"async\" src=\"http:\/\/latecordoba.com\/wp-content\/uploads\/2026\/09\/el-gobierno-compensara-inversiones-de-empresas-de-internet-telefono-y-cable.jpg\"><\/div>\n<p> Las operadoras podr\u00e1n computar contra su aporte al Fondo de Servicio Universal hasta el 50% de lo invertido para modernizar o desplegar redes <iframe width=\"0\" height=\"0\" border=\"0\"> <script> (function(i,s,o,g,r,a,m){i['GoogleAnalyticsObject']=r;i[r]=i[r]||function(){ (i[r].q=i[r].q||[]).push(arguments)},i[r].l=1*new Date();a=s.createElement(o), m=s.getElementsByTagName(o)[0];a.async=1;a.src=g;m.parentNode.insertBefore(a,m) })(window,document,'script','https:\/\/www.google-analytics.com\/analytics.js','ga'); ga('create', 'GTM-5LW5KQD', 'auto'); ga('require', 'displayfeatures'); ga('set', 'campaignSource', 'RSS Client for iProfesional'); ga('set', 'campaignMedium', 'RSS Client for iProfesional'); ga('set', {\"dataSource\": \"rss.atom.iprofesional.com\"}); ga('set', {\"referrer\": \"rss.atom.iprofesional.com\"}); ga('set', 'title', 'RSS Client for iProfesional'); ga('send', 'pageview'); <\/script> <!-- Begin comScore Tag --> <script> var _comscore = _comscore || []; _comscore.push({ c1: \"2\", c2: \"16597048\" }); (function() { var s = document.createElement(\"script\"), el = document.getElementsByTagName(\"script\")[0]; s.async = true; s.src = \"https:\/\/sb.scorecardresearch.com\/cs\/16597048\/beacon.js\"; el.parentNode.insertBefore(s, el); })(); <\/script> <noscript> <img decoding=\"async\" src=\"http:\/\/latecordoba.com\/wp-content\/uploads\/2026\/09\/el-gobierno-compensara-inversiones-de-empresas-de-internet-telefono-y-cable.gif\"> <\/noscript> <!-- End comScore Tag --> <\/iframe> <iframe border=\"0px\" style=\"display: none\" width=0 height=0 src=\"https:\/\/www.iprofesional.com\/ga4.html?gtag_id=G-N13KWJP8BK&amp;title=El Gobierno compensar\u00e1 inversiones de empresas de internet, tel\u00e9fono y cable&amp;location=https:\/\/www.iprofesional.com\/negocios\/463736-gobierno-javier-milei-compensara-inversiones-de-empresas-internet-telefono-y-cable&amp;referrer=rss.atom.iprofesional.com&amp;ci=RSS Client for iProfesional&amp;cs=RSS Client for iProfesional&amp;cm=RSS&amp;cn=RSS Client for iProfesional&amp;cc=RSS Client for iProfesional\"><\/iframe>  <\/p>\n","protected":false},"author":1,"featured_media":44129,"comment_status":"open","ping_status":"closed","sticky":false,"template":"","format":"standard","meta":[],"categories":[13],"tags":[],"_links":{"self":[{"href":"https:\/\/latecordoba.com\/index.php\/wp-json\/wp\/v2\/posts\/44128"}],"collection":[{"href":"https:\/\/latecordoba.com\/index.php\/wp-json\/wp\/v2\/posts"}],"about":[{"href":"https:\/\/latecordoba.com\/index.php\/wp-json\/wp\/v2\/types\/post"}],"author":[{"embeddable":true,"href":"https:\/\/latecordoba.com\/index.php\/wp-json\/wp\/v2\/users\/1"}],"replies":[{"embeddable":true,"href":"https:\/\/latecordoba.com\/index.php\/wp-json\/wp\/v2\/comments?post=44128"}],"version-history":[{"count":0,"href":"https:\/\/latecordoba.com\/index.php\/wp-json\/wp\/v2\/posts\/44128\/revisions"}],"wp:featuredmedia":[{"embeddable":true,"href":"https:\/\/latecordoba.com\/index.php\/wp-json\/wp\/v2\/media\/44129"}],"wp:attachment":[{"href":"https:\/\/latecordoba.com\/index.php\/wp-json\/wp\/v2\/media?parent=44128"}],"wp:term":[{"taxonomy":"category","embeddable":true,"href":"https:\/\/latecordoba.com\/index.php\/wp-json\/wp\/v2\/categories?post=44128"},{"taxonomy":"post_tag","embeddable":true,"href":"https:\/\/latecordoba.com\/index.php\/wp-json\/wp\/v2\/tags?post=44128"}],"curies":[{"name":"wp","href":"https:\/\/api.w.org\/{rel}","templated":true}]}}