{"id":44120,"date":"2026-09-04T01:03:46","date_gmt":"2026-09-04T01:03:46","guid":{"rendered":"http:\/\/644c6dc9d5efe99452e7f057cfac7ef3"},"modified":"2026-09-04T01:03:46","modified_gmt":"2026-09-04T01:03:46","slug":"en-las-ffaa-sospechan-que-el-anuncio-de-milei-es-la-antesala-para-dejar-una-base-naval-en-manos-de-trump","status":"publish","type":"post","link":"https:\/\/latecordoba.com\/index.php\/2026\/09\/04\/en-las-ffaa-sospechan-que-el-anuncio-de-milei-es-la-antesala-para-dejar-una-base-naval-en-manos-de-trump\/","title":{"rendered":"En las FFAA sospechan que el anuncio de Milei es la antesala para dejar una base naval en manos de Trump"},"content":{"rendered":"\n<div class=\"media_block\"><img decoding=\"async\" src=\"http:\/\/latecordoba.com\/wp-content\/uploads\/2026\/09\/en-las-ffaa-sospechan-que-el-anuncio-de-milei-es-la-antesala-para-dejar-una-base-naval-en-manos-de-trump.jpg\"><\/div>\n<p>En el marco de la cadena nacional anunciada para hablar de las Islas Malvinas, Javier Milei anunci\u00f3 la firma de un DNU para dotar de mayores recursos al Ministerio de Defensa para construir una base militar en Tierra del Fuego.&nbsp;<\/p>\n<p>El anuncio se produce en medio de una profunda crisis en donde las Fuerzas Armadas no cuentan con salarios, equipamiento y presupuesto para cumplir con la misi\u00f3n que el Presidente le est\u00e1 encomendando. Adem\u00e1s, cabe recordar que Milei elimin\u00f3 la obra p\u00fablica y compr\u00f3 unos aviones que, por una restricci\u00f3n de Inglaterra que \u00e9l mismo acept\u00f3, no tienen radar ni alcance para operar en el Atl\u00e1ntico Sur.<\/p>\n<p>LPO habl\u00f3 con el presidente de la Liga Naval, el marino Fernando Morales quien plante\u00f3 que &#8220;si se analiza fuera del contexto que el que lo dice es Javier Milei, el discurso es correcto porque habla de usurpaci\u00f3n, remarca la importancia de la Ant\u00e1rtida y de la necesidad de una base naval fuerte en el sur, que no se pueden explotar recursos mientras dure el conflicto como plantea la ONU y que tenemos para penalizar administrativa y penalmente a los empresarios que lo hagan es cierto&#8221;.&nbsp;<\/p>\n<p>Sin embargo, Morales plante\u00f3 que &#8220;o el se\u00f1or Milei cambi\u00f3 180 grados su pensamiento hist\u00f3rico o le cambiaron libreto. Ayer nom\u00e1s, Federico Sturzenegger, segu\u00eda sosteniendo que las Fuerzas Armadas est\u00e1n sobredimensionadas, que tiene muchos hombres para los recursos que tienen, es decir, al sentido inverso: no faltan recursos, sobran&#8221;.&nbsp;<\/p>\n<p><a href=\"https:\/\/www.lapoliticaonline.com\/tools\/redirect.php?t=3&amp;i=355683&amp;s=b743f1aa8fc58d3683e6e118b4e1a46a\" class=\"link-type-content content-type-noticia-ar\">Milei llam\u00f3 a la unidad nacional por la causa Malvinas: &#8220;Las islas son nuestras y nos las arrebataron&#8221;<\/a><\/p>\n<p>&#8220;El razonamiento es: \u00bfPara que queremos 21 aviadores si tenemos 10 aviones o para que queremos 24 mil marinos si hay cuatro barcos? Esto no solamente lo dice el ministro sino que lo sostiene todos los afiles medi\u00e1ticos&#8221;, agreg\u00f3.&nbsp;<\/p>\n<p>Por otro lado, Morales asegura que &#8220;dif\u00edcilmente se pueda hablar de reequipamiento militar cuando lo primero que no est\u00e1s reequipando es el salario y la salud. Ning\u00fan militar va a ir una guerra si no tiene garantizado que no tiene donde atenderse si le cortan un dedo o cobra un 1.300.000 pesos como gana un piloto de F-16&#8221;.&nbsp;<\/p>\n<p class=\"authorquote\" title=\"Fernando Morales, presidente de la Liga Naval.\">Dif\u00edcilmente se pueda hablar de reequipamiento militar cuando lo primero que no est\u00e1s reequipando es el salario y la salud. Ning\u00fan militar va a ir una guerra si no tiene garantizado que no tiene donde atenderse si le cortan un dedo o cobra un 1.300.000 pesos como gana un piloto de F-16<\/p>\n<p>Otro militar en actividad consultado por LPO dijo que &#8220;el reequipamiento que necesitan las Fuerzas Armadas est\u00e1n totalmente fuera del alcance presupuestario. El gasto en Defensa es el 0,6 del PBI y deber\u00eda pasar, por lo menos, al 2 por ciento para que sea un reequipamiento medianamente r\u00e1pido&#8221;. &#8220;Este gobierno quit\u00f3 el Fondef, que garantizaba una suma importante de dinero para reequipamiento y lo sacaron&#8221;.&nbsp;<\/p>\n<figure class=\"vsmimage\" contenteditable=\"false\"><img decoding=\"async\" loading=\"lazy\" alt=\"En las FFAA sospechan que el anuncio de Milei es la antesala para dejar una base naval en manos de Trump\" data-vsmid=\"288043\" data-owidth=\"4096\" data-oheight=\"2730\" src=\"data:image\/png;base64,iVBORw0KGgoAAAANSUhEUgAAAx4AAAIOAQMAAAAMVUlSAAAAA1BMVEUAAACnej3aAAAAAXRSTlMAQObYZgAAAElJREFUeJztwQEBAAAAgiD\/r25IQAEAAAAAAAAAAAAAAAAAAAAAAAAAAAAAAAAAAAAAAAAAAAAAAAAAAAAAAAAAAAAAAAAAAPBjz4YAAXoxaWgAAAAASUVORK5CYII=\" vsmidos=\"1\" vsmsrc=\"\/files\/image\/288\/288043\/6a0c7a8989451_798_526!.jpg?s=cfa7f0c4df4811ea0f5f84d4b6014a42&amp;d=1788486464\" width=\"798\" height=\"526\"><\/figure>\n<p>&#8220;Podaron 40 mil millones de pesos en horas de entrenamiento. Esto es menos vuelos, menos navegaci\u00f3n, menos inmersi\u00f3n para los buzos, tienen congelado los proyectos de submarinos y le ordenaron al jefe de la Armada cerrar la base de Punta Indio con el pretexto de una renovaci\u00f3n de la doctrina aeronaval cuando no prevista ninguna compra de caza sino que solo de aviones de reconocimiento pesquero&#8221;, continu\u00f3.&nbsp;<\/p>\n<p><a href=\"https:\/\/www.lapoliticaonline.com\/tools\/redirect.php?t=3&amp;i=355411&amp;s=54edb37733c07480ba93e036f372a4de\" class=\"link-type-content content-type-noticia-ar\">&#8220;La declaraci\u00f3n de Trump sobre Malvinas es una presi\u00f3n al Reino Unido, no un gesto a Milei&#8221;<\/a><\/p>\n<p>Por \u00faltimo, un militar retirado remarc\u00f3 que &#8220;tenemos en venta media base naval y ahora estas vendiendo los terreno de la base naval. Entre el discurso y la realidad y el futuro cercano hay una disociaci\u00f3n muy grande&#8221;.&nbsp;<\/p>\n<p>&#8220;Lo que se sospecha es que es la antesala para anunciar una fuerte presencia militar en Estados Unidos para defender el Atlantico Sur y hacerse cargo de una base militar en Ushuaia para que sea como las bases estadounidenses, como la que tienen en Cadiz, en donde los norteamericanos se hacen cargo del mantenimiento, operan la base y los espa\u00f1oles manejan un pedacito&#8221;, concluy\u00f3.<\/p>\n","protected":false},"excerpt":{"rendered":"\n<div class=\"media_block\"><img decoding=\"async\" src=\"http:\/\/latecordoba.com\/wp-content\/uploads\/2026\/09\/en-las-ffaa-sospechan-que-el-anuncio-de-milei-es-la-antesala-para-dejar-una-base-naval-en-manos-de-trump.jpg\"><\/div>\n<p>Los militares destacaron la defensa de la soberan\u00eda de Milei pero afirman que el presupuesto es insuficiente. &#8220;Nadie arriesga por 1.300.000 pesos como cobra un piloto de F-16&#8221;, afirman.  <\/p>\n","protected":false},"author":1,"featured_media":44121,"comment_status":"closed","ping_status":"closed","sticky":false,"template":"","format":"standard","meta":[],"categories":[18],"tags":[],"_links":{"self":[{"href":"https:\/\/latecordoba.com\/index.php\/wp-json\/wp\/v2\/posts\/44120"}],"collection":[{"href":"https:\/\/latecordoba.com\/index.php\/wp-json\/wp\/v2\/posts"}],"about":[{"href":"https:\/\/latecordoba.com\/index.php\/wp-json\/wp\/v2\/types\/post"}],"author":[{"embeddable":true,"href":"https:\/\/latecordoba.com\/index.php\/wp-json\/wp\/v2\/users\/1"}],"replies":[{"embeddable":true,"href":"https:\/\/latecordoba.com\/index.php\/wp-json\/wp\/v2\/comments?post=44120"}],"version-history":[{"count":0,"href":"https:\/\/latecordoba.com\/index.php\/wp-json\/wp\/v2\/posts\/44120\/revisions"}],"wp:featuredmedia":[{"embeddable":true,"href":"https:\/\/latecordoba.com\/index.php\/wp-json\/wp\/v2\/media\/44121"}],"wp:attachment":[{"href":"https:\/\/latecordoba.com\/index.php\/wp-json\/wp\/v2\/media?parent=44120"}],"wp:term":[{"taxonomy":"category","embeddable":true,"href":"https:\/\/latecordoba.com\/index.php\/wp-json\/wp\/v2\/categories?post=44120"},{"taxonomy":"post_tag","embeddable":true,"href":"https:\/\/latecordoba.com\/index.php\/wp-json\/wp\/v2\/tags?post=44120"}],"curies":[{"name":"wp","href":"https:\/\/api.w.org\/{rel}","templated":true}]}}