{"id":44118,"date":"2026-09-03T21:00:30","date_gmt":"2026-09-03T21:00:30","guid":{"rendered":"https:\/\/www.diariocronica.com.ar\/noticias\/2026\/09\/03\/164642-el-clasico-tiene-arbitro-de-caleta-olivia"},"modified":"2026-09-03T21:00:30","modified_gmt":"2026-09-03T21:00:30","slug":"el-clasico-tiene-arbitro-de-caleta-olivia","status":"publish","type":"post","link":"https:\/\/latecordoba.com\/index.php\/2026\/09\/03\/el-clasico-tiene-arbitro-de-caleta-olivia\/","title":{"rendered":"El cl\u00e1sico tiene \u00e1rbitro de Caleta Olivia"},"content":{"rendered":"\n<div class=\"media_block\"><a href=\"http:\/\/latecordoba.com\/wp-content\/uploads\/2026\/09\/el-clasico-tiene-arbitro-de-caleta-olivia.webp\"><img decoding=\"async\" src=\"http:\/\/latecordoba.com\/wp-content\/uploads\/2026\/09\/el-clasico-tiene-arbitro-de-caleta-olivia.webp\" class=\"media_thumbnail\"><\/a><\/div>\n<div><img decoding=\"async\" src=\"http:\/\/latecordoba.com\/wp-content\/uploads\/2026\/09\/el-clasico-tiene-arbitro-de-caleta-olivia-1.webp\" class=\"ff-og-image-inserted\"><\/div>\n<p>El otro juego de la Zona 5, entre C.A.I. y Rada Tilly, tambi\u00e9n tendr\u00e1 terna de la Liga Norte de Santa Cruz.<\/p>\n<div readability=\"61\">\n<p>Ya quedaron establecidos los \u00e1rbitros para los partidos de este fin de semana correspondientes al Torneo Regional. El s\u00e1bado jugar\u00e1n C.A.I.-Rada Tilly y el domingo ser\u00e1 momento para el cl\u00e1sico entre Newbery y Hurac\u00e1n. Ambas ternas ser\u00e1n de la Liga Norte de Santa Cruz.<\/p>\n<p>Este fin de semana se jugar\u00e1n los dos partidos correspondientes a la segunda fecha del Torneo Regional, juegos que se repartieron entre s\u00e1bado y domingo.<\/p>\n<p>En la tarde sabatina, a partir de las 16.00, se enfrentar\u00e1n en el Estadio Municipal, la Comisi\u00f3n de Actividades Infantiles y Rada Tilly, con el arbitraje del caletense Julio Arroyo.<\/p>\n<p>Mientras tanto, el domingo ser\u00e1 momento para el cl\u00e1sico entre Jorge Newbery y Hurac\u00e1n, en la Madriguera, con arbitraje del tambi\u00e9n caletense &nbsp;Bruno Maldonado, acompa\u00f1ado desde la l\u00ednea de cal por Ben\u00edtez Cabrera y Hugo Moreyra.<\/p>\n<p><strong>&nbsp;<\/strong><\/p>\n<p><strong>El programa<\/strong><\/p>\n<p><strong>S\u00e1bado &#8211; 16.00<\/strong><\/p>\n<p><strong>Estadio Municipal<\/strong><\/p>\n<p><strong>C.A.I. vs. Rada Tilly: <\/strong>Julio Arroyo (Caleta Olivia), M\u00f3nica Urquiza (Caleta Olivia) y Juan Navarro (Caleta Olivia)<\/p>\n<p><strong>Domingo &#8211; 16.00<\/strong><\/p>\n<p><strong>Jorge Newbery vs. Hurac\u00e1n: <\/strong>Bruno Maldonado (Caleta Olivia), Ben\u00edtez Cabrera (Caleta Olivia) y Hugo Moreyra (Caleta Olivia).<\/p>\n<\/p><\/div>\n","protected":false},"excerpt":{"rendered":"\n<div class=\"media_block\"><a href=\"http:\/\/latecordoba.com\/wp-content\/uploads\/2026\/09\/el-clasico-tiene-arbitro-de-caleta-olivia.webp\"><img decoding=\"async\" src=\"http:\/\/latecordoba.com\/wp-content\/uploads\/2026\/09\/el-clasico-tiene-arbitro-de-caleta-olivia.webp\" class=\"media_thumbnail\"><\/a><\/div>\n<p>El otro juego de la Zona 5, entre C.A.I. y Rada Tilly, tambi\u00e9n tendr\u00e1 terna de la Liga Norte de Santa Cruz.  <\/p>\n","protected":false},"author":1,"featured_media":44119,"comment_status":"closed","ping_status":"closed","sticky":false,"template":"","format":"standard","meta":[],"categories":[17],"tags":[],"_links":{"self":[{"href":"https:\/\/latecordoba.com\/index.php\/wp-json\/wp\/v2\/posts\/44118"}],"collection":[{"href":"https:\/\/latecordoba.com\/index.php\/wp-json\/wp\/v2\/posts"}],"about":[{"href":"https:\/\/latecordoba.com\/index.php\/wp-json\/wp\/v2\/types\/post"}],"author":[{"embeddable":true,"href":"https:\/\/latecordoba.com\/index.php\/wp-json\/wp\/v2\/users\/1"}],"replies":[{"embeddable":true,"href":"https:\/\/latecordoba.com\/index.php\/wp-json\/wp\/v2\/comments?post=44118"}],"version-history":[{"count":0,"href":"https:\/\/latecordoba.com\/index.php\/wp-json\/wp\/v2\/posts\/44118\/revisions"}],"wp:featuredmedia":[{"embeddable":true,"href":"https:\/\/latecordoba.com\/index.php\/wp-json\/wp\/v2\/media\/44119"}],"wp:attachment":[{"href":"https:\/\/latecordoba.com\/index.php\/wp-json\/wp\/v2\/media?parent=44118"}],"wp:term":[{"taxonomy":"category","embeddable":true,"href":"https:\/\/latecordoba.com\/index.php\/wp-json\/wp\/v2\/categories?post=44118"},{"taxonomy":"post_tag","embeddable":true,"href":"https:\/\/latecordoba.com\/index.php\/wp-json\/wp\/v2\/tags?post=44118"}],"curies":[{"name":"wp","href":"https:\/\/api.w.org\/{rel}","templated":true}]}}