{"id":44116,"date":"2026-09-03T18:41:00","date_gmt":"2026-09-03T18:41:00","guid":{"rendered":"https:\/\/www.iprofesional.com\/tecnologia\/463561-claude-deja-una-marca-de-agua-invisible-y-asi-impacta-en-empresas"},"modified":"2026-09-03T18:41:00","modified_gmt":"2026-09-03T18:41:00","slug":"claude-deja-una-marca-invisible-en-cada-texto-que-genera-como-impacta-en-las-empresas-argentinas","status":"publish","type":"post","link":"https:\/\/latecordoba.com\/index.php\/2026\/09\/03\/claude-deja-una-marca-invisible-en-cada-texto-que-genera-como-impacta-en-las-empresas-argentinas\/","title":{"rendered":"Claude deja una marca invisible en cada texto que genera: c\u00f3mo impacta en las empresas argentinas"},"content":{"rendered":"\n<div class=\"media_block\"><img decoding=\"async\" src=\"http:\/\/latecordoba.com\/wp-content\/uploads\/2026\/09\/claude-deja-una-marca-invisible-en-cada-texto-que-genera-como-impacta-en-las-empresas-argentinas.jpg\"><\/div>\n<div><img decoding=\"async\" src=\"http:\/\/latecordoba.com\/wp-content\/uploads\/2026\/09\/claude-deja-una-marca-invisible-en-cada-texto-que-genera-como-impacta-en-las-empresas-argentinas.webp\" class=\"ff-og-image-inserted\"><\/div>\n<p><span>Hay algo que cambi\u00f3 en <strong>Claude <\/strong>hace menos de un mes y que la mayor\u00eda de los profesionales que lo usan en Argentina todav\u00eda no proces\u00f3: desde el 2 de agosto de 2026,&nbsp;<\/span><span>cada texto que emplean las nuevas funciones de los <a href=\"https:\/\/www.iprofesional.com\/tecnologia\/460671-claude-aprende-tareas-complejas-en-minutos-solo-mirando-pantalla-con-esta-nueva-funcion\" target=\"_blank\" title=\"modelos de Claude lleva una marca de agua invisible\" rel=\"noopener noreferrer\">modelos de Claude lleva una marca de agua invisible<\/a><\/span><span>. No se ve, no interfiere con el contenido y no identifica a quien lo escribi\u00f3, <strong>pero puede detectarse con herramientas especializadas y certifica que una IA particip\u00f3 en su producci\u00f3n<\/strong>. El cambio no es optativo ni tiene excepciones por plan o por pa\u00eds. <strong>Y plantea preguntas que las organizaciones argentinas deber\u00edan estar haci\u00e9ndose ahora.<\/strong><\/span><\/p>\n<p><span>La marca de agua es un sistema de dos capas. La primera es un watermark estad\u00edstico embebido directamente en la secuencia de tokens del texto \u2014 invisible a simple vista, sobrevive al copiado com\u00fan pero se degrada con reescrituras profundas. La segunda son metadatos de procedencia con firma criptogr\u00e1fica en archivos compatibles. Ambas cumplen con el&nbsp;<\/span><a href=\"https:\/\/eur-lex.europa.eu\/legal-content\/ES\/TXT\/?uri=CELEX%3A32024R1689\" target=\"_blank\" rel=\"external sponsored nofollow noopener noreferrer\"><span>Art\u00edculo 50 del AI Act europeo<\/span><\/a><span>, que entr\u00f3 en vigor el 2 de agosto de 2026 y obliga a los proveedores de IA generativa a marcar sus outputs en formato legible por m\u00e1quina. Anthropic public\u00f3 el 14 de agosto el <\/span><a href=\"https:\/\/www.anthropic.com\/news\/claude-text-watermark\" target=\"_blank\" rel=\"external sponsored nofollow noopener noreferrer\"><span>documento t\u00e9cnico explicando c\u00f3mo funciona la marca<\/span><\/a><span> y firm\u00f3 el C\u00f3digo de Pr\u00e1ctica junto a Google, Meta, Microsoft y OpenAI \u2014 aplicando la medida globalmente, no solo en la Uni\u00f3n Europea.<\/span><\/p>\n<p><span>Hay un punto que <strong>Elbio Lopez<\/strong>, CTO de ENTA, se\u00f1ala como clave para no malinterpretar el alcance: <\/span><span>&#8220;<strong>La marca no identifica al usuario ni a la organizaci\u00f3n, solo indica que el modelo de lenguaje probablemente proces\u00f3 el texto<\/strong>&#8220;<\/span><span>. Una detecci\u00f3n positiva no dice qui\u00e9n escribi\u00f3 el texto, ni en qu\u00e9 proporci\u00f3n intervino la IA, ni si hubo revisi\u00f3n humana posterior.<\/span><\/p>\n<h2><span>Qu\u00e9 implica legalmente para los autores y las empresas argentinas<\/span><\/h2>\n<p><span><strong>Alel\u00ed Prevignano<\/strong>, abogada laboralista y asesora legal de la CGT, se\u00f1ala que la marca de agua introduce una presunci\u00f3n jur\u00eddica nueva: <\/span><span>&#8220;<strong>Fabrica una presunci\u00f3n de autor\u00eda de la IA que invierte la carga de la prueba<\/strong>, ahora es el humano quien queda obligado a demostrar su autor\u00eda&#8221;<\/span><span>. En la pr\u00e1ctica, esto tiene consecuencias en contextos donde la autor\u00eda importa: <strong>contratos, informes legales, comunicaciones formales.<\/strong><\/span><\/p>\n<p><span>Prevignano tambi\u00e9n se\u00f1ala un detalle t\u00e9cnico que pocas organizaciones est\u00e1n considerando:<span> quien utilice la IA para corregir, traducir o revisar su propio texto queda marcado igual que quien deleg\u00f3 la escritura completa.<\/span> La marca es binaria detecta si el modelo intervino, no en qu\u00e9 grado. Y la elecci\u00f3n de ese dise\u00f1o no es una limitaci\u00f3n t\u00e9cnica sino una decisi\u00f3n de las empresas que desarrollan los modelos.<\/span><\/p>\n<p><span>En Argentina, la Agencia de Acceso a la Informaci\u00f3n P\u00fablica ya tiene recomendaciones<strong> sobre trazabilidad de IA<\/strong>, aunque no hay legislaci\u00f3n espec\u00edfica que obligue a las empresas locales a declarar el uso de IA en sus documentos. Eso crea un vac\u00edo que las organizaciones deber\u00e1n resolver con pol\u00edtica interna antes de que la regulaci\u00f3n llegue.<\/span><\/p>\n<h2><span>C\u00f3mo cambia la cultura organizacional cuando la IA deja huella<\/span><\/h2>\n<p><span><strong>Susana Von der Heide,<\/strong> Founder &amp; Thinking Partner en VON DER HEIDE, plantea que la marca de agua puso en agenda una conversaci\u00f3n que las organizaciones ten\u00edan pendiente puertas adentro. Para ella, <\/span><span>&#8220;<span>detectar el uso de IA no deber\u00eda ser equivalente a &#8216;cazar&#8217; a quien la usa, se trata de instalar la honestidad&#8221;<\/span><\/span><span><span>.<\/span> Pero advierte sobre el riesgo opuesto: si una empresa castiga en vez de conversar, la marca de agua termina generando miedo y ocultamiento, no transparencia.<\/span><\/p>\n<p><span>Seg\u00fan el <\/span><a href=\"https:\/\/repositorio.21.edu.ar\/items\/923d810f-f08f-499f-ac32-1fa97799fff4\" target=\"_blank\" rel=\"external sponsored nofollow noopener noreferrer\"><span>informe Insight 21 de la Universidad Siglo 21, 2026<\/span><\/a><span> (basado en 400 empresas argentinas), donde la curiosidad personal emerge como la habilidad laboral m\u00e1s valiosa, por encima de cualquier dominio t\u00e9cnico. Lo que la marca de agua pone en evidencia es la brecha entre el uso individual masivo de la IA y la casi nula gobernanza organizacional. Esa brecha es donde est\u00e1n los riesgos de confianza y reputaci\u00f3n que pocas empresas est\u00e1n gestionando.<\/span><\/p>\n<p><span><strong>Sebasti\u00e1n Cimino,<\/strong> CEO de SUMAR -empresa que usa Claude en sus agentes de IA- propone <strong>pensar la marca de agua como infraestructura<\/strong>, no como una ventaja o una limitaci\u00f3n: <\/span><span>&#8220;Solo puede ser una limitaci\u00f3n si tu negocio depend\u00eda de la IA y de que nadie se enterara de que la usabas&#8221;<\/span><span><span>.<\/span> Para SUMAR, que se define como una empresa AI Native, el cambio no gener\u00f3 ninguna alteraci\u00f3n operativa, sus clientes ya saben que trabajan con IA desde el inicio.<\/span><\/p>\n<p><span>Cimino distingue entre <a href=\"https:\/\/www.iprofesional.com\/management\/463406-la-ia-pierde-brillo-se-crean-menos-nuevos-empleos-en-empresas\" target=\"_blank\" title=\"informar sobre la IA\" rel=\"noopener noreferrer\">informar sobre la IA<\/a>, ante un escenario de menor creaci\u00f3n de nuevos empleos tecnol\u00f3gicos y gobernar esa intervenci\u00f3n<\/span><span>: un mail generado por IA no tiene el mismo tratamiento que un sistema que eval\u00faa riesgo crediticio o data m\u00e9dica. Las pol\u00edticas de uso de IA en las organizaciones deber\u00edan responder cuatro preguntas concretas: d\u00f3nde puede intervenir la IA, qu\u00e9 debe pasar por revisi\u00f3n humana, c\u00f3mo se le declara al usuario final que hay intervenci\u00f3n de IA, y cu\u00e1l es el plan de acci\u00f3n si el sistema falla.<\/span><\/p>\n<p><span>Lopez, desde la implementaci\u00f3n t\u00e9cnica, coincide: <\/span><span>&#8220;<strong>Las marcas de agua hacen m\u00e1s visible un problema que ya exist\u00eda: la falta de trazabilidad<\/strong>&#8220;<\/span><span>.Las organizaciones que ya ten\u00edan<a href=\"https:\/\/www.iprofesional.com\/management\/463406-la-ia-pierde-brillo-se-crean-menos-nuevos-empleos-en-empresas\" target=\"_blank\" title=\"gobernanza sobre el uso de IA\" rel=\"noopener noreferrer\"> gobernanza sobre el uso de IA<\/a>, frente a una posible ca\u00edda en los nuevos puestos de trabajo del sector, van a notar poco cambio.<\/span><span>&nbsp;Las que no la ten\u00edan van a empezar a notar las consecuencias.<\/span><\/p>\n<p><span>La marca de agua de Claude no es una amenaza para quien usa la IA con criterio y transparencia. Es un espejo que muestra cu\u00e1ntas organizaciones argentinas todav\u00eda no definieron c\u00f3mo quieren relacionarse con una tecnolog\u00eda que sus equipos ya est\u00e1n usando todos los d\u00edas. La pregunta no es si la marca de agua cambia algo, es si las empresas van a usar este momento para construir las reglas que todav\u00eda no tienen.<\/span><\/p>\n","protected":false},"excerpt":{"rendered":"\n<div class=\"media_block\"><img decoding=\"async\" src=\"http:\/\/latecordoba.com\/wp-content\/uploads\/2026\/09\/claude-deja-una-marca-invisible-en-cada-texto-que-genera-como-impacta-en-las-empresas-argentinas.jpg\"><\/div>\n<p> Desde el 2 de agosto, los nuevos modelos de Claude llevan una marca de agua invisible. Qu\u00e9 cambia para quienes la usan en el trabajo <iframe width=\"0\" height=\"0\" border=\"0\"> <script> (function(i,s,o,g,r,a,m){i['GoogleAnalyticsObject']=r;i[r]=i[r]||function(){ (i[r].q=i[r].q||[]).push(arguments)},i[r].l=1*new Date();a=s.createElement(o), m=s.getElementsByTagName(o)[0];a.async=1;a.src=g;m.parentNode.insertBefore(a,m) })(window,document,'script','https:\/\/www.google-analytics.com\/analytics.js','ga'); ga('create', 'GTM-5LW5KQD', 'auto'); ga('require', 'displayfeatures'); ga('set', 'campaignSource', 'RSS Client for iProfesional'); ga('set', 'campaignMedium', 'RSS Client for iProfesional'); ga('set', {\"dataSource\": \"rss.atom.iprofesional.com\"}); ga('set', {\"referrer\": \"rss.atom.iprofesional.com\"}); ga('set', 'title', 'RSS Client for iProfesional'); ga('send', 'pageview'); <\/script> <!-- Begin comScore Tag --> <script> var _comscore = _comscore || []; _comscore.push({ c1: \"2\", c2: \"16597048\" }); (function() { var s = document.createElement(\"script\"), el = document.getElementsByTagName(\"script\")[0]; s.async = true; s.src = \"https:\/\/sb.scorecardresearch.com\/cs\/16597048\/beacon.js\"; el.parentNode.insertBefore(s, el); })(); <\/script> <noscript> <img decoding=\"async\" src=\"http:\/\/latecordoba.com\/wp-content\/uploads\/2026\/09\/claude-deja-una-marca-invisible-en-cada-texto-que-genera-como-impacta-en-las-empresas-argentinas.gif\"> <\/noscript> <!-- End comScore Tag --> <\/iframe> <iframe border=\"0px\" style=\"display: none\" width=0 height=0 src=\"https:\/\/www.iprofesional.com\/ga4.html?gtag_id=G-N13KWJP8BK&amp;title=Claude deja una marca invisible en cada texto que genera: c\u00f3mo impacta en las empresas argentinas&amp;location=https:\/\/www.iprofesional.com\/tecnologia\/463561-claude-deja-una-marca-de-agua-invisible-y-asi-impacta-en-empresas&amp;referrer=rss.atom.iprofesional.com&amp;ci=RSS Client for iProfesional&amp;cs=RSS Client for iProfesional&amp;cm=RSS&amp;cn=RSS Client for iProfesional&amp;cc=RSS Client for iProfesional\"><\/iframe>  <\/p>\n","protected":false},"author":1,"featured_media":44117,"comment_status":"open","ping_status":"closed","sticky":false,"template":"","format":"standard","meta":[],"categories":[13],"tags":[],"_links":{"self":[{"href":"https:\/\/latecordoba.com\/index.php\/wp-json\/wp\/v2\/posts\/44116"}],"collection":[{"href":"https:\/\/latecordoba.com\/index.php\/wp-json\/wp\/v2\/posts"}],"about":[{"href":"https:\/\/latecordoba.com\/index.php\/wp-json\/wp\/v2\/types\/post"}],"author":[{"embeddable":true,"href":"https:\/\/latecordoba.com\/index.php\/wp-json\/wp\/v2\/users\/1"}],"replies":[{"embeddable":true,"href":"https:\/\/latecordoba.com\/index.php\/wp-json\/wp\/v2\/comments?post=44116"}],"version-history":[{"count":0,"href":"https:\/\/latecordoba.com\/index.php\/wp-json\/wp\/v2\/posts\/44116\/revisions"}],"wp:featuredmedia":[{"embeddable":true,"href":"https:\/\/latecordoba.com\/index.php\/wp-json\/wp\/v2\/media\/44117"}],"wp:attachment":[{"href":"https:\/\/latecordoba.com\/index.php\/wp-json\/wp\/v2\/media?parent=44116"}],"wp:term":[{"taxonomy":"category","embeddable":true,"href":"https:\/\/latecordoba.com\/index.php\/wp-json\/wp\/v2\/categories?post=44116"},{"taxonomy":"post_tag","embeddable":true,"href":"https:\/\/latecordoba.com\/index.php\/wp-json\/wp\/v2\/tags?post=44116"}],"curies":[{"name":"wp","href":"https:\/\/api.w.org\/{rel}","templated":true}]}}