{"id":44114,"date":"2026-09-03T20:02:00","date_gmt":"2026-09-03T20:02:00","guid":{"rendered":"https:\/\/www.iprofesional.com\/tecnologia\/463723-filtran-mas-detalles-del-nuevo-iphone-seria-plegable-y-el-mas-caro-de-la-historia"},"modified":"2026-09-03T20:02:00","modified_gmt":"2026-09-03T20:02:00","slug":"filtran-mas-detalles-del-nuevo-iphone-seria-plegable-y-el-mas-caro-de-la-historia","status":"publish","type":"post","link":"https:\/\/latecordoba.com\/index.php\/2026\/09\/03\/filtran-mas-detalles-del-nuevo-iphone-seria-plegable-y-el-mas-caro-de-la-historia\/","title":{"rendered":"Filtran m\u00e1s detalles del nuevo iPhone: ser\u00eda plegable y el m\u00e1s caro de la historia"},"content":{"rendered":"\n<div class=\"media_block\"><img decoding=\"async\" src=\"http:\/\/latecordoba.com\/wp-content\/uploads\/2026\/09\/filtran-mas-detalles-del-nuevo-iphone-seria-plegable-y-el-mas-caro-de-la-historia.jpg\"><\/div>\n<p><strong>Apple <\/strong>ya no oculta que prepara <a href=\"https:\/\/www.iprofesional.com\/tecnologia\/456371-se-acerca-el-iphone-plegable-apple-acelera-las-pruebas-para-lanzarlo-en-septiembre\" target=\"_blank\" rel=\"noopener noreferrer\">su primer smartphone plegable<\/a>. Las filtraciones se multiplican a pocos d\u00edas del evento de lanzamiento programado para el <strong>9 de septiembre.<\/strong><\/p>\n<p><strong>Mark Gurman<\/strong>, el reconocido filtrador de Bloomberg, revel\u00f3 en su bolet\u00edn Power On que varios empleados de la compa\u00f1\u00eda llaman <strong>internamente al dispositivo como Ultra. <\/strong>El nombre no es casual.<\/p>\n<p>El m\u00f3vil abre una nueva escala dentro de la familia iPhone. Se ubica por encima del Pro Max. <strong>Ser\u00e1 el modelo m\u00e1s caro de la historia de Apple<\/strong>.<\/p>\n<p><span>El evento del 9 de septiembre acapara todas las miradas porque <a href=\"https:\/\/www.iprofesional.com\/tecnologia\/450284-se-filtro-iphone-plegable-de-apple-que-llegaria-con-pantalla-gigante-y-precio-premium\" target=\"_blank\" rel=\"noopener noreferrer\">el iPhone Ultra debutar\u00e1 junto a los iPhone 18 Pro y 18 Pro Max<\/a>, mientras que el iPhone 18 base qued\u00f3 aplazado hasta 2027.<\/span><\/p>\n<p>La cita se convirti\u00f3 en vidriera para un dispositivo que la marca evit\u00f3 durante a\u00f1os. Samsung y Huawei pasaron a la ofensiva.<strong> Apple responder\u00e1 con su formato tipo libro.<\/strong><\/p>\n<h2>C\u00f3mo ser\u00e1 el dise\u00f1o y la pantalla del iPhone Ultra plegable<\/h2>\n<p>El panel exterior cuadrado mide 5,5 pulgadas. Funciona como un tel\u00e9fono convencional para tareas r\u00e1pidas.<\/p>\n<p>Al desplegarlo, el interior revela <strong><a href=\"https:\/\/www.iprofesional.com\/tecnologia\/459812-los-mejores-celulares-plegables-de-2026\" target=\"_blank\" rel=\"noopener noreferrer\">una pantalla OLED de 7,8 pulgadas con tecnolog\u00eda ProMotion a 120 Hz<\/a><\/strong>. Las dimensiones rozan el terreno del iPad mini.<\/p>\n<p>La arruga en el centro del panel flexible resulta imperceptible, seg\u00fan Gurman. Apple obsesion\u00f3 con ese detalle durante a\u00f1os de desarrollo. La bisagra resistente sorprendi\u00f3 a los primeros probadores internos.<\/p>\n<p>El formato delgado exige concesiones importantes. Face ID qued\u00f3 descartado por limitaciones de espacio. <strong>El Touch ID lateral ocupa su lugar<\/strong> como m\u00e9todo de desbloqueo biom\u00e9trico.<\/p>\n<p>La comodidad de bolsillo mejora respecto a competidores. <span>El grosor reducido permite guardarlo sin que sobresalga. <\/span>Apple prioriza la portabilidad sobre otras caracter\u00edsticas.<\/p>\n<h2>Especificaciones t\u00e9cnicas y rendimiento del nuevo plegable<\/h2>\n<div class=\"imagen\" readability=\"7\"><img decoding=\"async\" loading=\"lazy\" fetchpriority=\"low\" class=\"lazyload\" src=\"http:\/\/latecordoba.com\/wp-content\/uploads\/2026\/09\/filtran-mas-detalles-del-nuevo-iphone-seria-plegable-y-el-mas-caro-de-la-historia-1.jpg\" alt=\"Los posibles colores que tendr\u00e1 el nuevo iPhone 18 Pro\" width=\"1280\" height=\"720\"><\/p>\n<p>Los posibles colores que tendr\u00e1 el nuevo iPhone 18 Pro<\/p>\n<\/div>\n<p>El <strong>chip A20 Pro fabricado en 2 nan\u00f3metros impulsa el equipo<\/strong>. Lo comparte con los <strong>iPhone 18 Pro.<\/strong> La arquitectura busca eficiencia energ\u00e9tica sin sacrificar potencia.<\/p>\n<p>Los 12 GB de RAM ejecutan <strong><a href=\"https:\/\/www.iprofesional.com\/tecnologia\/456854-tu-iphone-recibe-ios-27-mira-si-tendras-la-nueva-siri\" target=\"_blank\" rel=\"noopener noreferrer\">funciones avanzadas de Siri AI y Apple Intelligence de forma local<\/a><\/strong>. El procesamiento ocurre en el dispositivo sin depender de la nube.<\/p>\n<p>La bater\u00eda de doble celda se aproxima a 5.000 mAh.<strong> Es equiparable al Pro Max actual.<\/strong> El rendimiento apunta a productividad durante jornadas completas, no solo a consumo multimedia.<\/p>\n<p><span>La doble c\u00e1mara trasera de 48 megap\u00edxeles incluye sensor principal y gran angular, pero no habr\u00e1 zoom teleobjetivo en esta primera generaci\u00f3n, una decisi\u00f3n que prioriza el grosor reducido sobre versatilidad fotogr\u00e1fica.<\/span><\/p>\n<p>Gurman descart\u00f3 el Apple Pencil tras pruebas internas. El puntero presion\u00f3 el panel flexible y dej\u00f3 marcas visibles permanentes. La tecnolog\u00eda actual no resiste la presi\u00f3n del stylus.<\/p>\n<p>iOS 27 llega en versi\u00f3n adaptada con elementos de iPadOS. Ofrecer\u00e1 Split View y multitarea avanzada. <strong>El gestor de ventanas completo brill\u00f3 por su ausencia<\/strong> en las versiones de prueba.<\/p>\n<p>Las primeras impresiones de los testers internos circularon en redes sociales. El 24 de agosto de 2026, un usuario public\u00f3 en X detalles clave del dispositivo: <strong>sin Face ID, sin teleobjetivo, bisagra avanzada y precio superior a u$s2.000.<\/strong><\/p>\n<h2>Cu\u00e1nto costar\u00e1 y cu\u00e1l ser\u00e1 la estrategia de lanzamiento<\/h2>\n<p>El<strong> precio supera los u$s2.300<\/strong>. Ming-Chi Kuo, otro filtrador con historial preciso, elev\u00f3 la horquilla entre u$s2.300 y u$s2.500.<\/p>\n<p>La producci\u00f3n inicial oscila entre <strong>7 y 10 millones de unidades<\/strong>. Apple prioriza Estados Unidos para el lanzamiento. Replica la estrategia del Apple Vision Pro con disponibilidad limitada inicial.<\/p>\n<p>El lanzamiento internacional ser\u00e1 progresivo por regiones. Europa y Asia recibir\u00e1n stock en oleadas. La escasez inicial dispar\u00f3 los plazos de entrega hasta seis semanas seg\u00fan estimaciones internas.<\/p>\n<p>La primera generaci\u00f3n apuesta por blanco y negro. Son tonos cl\u00e1sicos que evitan riesgos. Apple deja de lado las variantes llamativas que caracterizan a competidores asi\u00e1ticos.<\/p>\n<p>El iPhone Ultra no busca masas inmediatas. Busca establecer precedente en el segmento premium. La pregunta persiste: el futuro cabe en un bolsillo, pero \u00bfel bolsillo resiste ese precio?<\/p>\n<h2>C\u00f3mo impactar\u00e1 Apple en el mercado de smartphones plegables<\/h2>\n<p>La consultora IDC proyect\u00f3 que <strong><a href=\"https:\/\/www.iprofesional.com\/tecnologia\/424011-iphone-17-air-y-plegable-como-serian-los-nuevos-celulares-de-apple\" target=\"_blank\" rel=\"noopener noreferrer\">el mercado plegable global creci\u00f3 un 19% tras la entrada de Apple<\/a><\/strong>. La marca de la manzana captura una cuota del 24% seg\u00fan esas estimaciones.<\/p>\n<p>Redburn estim\u00f3 14 millones de unidades vendidas en el primer a\u00f1o. De ese total, solo 4 millones corresponden a ventas netas nuevas. El resto proviene de usuarios que migran desde modelos anteriores.<\/p>\n<p><span>El plegable dej\u00f3 de ser un nicho experimental para los early adopters y se consolida como categor\u00eda permanente, especialmente despu\u00e9s de que Apple valide el formato con su ecosistema y cadena de suministro controlada.<\/span><\/p>\n<p>Apple lleg\u00f3 tarde a los plegables. Samsung y otros fabricantes dominan el mercado desde hace a\u00f1os. Pero Apple lleg\u00f3 con su sello caracter\u00edstico.<\/p>\n<p>La integraci\u00f3n de hardware y software marca la diferencia. El control total de la cadena de suministro permite optimizaciones imposibles para competidores. La narrativa de exclusividad justifica el precio premium.<\/p>\n<p>Gurman resumi\u00f3 la situaci\u00f3n: el dispositivo convenci\u00f3 a quienes lo probaron internamente. <strong>El 9 de septiembre despeja todas las dudas<\/strong>. Hasta entonces, cada filtraci\u00f3n alimenta la expectativa. <strong>El iPhone Ultra plegable ya genera conversaci\u00f3n antes de existir oficialmente.<\/strong><\/p>\n","protected":false},"excerpt":{"rendered":"\n<div class=\"media_block\"><img decoding=\"async\" src=\"http:\/\/latecordoba.com\/wp-content\/uploads\/2026\/09\/filtran-mas-detalles-del-nuevo-iphone-seria-plegable-y-el-mas-caro-de-la-historia.jpg\"><\/div>\n<p> Con una pantalla flexible superior a las 7 pulgadas , el esperado dispositivo busca marcar tendencia en innovaci\u00f3n m\u00f3vil avanzada <iframe width=\"0\" height=\"0\" border=\"0\"> <script> (function(i,s,o,g,r,a,m){i['GoogleAnalyticsObject']=r;i[r]=i[r]||function(){ (i[r].q=i[r].q||[]).push(arguments)},i[r].l=1*new Date();a=s.createElement(o), m=s.getElementsByTagName(o)[0];a.async=1;a.src=g;m.parentNode.insertBefore(a,m) })(window,document,'script','https:\/\/www.google-analytics.com\/analytics.js','ga'); ga('create', 'GTM-5LW5KQD', 'auto'); ga('require', 'displayfeatures'); ga('set', 'campaignSource', 'RSS Client for iProfesional'); ga('set', 'campaignMedium', 'RSS Client for iProfesional'); ga('set', {\"dataSource\": \"rss.atom.iprofesional.com\"}); ga('set', {\"referrer\": \"rss.atom.iprofesional.com\"}); ga('set', 'title', 'RSS Client for iProfesional'); ga('send', 'pageview'); <\/script> <!-- Begin comScore Tag --> <script> var _comscore = _comscore || []; _comscore.push({ c1: \"2\", c2: \"16597048\" }); (function() { var s = document.createElement(\"script\"), el = document.getElementsByTagName(\"script\")[0]; s.async = true; s.src = \"https:\/\/sb.scorecardresearch.com\/cs\/16597048\/beacon.js\"; el.parentNode.insertBefore(s, el); })(); <\/script> <noscript> <img decoding=\"async\" src=\"http:\/\/latecordoba.com\/wp-content\/uploads\/2026\/09\/filtran-mas-detalles-del-nuevo-iphone-seria-plegable-y-el-mas-caro-de-la-historia.gif\"> <\/noscript> <!-- End comScore Tag --> <\/iframe> <iframe border=\"0px\" style=\"display: none\" width=0 height=0 src=\"https:\/\/www.iprofesional.com\/ga4.html?gtag_id=G-N13KWJP8BK&amp;title=Filtran m\u00e1s detalles del nuevo iPhone: ser\u00eda plegable y el m\u00e1s caro de la historia&amp;location=https:\/\/www.iprofesional.com\/tecnologia\/463723-filtran-mas-detalles-del-nuevo-iphone-seria-plegable-y-el-mas-caro-de-la-historia&amp;referrer=rss.atom.iprofesional.com&amp;ci=RSS Client for iProfesional&amp;cs=RSS Client for iProfesional&amp;cm=RSS&amp;cn=RSS Client for iProfesional&amp;cc=RSS Client for iProfesional\"><\/iframe>  <\/p>\n","protected":false},"author":1,"featured_media":44115,"comment_status":"open","ping_status":"closed","sticky":false,"template":"","format":"standard","meta":[],"categories":[13],"tags":[],"_links":{"self":[{"href":"https:\/\/latecordoba.com\/index.php\/wp-json\/wp\/v2\/posts\/44114"}],"collection":[{"href":"https:\/\/latecordoba.com\/index.php\/wp-json\/wp\/v2\/posts"}],"about":[{"href":"https:\/\/latecordoba.com\/index.php\/wp-json\/wp\/v2\/types\/post"}],"author":[{"embeddable":true,"href":"https:\/\/latecordoba.com\/index.php\/wp-json\/wp\/v2\/users\/1"}],"replies":[{"embeddable":true,"href":"https:\/\/latecordoba.com\/index.php\/wp-json\/wp\/v2\/comments?post=44114"}],"version-history":[{"count":0,"href":"https:\/\/latecordoba.com\/index.php\/wp-json\/wp\/v2\/posts\/44114\/revisions"}],"wp:featuredmedia":[{"embeddable":true,"href":"https:\/\/latecordoba.com\/index.php\/wp-json\/wp\/v2\/media\/44115"}],"wp:attachment":[{"href":"https:\/\/latecordoba.com\/index.php\/wp-json\/wp\/v2\/media?parent=44114"}],"wp:term":[{"taxonomy":"category","embeddable":true,"href":"https:\/\/latecordoba.com\/index.php\/wp-json\/wp\/v2\/categories?post=44114"},{"taxonomy":"post_tag","embeddable":true,"href":"https:\/\/latecordoba.com\/index.php\/wp-json\/wp\/v2\/tags?post=44114"}],"curies":[{"name":"wp","href":"https:\/\/api.w.org\/{rel}","templated":true}]}}