{"id":44112,"date":"2026-09-03T21:00:00","date_gmt":"2026-09-03T21:00:00","guid":{"rendered":"https:\/\/www.iprofesional.com\/politica\/463730-milei-quiere-sacar-redito-electoral-de-su-alianza-con-ee-uu-"},"modified":"2026-09-03T21:00:00","modified_gmt":"2026-09-03T21:00:00","slug":"para-milei-llego-la-hora-de-facturar-electoralmente-su-estrategia-de-alineamiento-con-ee-uu","status":"publish","type":"post","link":"https:\/\/latecordoba.com\/index.php\/2026\/09\/03\/para-milei-llego-la-hora-de-facturar-electoralmente-su-estrategia-de-alineamiento-con-ee-uu\/","title":{"rendered":"Para Milei, lleg\u00f3 la hora de facturar electoralmente su estrategia de alineamiento con EE.UU."},"content":{"rendered":"\n<div class=\"media_block\"><img decoding=\"async\" src=\"http:\/\/latecordoba.com\/wp-content\/uploads\/2026\/09\/para-milei-llego-la-hora-de-facturar-electoralmente-su-estrategia-de-alineamiento-con-ee-uu.jpg\"><\/div>\n<div><img decoding=\"async\" src=\"http:\/\/latecordoba.com\/wp-content\/uploads\/2026\/09\/para-milei-llego-la-hora-de-facturar-electoralmente-su-estrategia-de-alineamiento-con-ee-uu.webp\" class=\"ff-og-image-inserted\"><\/div>\n<p>Para <strong>Javier Milei<\/strong>, lleg\u00f3 la hora de <strong>sacar r\u00e9dito electoral<\/strong> de su giro en la <strong>estrategia diplom\u00e1tica <\/strong>de alianza incondicional<strong> con Donald Trump<\/strong>. Y no hay tema m\u00e1s influyente, por la sensibilidad que despierta transversalmente en toda la sociedad argentina, <a href=\"https:\/\/www.iprofesional.com\/politica\/463599-milei-busca-retomar-la-agenda-preocupado-por-el-desgaste-en-las-encuestas\" target=\"_blank\" rel=\"noopener noreferrer\">que la causa Malvinas<\/a>.<\/p>\n<p><span>Hasta ahora, el presidente hab\u00eda justificado su <strong>alineamiento autom\u00e1tico<\/strong> con Estados Unidos -lo cual incluye el <strong>apoyo a Israel <\/strong>en Medio Oriente- en una combinaci\u00f3n de motivos de principios y de conveniencia comercial<\/span>. En varios foros mencion\u00f3 la necesidad de recuperar los valores de un Occidente <a href=\"https:\/\/www.iprofesional.com\/politica\/421261-javier-milei-hay-que-eliminar-el-virus-de-la-ideologia-woke\" target=\"_blank\" rel=\"noopener noreferrer\">amenazado por el &#8220;marxismo cultural&#8221;<\/a> -dentro del cual inclu\u00eda la <em>agenda woke<\/em>, el movimiento ambientalista y las iniciativas de las Naciones Unidas para 2030-.<\/p>\n<p>Su militancia en esa causa -que incluy\u00f3 participaciones en la <strong>Conferencia de Acci\u00f3n Pol\u00edtica Conservadora<\/strong>&#8211; le gan\u00f3 una mayor proximidad a Trump, pero no est\u00e1 tan claro que le haya valido apoyo a nivel interno. Las encuestas son elocuentes respecto de la p\u00e9rdida de apoyo entre los j\u00f3venes, <a href=\"https:\/\/www.iprofesional.com\/politica\/459157-nueva-encuesta-con-dato-clave-para-milei-ayuda-o-no-polarizar-con-kirchnerismo\" target=\"_blank\" rel=\"noopener noreferrer\">y sobre todo entre el electorado femenino.<\/a><\/p>\n<p>La misma situaci\u00f3n ambigua ocurri\u00f3 con el comercio. El acuerdo que entr\u00f3 en vigencia este a\u00f1o gener\u00f3 aplausos de parte de los &#8220;sectores ganadores&#8221;, como<strong> los exportadores de carne<\/strong>, que lograron un acceso privilegiado al mercado estadounidense. En cambio, desde la industria, se mir\u00f3 con desconfianza un tratado que podr\u00eda implicar m\u00e1s dificultades de competitividad para un sector que se declara en crisis.<\/p>\n<p>El logro concreto m\u00e1s visible de la alianza con <strong>Donald Trump<\/strong> fue <a href=\"https:\/\/www.iprofesional.com\/economia\/463647-dolar-habra-blindaje-de-eeuu-ante-corrida-cambiaria-la-senal-de-caputo\" target=\"_blank\" rel=\"noopener noreferrer\">el salvataje financiero previo a las elecciones legislativas<\/a>. En aquel momento, con un Banco Central desbordado por la masiva dolarizaci\u00f3n de los ahorristas -m\u00e1s de 40% de la base monetaria busc\u00f3 refugio en el billete verde-, intervino el secretario del Tesoro,<strong> Scott Bessent<\/strong>, para afirmar que no se dejar\u00eda colapsar al peso.<\/p>\n<p>Desde entonces, <span>est\u00e1 vigente el acuerdo swap por un monto de u$s20.000 millones, que en teor\u00eda deber\u00eda garantizar la calma financiera durante la campa\u00f1a electoral del a\u00f1o pr\u00f3ximo<\/span>.<\/p>\n<h2>El r\u00e9dito del viraje diplom\u00e1tico<\/h2>\n<p>Pero Milei siempre manifest\u00f3 que, m\u00e1s all\u00e1 de estas ayudas puntuales,<strong> la importancia del alineamiento con EE.UU. era geopol\u00edtica.<\/strong><\/p>\n<p><span><span>&#8220;La Argentina ya dej\u00f3 pasar dos veces el tren de la historia. En la Segunda Guerra Mundial, nuestra neutralidad nos cost\u00f3 d\u00e9cadas de marginalidad; con el \u2018No al ALCA\u2019 nos quedamos afuera del mayor ciclo de expansi\u00f3n econ\u00f3mica en la historia humana&#8221;<\/span>, record\u00f3 el presidente en su discurso del 1\u00b0 de marzo ante el Congreso.<\/span><\/p>\n<p><span>En aquel momento, concit\u00f3 m\u00e1s la atenci\u00f3n medi\u00e1tica su intercambio de chicanas y con los legisladores de la oposici\u00f3n peronista que el discurso propiamente dicho. Sin embargo, ya estaba adelantando que, en un mundo conflictuado, Argentina tendr\u00eda m\u00e1s para ganar. <\/span><span><\/span><\/p>\n<p><span>Desde su punto de vista, se est\u00e1 reconfigurando el mapa mundial con una disputa entre las potencias por<strong> consolidar &#8220;cadenas de integraci\u00f3n verticales&#8221;<\/strong>. Y afirma que Argentina tiene como punto a favor su ubicaci\u00f3n geogr\u00e1fica estrat\u00e9gica, con salida a los dos oc\u00e9anos y presencia en la Ant\u00e1rtida.<\/span><span><\/span><\/p>\n<p><span>Por eso,<span> Milei quiere destacar que su alineamiento pasar\u00e1 tambi\u00e9n al \u00e1rea de la defensa.<\/span> En ese sentido, destac\u00f3 la <a href=\"https:\/\/www.iprofesional.com\/negocios\/463521-otra-flota-de-cazas-f-16-llega-este-mes-y-negocian-compra-de-colosos-del-reabastecimiento\" target=\"_blank\" rel=\"noopener noreferrer\">adquisici\u00f3n de los nuevos aviones F-16 <\/a>como parte de esa pol\u00edtica.<\/span><span><\/span><\/p>\n<h2><span>\u00bfUna Groenlandia patag\u00f3nica?<\/span><span><\/span><\/h2>\n<p><span>La reafirmaci\u00f3n de la alianza con Estados Unidos <strong>se intensific\u00f3 tras el inicio del conflicto con Ir\u00e1n<\/strong>. Y precisamente en ese momento<strong> se organiz\u00f3 la &#8220;Argentina Week&#8221;<\/strong> en Nueva York, donde la plana mayor del gobierno present\u00f3 oportunidades de inversi\u00f3n. Sobre todo, en el \u00e1rea energ\u00e9tica, que en ese momento empezaba a adquirir m\u00e1s importancia de la habitual.<\/span><\/p>\n<p><span>Eran los d\u00edas en que Trump agitaba la agenda internacional con su reclamo de presencia en Groenlandia. Y<span> eso abon\u00f3 las especulaciones respecto de que los estrategas de Trump est\u00e9n pensando en una &#8220;Groenlandia del Sur&#8221;, como parte de la pol\u00edtica de defensa estadounidense.<\/span><\/span><span><\/span><\/p>\n<p><span>Era un debate que ven\u00eda creciendo por el <a href=\"https:\/\/www.iprofesional.com\/politica\/463686-trump-volvio-a-cuestionar-al-reino-unido-por-malvinas-antes-de-la-cadena-nacional-de-milei\" target=\"_blank\" rel=\"noopener noreferrer\">encadenamiento de gestos de Washington<\/a>, en el sentido de incrementar su presencia en la Patagonia, al tiempo que manifestaba su inquietud por el avance de China en esa \u00e1rea.<\/span><\/p>\n<p>Y <a href=\"https:\/\/www.iprofesional.com\/politica\/403378-javier-milei-se-reunio-en-ushuaia-con-una-maxima-autoridad-del-ejercito-de-estados-unidos\" target=\"_blank\" rel=\"noopener noreferrer\">la presencia de la general Laura Richardson en el extremo sur<\/a>, acompa\u00f1ada por Milei y con la banda militar entonando la marcha de las Malvinas -&#8220;Tras un manto de neblinas no las&nbsp;hemos de olvidar&#8221;-, dio una pauta de cu\u00e1l puede ser la estrategia.<\/p>\n<p><span>El siguiente hecho pol\u00e9mico fue <strong>el aterrizaje sorpresivo en Ushuaia <\/strong>de un avi\u00f3n del ministerio de defensa estadounidense, que tra\u00eda <strong>una comitiva de legisladores<\/strong>. La explicaci\u00f3n oficial era que los norteamericanos ven\u00edan a conocer in situ los yacimientos de los llamados &#8220;minerales cr\u00edticos&#8221;, aunque la oposici\u00f3n denunci\u00f3 que se trataba de un paso m\u00e1s en la instalaci\u00f3n de una base militar conjunta en Tierra del Fuego.<\/span><span><\/span><\/p>\n<h2><span>&#8220;El Atl\u00e1ntico Sur, terreno de disputa estrat\u00e9gica&#8221;<\/span><\/h2>\n<p><span>Lo cierto es que, ya desde la misma campa\u00f1a electoral estadounidense, hubo polit\u00f3logos argentinos que entrevieron la posibilidad de que la llegada de Trump a la Casa Rosada<a href=\"https:\/\/www.iprofesional.com\/politica\/417259-ante-donald-trump-javier-milei-se-mostro-aliado-natural-de-eeuu\" target=\"_blank\" rel=\"noopener noreferrer\"> mejorar\u00eda la influencia geopol\u00edtica argentina<\/a>.<\/span><\/p>\n<p><span>Con la globalizaci\u00f3n en plena revisi\u00f3n, en Estados Unidos se hablaba de <\/span><strong><span>un nuevo esquema, <\/span><\/strong><em><span>&#8220;friend-shoring&#8221;<\/span><\/em><strong><span>,<\/span><\/strong><span> que implica que Trump tercerizar\u00e1 la producci\u00f3n de sus cadenas industriales en pa\u00edses amigos, que le resulten<strong> proveedores confiables.<\/strong> Milei apuesta a que Argentina estar\u00e1 en el tope de esa lista.<\/span><span><\/span><\/p>\n<p><span>Y se mencionaba con insistencia un antecedente relevante para Argentina: <span>la presi\u00f3n que Estados Unidos ejerci\u00f3 sobre Australia para que rompiera su alianza con China<\/span>, algo que ya ven\u00eda pasando incluso con <strong>el gobierno dem\u00f3crata de Joe Biden<\/strong>. Eso ya gener\u00f3 la expectativa de que el Pent\u00e1gono dar\u00eda importancia creciente a la presencia en el sur global. M\u00e1s aun, que buscar\u00eda una alianza para garantizar el control de los mares del sur, algo para lo cual se necesitar\u00eda <strong>un cambio de estatus <\/strong>en el irresuelto diferendo por <strong>Malvinas<\/strong>.<\/span><\/p>\n<p><span>Milei fue expl\u00edcito al respecto en su discurso ante el Congreso:<span> &#8220;El Atl\u00e1ntico Sur es el terreno de disputa estrat\u00e9gica de las pr\u00f3ximas d\u00e9cadas: rutas comerciales, recursos naturales, soberan\u00eda mar\u00edtima y la presencia creciente de actores que no comparten nuestros valores. Quien lo controle, controlar\u00e1 una parte clave del trabajo global. Argentina tiene que ser ese actor&#8221;<\/span>.<\/span><span><\/span><\/p>\n<p>En definitiva, el objetivo del presidente es mostrar que su pol\u00edtica internacional acerc\u00f3 a la Argentina a las Malvinas m\u00e1s que cualquier gobierno anterior. Y, sobre todo, que la postura conflictiva que caracteriz\u00f3 al per\u00edodo de Cristina Kirchner logr\u00f3 el objetivo opuesto al declamado deseo de recuperar la soberan\u00eda.<\/p>\n","protected":false},"excerpt":{"rendered":"\n<div class=\"media_block\"><img decoding=\"async\" src=\"http:\/\/latecordoba.com\/wp-content\/uploads\/2026\/09\/para-milei-llego-la-hora-de-facturar-electoralmente-su-estrategia-de-alineamiento-con-ee-uu.jpg\"><\/div>\n<p> Milei sostiene que, en un contexto en el que el Atl\u00e1ntico Sur gana relevancia, acercarse a EE.UU. fue la mejor decisi\u00f3n. Y juega la carta nacionalista <iframe width=\"0\" height=\"0\" border=\"0\"> <script> (function(i,s,o,g,r,a,m){i['GoogleAnalyticsObject']=r;i[r]=i[r]||function(){ (i[r].q=i[r].q||[]).push(arguments)},i[r].l=1*new Date();a=s.createElement(o), m=s.getElementsByTagName(o)[0];a.async=1;a.src=g;m.parentNode.insertBefore(a,m) })(window,document,'script','https:\/\/www.google-analytics.com\/analytics.js','ga'); ga('create', 'GTM-5LW5KQD', 'auto'); ga('require', 'displayfeatures'); ga('set', 'campaignSource', 'RSS Client for iProfesional'); ga('set', 'campaignMedium', 'RSS Client for iProfesional'); ga('set', {\"dataSource\": \"rss.atom.iprofesional.com\"}); ga('set', {\"referrer\": \"rss.atom.iprofesional.com\"}); ga('set', 'title', 'RSS Client for iProfesional'); ga('send', 'pageview'); <\/script> <!-- Begin comScore Tag --> <script> var _comscore = _comscore || []; _comscore.push({ c1: \"2\", c2: \"16597048\" }); (function() { var s = document.createElement(\"script\"), el = document.getElementsByTagName(\"script\")[0]; s.async = true; s.src = \"https:\/\/sb.scorecardresearch.com\/cs\/16597048\/beacon.js\"; el.parentNode.insertBefore(s, el); })(); <\/script> <noscript> <img decoding=\"async\" src=\"http:\/\/latecordoba.com\/wp-content\/uploads\/2026\/09\/para-milei-llego-la-hora-de-facturar-electoralmente-su-estrategia-de-alineamiento-con-ee-uu.gif\"> <\/noscript> <!-- End comScore Tag --> <\/iframe> <iframe border=\"0px\" style=\"display: none\" width=0 height=0 src=\"https:\/\/www.iprofesional.com\/ga4.html?gtag_id=G-N13KWJP8BK&amp;title=Para Milei, lleg\u00f3 la hora de facturar electoralmente su estrategia de alineamiento con EE.UU.&amp;location=https:\/\/www.iprofesional.com\/politica\/463730-milei-quiere-sacar-redito-electoral-de-su-alianza-con-ee-uu-&amp;referrer=rss.atom.iprofesional.com&amp;ci=RSS Client for iProfesional&amp;cs=RSS Client for iProfesional&amp;cm=RSS&amp;cn=RSS Client for iProfesional&amp;cc=RSS Client for iProfesional\"><\/iframe>  <\/p>\n","protected":false},"author":1,"featured_media":44113,"comment_status":"closed","ping_status":"closed","sticky":false,"template":"","format":"standard","meta":[],"categories":[18],"tags":[],"_links":{"self":[{"href":"https:\/\/latecordoba.com\/index.php\/wp-json\/wp\/v2\/posts\/44112"}],"collection":[{"href":"https:\/\/latecordoba.com\/index.php\/wp-json\/wp\/v2\/posts"}],"about":[{"href":"https:\/\/latecordoba.com\/index.php\/wp-json\/wp\/v2\/types\/post"}],"author":[{"embeddable":true,"href":"https:\/\/latecordoba.com\/index.php\/wp-json\/wp\/v2\/users\/1"}],"replies":[{"embeddable":true,"href":"https:\/\/latecordoba.com\/index.php\/wp-json\/wp\/v2\/comments?post=44112"}],"version-history":[{"count":0,"href":"https:\/\/latecordoba.com\/index.php\/wp-json\/wp\/v2\/posts\/44112\/revisions"}],"wp:featuredmedia":[{"embeddable":true,"href":"https:\/\/latecordoba.com\/index.php\/wp-json\/wp\/v2\/media\/44113"}],"wp:attachment":[{"href":"https:\/\/latecordoba.com\/index.php\/wp-json\/wp\/v2\/media?parent=44112"}],"wp:term":[{"taxonomy":"category","embeddable":true,"href":"https:\/\/latecordoba.com\/index.php\/wp-json\/wp\/v2\/categories?post=44112"},{"taxonomy":"post_tag","embeddable":true,"href":"https:\/\/latecordoba.com\/index.php\/wp-json\/wp\/v2\/tags?post=44112"}],"curies":[{"name":"wp","href":"https:\/\/api.w.org\/{rel}","templated":true}]}}