{"id":44106,"date":"2026-09-03T00:03:39","date_gmt":"2026-09-03T00:03:39","guid":{"rendered":"http:\/\/75d09567dba7157cd57c1c5e5976ec0e"},"modified":"2026-09-03T00:03:39","modified_gmt":"2026-09-03T00:03:39","slug":"kicillof-a-los-industriales-es-la-macro-de-milei-lo-que-los-esta-fundiendo","status":"publish","type":"post","link":"https:\/\/latecordoba.com\/index.php\/2026\/09\/03\/kicillof-a-los-industriales-es-la-macro-de-milei-lo-que-los-esta-fundiendo\/","title":{"rendered":"Kicillof a los industriales: &#8220;Es la macro de Milei lo que los est\u00e1 fundiendo&#8221;"},"content":{"rendered":"\n<div class=\"media_block\"><img decoding=\"async\" src=\"http:\/\/latecordoba.com\/wp-content\/uploads\/2026\/09\/kicillof-a-los-industriales-es-la-macro-de-milei-lo-que-los-esta-fundiendo.jpg\"><\/div>\n<div><img decoding=\"async\" src=\"http:\/\/latecordoba.com\/wp-content\/uploads\/2026\/09\/kicillof-a-los-industriales-es-la-macro-de-milei-lo-que-los-esta-fundiendo-1.jpg\" class=\"ff-og-image-inserted\"><\/div>\n<p>Rodeado de las figuras m\u00e1s importantes del entramado productivo bonaerense, Axel Kicillof traz\u00f3 un oscuro diagn\u00f3stico de la situaci\u00f3n industrial y les advirti\u00f3 a los referentes de c\u00e1maras sectoriales que es &#8220;la macro de Milei lo que los est\u00e1 fundiendo&#8221;.<\/p>\n<p>&#8220;El objetivo de Milei es desindustrializar el pa\u00eds. Es un objetivo central, constitutivo. Lo que yo les quiero decir es que no es que algo est\u00e1 andando mal. La pol\u00edtica econ\u00f3mica est\u00e1 funcionando en el sentido de dar los frutos esperados. Est\u00e1 quebr\u00e1ndolos a todos ustedes. Ese es el objetivo&#8221;, dijo el gobernador durante el acto por el D\u00eda de la Industria.<\/p>\n<p>La actividad se realiz\u00f3 en Mor\u00f3n, en el Parque Industrial Tecnol\u00f3gico Aeron\u00e1utico, y hubo una particularidad: diez industriales pudieron expresar frente a Kicillof y sus ministros los problemas que atraviesa su sector. <\/p>\n<p><a href=\"https:\/\/www.lapoliticaonline.com\/tools\/redirect.php?t=3&amp;i=354967&amp;s=3bc3ac2cca020fdb3fec884668529011\" class=\"link-type-content content-type-noticia-ar\">Un hombre de Paolo Rocca le pide a Kicillof eliminar Ingresos Brutos a la industria<\/a><\/p>\n<p>&#8220;Milei quiere cambiar la matriz industrial hist\u00f3rica. Ese es uno de los puntos centrales. Yo creo que el famoso proyecto econ\u00f3mico y la batalla cultural tiene como eje central la desindustrializaci\u00f3n de la Argentina&#8221;, dijo el gobernador.<\/p>\n<p>Hubo algunos contrapuntos, incluso entre los propios industriales. El flamante presidente de UIPBA, Alejandro Gentile, volvi\u00f3 a plantear la necesidad de eliminar Ingresos Brutos, un planteo que d\u00edas atr\u00e1s el industrial de Techint le llev\u00f3 al propio Kicillof.<\/p>\n<p>&#8220;Bajo ning\u00fan punto de viste buscamos achicar el Estado. Lo que queremos es acercar una propuesta para mejorar lo m\u00e1s r\u00e1pido posible la situaci\u00f3n de las PyMES&#8221;, dijo y aclar\u00f3 que &#8220;el peor de los males para la industria es la ca\u00edda del consumo, el contrabando, la competencia desleal y China&#8221;.<\/p>\n<p class=\"authorquote\" title=\"Axel Kicillof\">Milei quiere cambiar la matriz industrial hist\u00f3rica. Ese es uno de los puntos centrales. El proyecto econ\u00f3mico y la batalla cultural tiene como eje central la desindustrializaci\u00f3n de la Argentina.<\/p>\n<p>Curioso, cuanto toc\u00f3 el turno de Fernando Mutti, representante de Fenaba, le sali\u00f3 al cruce a Gentile. &#8220;Yo entiendo que hay que ir a una reforma tributaria, me encantar\u00eda no pagar ning\u00fan impuesto pero hay que cuidar a la provincia de Buenos Aires&#8221;, dijo.<\/p>\n<p>Mutti lanz\u00f3 varios elogios al gobernador y cont\u00f3 que gracias al gobierno provincial consigui\u00f3 su empresa consigui\u00f3 invertir en una maquina abocardadora (una m\u00e1quina que utiliza para ensanchar de forma c\u00f3nica el extremo de un tubo) que mand\u00f3 a pedir a China. &#8220;Conseguimos el financiamiento gracias al gobierno bonaerense porque cuando el Estado se pone la camiseta de la industria, suceden cosas maravillosas&#8221;, dijo. <\/p>\n<p><a href=\"https:\/\/www.lapoliticaonline.com\/tools\/redirect.php?t=3&amp;i=346135&amp;s=621bc202a6d1b61dee422dc85aa05f35\" class=\"link-type-content content-type-noticia-ar\">Rappallini agit\u00f3 una rebeli\u00f3n industrial y termin\u00f3 consiguiendo un RIGI para su empresa<\/a><\/p>\n<p>Le sigui\u00f3 Pablo Gaspari, representante de la C\u00e1mara de Industriales Fundidores (CIFRA) quien no dud\u00f3 en cruzar a Mutti por comprar en China lo que se puede fabricar en Argentina. &#8220;A m\u00ed me hubiese gustado que la abocardadora que compraron los de Fenaba se fabrique en Argentina. Ac\u00e1 tenemos la capacidad para fabricar la mayor\u00eda de las m\u00e1quinas que necesita la industria&#8221;, dijo. Gaspari adem\u00e1s cruz\u00f3 algunos n\u00fameros que mostr\u00f3 el ministro de Producci\u00f3n, Augusto Costa, al inicio del acto: &#8220;Nuestros n\u00fameros no coindicen con los de la provincia, son peores&#8221;, le dijo.<\/p>\n<p>El gobernador descart\u00f3 la posibilidad de hacer cambios en Ingresos Brutos y cit\u00f3 un estudio de la Fundaci\u00f3n FADA que establece que el 94% de los impuestos son nacionales. &#8220;Podemos hablar uno, dos o tres puntos menos de Ingresos Brutos pero no va a cambiar la ecuaci\u00f3n&#8221;, dijo. <\/p>\n<p class=\"authorquote\" title=\"Axel Kicillof\">Cuando escucho a los industriales decir: &#8216;bueno, pero la macro est\u00e1 bien&#8217;, siento que pr\u00e1cticamente es un da\u00f1o autoinfligido.<\/p>\n<p>Kicillof plante\u00f3 que no se trata de libre mercado sino que las pol\u00edticas del gobierno son decisiones deliberadas. &#8220;Se trata de la intervenci\u00f3n del Estado. Hay un Estado fuerte que interviene en la econom\u00eda para generar esta pol\u00edtica econ\u00f3mica que es de desindustrializaci\u00f3n. Otra gran mentira. \u00bfQu\u00e9 libre mercado? Si son todas decisiones del Estado desindustrializar&#8221;, dijo el gobernador.<\/p>\n<p>&#8220;Es la macro de Milei. La famosa macro que, te\u00f3ricamente, anda bien tiene como objetivo desindustrializar el pa\u00eds&#8221;, dijo Kicillof y sigui\u00f3 con una cr\u00edticas hacia los industriales que festejan la macroeconom\u00eda del gobierno libertario. <\/p>\n<p>&#8220;Cuando los escucho decir: \u2018bueno, pero la macro est\u00e1 bien&#8217;, siento que pr\u00e1cticamente es un da\u00f1o autoinfligido. Dicen \u2018bueno, habr\u00eda que cambiar tal cosa, pero dejemos la macro&#8217;. Es la macro lo que los est\u00e1 fundiendo&#8221;. <\/p>\n","protected":false},"excerpt":{"rendered":"\n<div class=\"media_block\"><img decoding=\"async\" src=\"http:\/\/latecordoba.com\/wp-content\/uploads\/2026\/09\/kicillof-a-los-industriales-es-la-macro-de-milei-lo-que-los-esta-fundiendo.jpg\"><\/div>\n<p>Durante el acto por el D\u00eda de la Industria hubo algunos roces entre los representantes industriales. El gobernador descart\u00f3 cambios en Ingresos Brutos como ped\u00eda Techint.  <\/p>\n","protected":false},"author":1,"featured_media":44107,"comment_status":"closed","ping_status":"closed","sticky":false,"template":"","format":"standard","meta":[],"categories":[18],"tags":[],"_links":{"self":[{"href":"https:\/\/latecordoba.com\/index.php\/wp-json\/wp\/v2\/posts\/44106"}],"collection":[{"href":"https:\/\/latecordoba.com\/index.php\/wp-json\/wp\/v2\/posts"}],"about":[{"href":"https:\/\/latecordoba.com\/index.php\/wp-json\/wp\/v2\/types\/post"}],"author":[{"embeddable":true,"href":"https:\/\/latecordoba.com\/index.php\/wp-json\/wp\/v2\/users\/1"}],"replies":[{"embeddable":true,"href":"https:\/\/latecordoba.com\/index.php\/wp-json\/wp\/v2\/comments?post=44106"}],"version-history":[{"count":0,"href":"https:\/\/latecordoba.com\/index.php\/wp-json\/wp\/v2\/posts\/44106\/revisions"}],"wp:featuredmedia":[{"embeddable":true,"href":"https:\/\/latecordoba.com\/index.php\/wp-json\/wp\/v2\/media\/44107"}],"wp:attachment":[{"href":"https:\/\/latecordoba.com\/index.php\/wp-json\/wp\/v2\/media?parent=44106"}],"wp:term":[{"taxonomy":"category","embeddable":true,"href":"https:\/\/latecordoba.com\/index.php\/wp-json\/wp\/v2\/categories?post=44106"},{"taxonomy":"post_tag","embeddable":true,"href":"https:\/\/latecordoba.com\/index.php\/wp-json\/wp\/v2\/tags?post=44106"}],"curies":[{"name":"wp","href":"https:\/\/api.w.org\/{rel}","templated":true}]}}