{"id":44100,"date":"2026-09-02T20:16:00","date_gmt":"2026-09-02T20:16:00","guid":{"rendered":"https:\/\/www.iprofesional.com\/negocios\/463636-como-se-posiciona-telecentro-en-el-negocio-de-internet-tras-la-compra-de-iplan"},"modified":"2026-09-02T20:16:00","modified_gmt":"2026-09-02T20:16:00","slug":"como-se-posiciona-telecentro-en-el-negocio-de-internet-tras-la-compra-de-iplan","status":"publish","type":"post","link":"https:\/\/latecordoba.com\/index.php\/2026\/09\/02\/como-se-posiciona-telecentro-en-el-negocio-de-internet-tras-la-compra-de-iplan\/","title":{"rendered":"C\u00f3mo se posiciona Telecentro en el negocio de Internet tras la compra de iPlan"},"content":{"rendered":"\n<div class=\"media_block\"><img decoding=\"async\" src=\"http:\/\/latecordoba.com\/wp-content\/uploads\/2026\/09\/como-se-posiciona-telecentro-en-el-negocio-de-internet-tras-la-compra-de-iplan.jpg\"><\/div>\n<div><img decoding=\"async\" src=\"http:\/\/latecordoba.com\/wp-content\/uploads\/2026\/09\/como-se-posiciona-telecentro-en-el-negocio-de-internet-tras-la-compra-de-iplan.webp\" class=\"ff-og-image-inserted\"><\/div>\n<p><strong>Telecentro <\/strong>acord\u00f3 la adquisici\u00f3n de <strong>iPlan <\/strong>por alrededor de <strong>u$s260 millones<\/strong> y sumar\u00e1 una <strong>red de fibra \u00f3ptica, presencia en nuevas ciudades y una cartera relevante de clientes corporativos<\/strong>, en momentos en que el mercado argentino de telecomunicaciones atraviesa un proceso de reordenamiento <a href=\"https:\/\/www.iprofesional.com\/negocios\/461821-telecom-dispara-su-rentabilidad-mientras-se-sigue-reordenando-tras-la-compra-de-telefonica\" target=\"_blank\" rel=\"noopener noreferrer\">despu\u00e9s de la compra de Telef\u00f3nica Argentina por Telecom.<\/a><\/p>\n<p>La operaci\u00f3n tambi\u00e9n acelera dos estrategias que <strong>Telecentro <\/strong>ya hab\u00eda puesto en marcha: la migraci\u00f3n de su infraestructura hacia fibra \u00f3ptica y el crecimiento del negocio empresarial.<\/p>\n<p>La compa\u00f1\u00eda hab\u00eda anunciado un programa de unos <strong>u$s400 millones <\/strong>para avanzar desde su red h\u00edbrida de fibra y coaxial hacia FTTH. Adem\u00e1s, proyect\u00f3 que <strong>el segmento B2B represente el 20% de sus ingresos hacia 2030<\/strong>.<\/p>\n<p>La <a href=\"https:\/\/www.iprofesional.com\/negocios\/463413-telecentro-compra-iplan-usd-260-millones-suma-hogares-conectados\" target=\"_blank\" rel=\"noopener noreferrer\">compra de iPlan le permite a Telecentro <\/a>sumar infraestructura ya desplegada en fibra, presencia en <strong>CABA, C\u00f3rdoba, Rosario y Tucum\u00e1n<\/strong>, m\u00e1s de un mill\u00f3n de hogares pasados y una compa\u00f1\u00eda con una larga trayectoria en el mercado empresarial.<\/p>\n<p>Las cifras difundidas alrededor de la operaci\u00f3n atribuyen ingresos superiores a <strong>u$s600 millones a Telecentro <\/strong>y unos <strong>u$s130 millones <\/strong>a <strong>iPlan <\/strong>durante 2025. De confirmarse esos valores, el conjunto se aproximar\u00eda a los US$750 millones anuales. Se trata de estimaciones vinculadas con la transacci\u00f3n y no de balances consolidados de ambas empresas.<\/p>\n<p>El cierre definitivo est\u00e1 previsto para las pr\u00f3ximas semanas. <span>Hasta el cierre de esta nota, no se hab\u00eda publicado una resoluci\u00f3n de la Autoridad Nacional de la Competencia (ANC) que apruebe la operaci\u00f3n.<\/span><\/p>\n<h2>El mercado de telecomunicaciones empez\u00f3 a moverse<\/h2>\n<p>La compra aparece menos de tres meses despu\u00e9s de que la ANC estableciera las <a href=\"https:\/\/www.iprofesional.com\/tecnologia\/462199-telecom-debe-vender-6-millones-de-lineas-y-metrotel-aparece-como-candidata\" target=\"_blank\" rel=\"noopener noreferrer\">condiciones para autorizar la adquisici\u00f3n de Telef\u00f3nica Argentina por Telecom.<\/a><\/p>\n<p>La <strong>resoluci\u00f3n fij\u00f3 un plazo de 18 meses para que Telecom <\/strong>complete las desinversiones. La principal obliga a transferir a un operador independiente seis millones de clientes m\u00f3viles activos, cuatro millones en el AMBA y dos millones en el resto del pa\u00eds, junto con espectro suficiente para prestar el servicio.<\/p>\n<p>Tambi\u00e9n deber\u00e1 desprenderse de<strong> 211.400 clientes<\/strong> de Internet fijo en 28 localidades.<strong> En CABA, el paquete incluye infraestructura FTTH.<\/strong><\/p>\n<p>La medida busca corregir la concentraci\u00f3n resultante de la operaci\u00f3n. Antes de la compra<span>, Claro ten\u00eda 41,8% del mercado m\u00f3vil, Personal 33,8% y Movistar 24,4%.<\/span> Sin los remedios, <strong>Telecom <\/strong>hubiera concentrado alrededor de <strong>58% de las l\u00edneas <\/strong>y Claro el 42% restante.<\/p>\n<p>La primera propuesta conocida para cumplir con esas condiciones lleg\u00f3 en agosto, cuando Telecom present\u00f3 a Metrotel como potencial comprador de los activos.<\/p>\n<p>La compa\u00f1\u00eda, controlada por <strong>Riverwood Capital y Blackstone<\/strong>, tiene su negocio concentrado principalmente en infraestructura y servicios corporativos. Factur\u00f3 alrededor de US$55 millones en 2025 y cuenta con unos 8.000 kil\u00f3metros de fibra. Una eventual incorporaci\u00f3n de millones de l\u00edneas m\u00f3viles, clientes fijos, espectro e infraestructura modificar\u00eda considerablemente su escala actual.<\/p>\n<h2>Los activos que suma Telecentro<\/h2>\n<p><strong>Telecentro <\/strong>ya era uno de los principales operadores de banda ancha fija. Durante la investigaci\u00f3n de <strong>Telecom-Telef\u00f3nica <\/strong>inform\u00f3 a Defensa de la Competencia que su infraestructura pasaba por alrededor de seis millones de hogares. Seg\u00fan informaci\u00f3n presentada durante el expediente, <strong>Telecentro <\/strong>era a nivel nacional <strong>el tercer operador de Internet residencial, con 13,5% del mercado.<\/strong><\/p>\n<p><span>iPlan agrega una red desarrollada directamente sobre fibra \u00f3ptica y m\u00e1s de 100.000 clientes residenciales,<\/span> adem\u00e1s de su posici\u00f3n hist\u00f3rica entre empresas.<\/p>\n<p>Ese \u00faltimo segmento resulta particularmente relevante para Telecentro. En 2025 la compa\u00f1\u00eda reforz\u00f3 su negocio corporativo mediante un acuerdo para comercializar Starlink entre organizaciones, empresas y profesionales. Tambi\u00e9n desarrolla servicios sobre su Data Center de Lomas del Mirador, con capacidad para hasta 600 racks. <strong>El objetivo declarado es que el B2B alcance el 20% de la facturaci\u00f3n hacia 2030.<\/strong><\/p>\n<p>iPlan aporta una cartera construida desde su nacimiento alrededor de peque\u00f1as y medianas empresas, grandes corporaciones, conectividad, data center y cloud. El negocio residencial fue incorporado reci\u00e9n en 2016.<\/p>\n<p>Tambi\u00e9n llega en medio de su propia transformaci\u00f3n tecnol\u00f3gica. Durante Telco Transformation Latam 2026, realizado en agosto en R\u00edo de Janeiro, <strong>Hern\u00e1n Arcidiacono<\/strong>, CTO de iPlan, sostuvo que la compa\u00f1\u00eda trabaja con un horizonte de cinco a\u00f1os sobre automatizaci\u00f3n, gesti\u00f3n de datos, inteligencia artificial y redes aut\u00f3nomas.<\/p>\n<p>&#8220;La tecnolog\u00eda est\u00e1 disponible.<span> El desaf\u00edo m\u00e1s importante es cambiar la manera de pensar, una transformaci\u00f3n para los pr\u00f3ximos cinco a\u00f1os para entender los desaf\u00edos y verlos de manera transversal en la organizaci\u00f3n<\/span>&#8220;, se\u00f1al\u00f3.<\/p>\n<h2>Qu\u00e9 pasar\u00e1 con los reclamos de Telecentro<\/h2>\n<p>La investigaci\u00f3n de <a href=\"https:\/\/www.iprofesional.com\/tecnologia\/463255-telecom-y-claro-apuestas-millonarias-en-ia-y-nuevos-data-centers\" target=\"_blank\" rel=\"noopener noreferrer\">Defensa de la Competencia sobre Telecom-Telef\u00f3nica <\/a>tambi\u00e9n dej\u00f3 documentada una limitaci\u00f3n que la compra de iPlan no modifica.<\/p>\n<p>Telecentro inform\u00f3 que posee licencias para operar servicios m\u00f3viles, tanto como operador de red como virtual, pero no tiene espectro asignado. El organismo consider\u00f3 que esa situaci\u00f3n la colocaba en desventaja frente a compa\u00f1\u00edas capaces de integrar telefon\u00eda fija, Internet, televisi\u00f3n y servicios m\u00f3viles.<\/p>\n<p>La propia Telecentro se\u00f1al\u00f3 durante el expediente que la posibilidad de ofrecer paquetes convergentes es &#8220;muy relevante&#8221; para captar y retener clientes.<\/p>\n<p><strong>iPlan <\/strong>hizo una observaci\u00f3n similar ante el organismo y sostuvo que para un prestador resulta <strong>&#8220;altamente relevante&#8221; <\/strong>incorporar servicios m\u00f3viles a su oferta.<\/p>\n<p>La adquisici\u00f3n fortalece, por lo tanto, \u00e1reas donde Telecentro ya ten\u00eda presencia: banda ancha fija, fibra \u00f3ptica y empresas. Tambi\u00e9n ampl\u00eda su alcance territorial y aumenta su escala.<\/p>\n<p>Por ahora no modifica la diferencia frente a<strong> Telecom y Claro en telefon\u00eda m\u00f3vil<\/strong>. Tampoco existe informaci\u00f3n que permita afirmar que Telecentro est\u00e9 interesada en los seis millones de clientes y el espectro que Telecom deber\u00e1 transferir. Ese proceso contin\u00faa abierto y la ANC deber\u00e1 aprobar finalmente al comprador que se presente.<\/p>\n<p>Lo concreto es que el tablero empez\u00f3 a cambiar. Desde que Competencia fij\u00f3 las condiciones para Telecom-Movistar, Telecom propuso a Metrotel como adquirente de sus activos y Telecentro avanz\u00f3 sobre iPlan por US$260 millones.<\/p>\n<p>La primera operaci\u00f3n busca resolver una obligaci\u00f3n regulatoria. La segunda agrega escala, fibra y negocio corporativo. Ambas se producen mientras el mercado redefine c\u00f3mo quedar\u00e1 repartida la infraestructura y la competencia despu\u00e9s de la salida de Telef\u00f3nica.<\/p>\n","protected":false},"excerpt":{"rendered":"\n<div class=\"media_block\"><img decoding=\"async\" src=\"http:\/\/latecordoba.com\/wp-content\/uploads\/2026\/09\/como-se-posiciona-telecentro-en-el-negocio-de-internet-tras-la-compra-de-iplan.jpg\"><\/div>\n<p> La operaci\u00f3n suma fibra, presencia en nuevas ciudades y negocios corporativos, mientras avanza el reordenamiento por la compra de Movistar por Telecom <iframe width=\"0\" height=\"0\" border=\"0\"> <script> (function(i,s,o,g,r,a,m){i['GoogleAnalyticsObject']=r;i[r]=i[r]||function(){ (i[r].q=i[r].q||[]).push(arguments)},i[r].l=1*new Date();a=s.createElement(o), m=s.getElementsByTagName(o)[0];a.async=1;a.src=g;m.parentNode.insertBefore(a,m) })(window,document,'script','https:\/\/www.google-analytics.com\/analytics.js','ga'); ga('create', 'GTM-5LW5KQD', 'auto'); ga('require', 'displayfeatures'); ga('set', 'campaignSource', 'RSS Client for iProfesional'); ga('set', 'campaignMedium', 'RSS Client for iProfesional'); ga('set', {\"dataSource\": \"rss.atom.iprofesional.com\"}); ga('set', {\"referrer\": \"rss.atom.iprofesional.com\"}); ga('set', 'title', 'RSS Client for iProfesional'); ga('send', 'pageview'); <\/script> <!-- Begin comScore Tag --> <script> var _comscore = _comscore || []; _comscore.push({ c1: \"2\", c2: \"16597048\" }); (function() { var s = document.createElement(\"script\"), el = document.getElementsByTagName(\"script\")[0]; s.async = true; s.src = \"https:\/\/sb.scorecardresearch.com\/cs\/16597048\/beacon.js\"; el.parentNode.insertBefore(s, el); })(); <\/script> <noscript> <img decoding=\"async\" src=\"http:\/\/latecordoba.com\/wp-content\/uploads\/2026\/09\/como-se-posiciona-telecentro-en-el-negocio-de-internet-tras-la-compra-de-iplan.gif\"> <\/noscript> <!-- End comScore Tag --> <\/iframe> <iframe border=\"0px\" style=\"display: none\" width=0 height=0 src=\"https:\/\/www.iprofesional.com\/ga4.html?gtag_id=G-N13KWJP8BK&amp;title=C\u00f3mo se posiciona Telecentro en el negocio de Internet tras la compra de iPlan&amp;location=https:\/\/www.iprofesional.com\/negocios\/463636-como-se-posiciona-telecentro-en-el-negocio-de-internet-tras-la-compra-de-iplan&amp;referrer=rss.atom.iprofesional.com&amp;ci=RSS Client for iProfesional&amp;cs=RSS Client for iProfesional&amp;cm=RSS&amp;cn=RSS Client for iProfesional&amp;cc=RSS Client for iProfesional\"><\/iframe>  <\/p>\n","protected":false},"author":1,"featured_media":44101,"comment_status":"open","ping_status":"closed","sticky":false,"template":"","format":"standard","meta":[],"categories":[13],"tags":[],"_links":{"self":[{"href":"https:\/\/latecordoba.com\/index.php\/wp-json\/wp\/v2\/posts\/44100"}],"collection":[{"href":"https:\/\/latecordoba.com\/index.php\/wp-json\/wp\/v2\/posts"}],"about":[{"href":"https:\/\/latecordoba.com\/index.php\/wp-json\/wp\/v2\/types\/post"}],"author":[{"embeddable":true,"href":"https:\/\/latecordoba.com\/index.php\/wp-json\/wp\/v2\/users\/1"}],"replies":[{"embeddable":true,"href":"https:\/\/latecordoba.com\/index.php\/wp-json\/wp\/v2\/comments?post=44100"}],"version-history":[{"count":0,"href":"https:\/\/latecordoba.com\/index.php\/wp-json\/wp\/v2\/posts\/44100\/revisions"}],"wp:featuredmedia":[{"embeddable":true,"href":"https:\/\/latecordoba.com\/index.php\/wp-json\/wp\/v2\/media\/44101"}],"wp:attachment":[{"href":"https:\/\/latecordoba.com\/index.php\/wp-json\/wp\/v2\/media?parent=44100"}],"wp:term":[{"taxonomy":"category","embeddable":true,"href":"https:\/\/latecordoba.com\/index.php\/wp-json\/wp\/v2\/categories?post=44100"},{"taxonomy":"post_tag","embeddable":true,"href":"https:\/\/latecordoba.com\/index.php\/wp-json\/wp\/v2\/tags?post=44100"}],"curies":[{"name":"wp","href":"https:\/\/api.w.org\/{rel}","templated":true}]}}