{"id":44098,"date":"2026-09-02T19:00:00","date_gmt":"2026-09-02T19:00:00","guid":{"rendered":"https:\/\/www.iprofesional.com\/negocios\/462948-el-psicologo-que-creo-el-psicoanalista-wines-y-produce-miles-de-vinos"},"modified":"2026-09-02T19:00:00","modified_gmt":"2026-09-02T19:00:00","slug":"es-psicologo-vende-vino-y-encontro-su-negocio-en-la-pausa-entre-el-divan-y-la-copa","status":"publish","type":"post","link":"https:\/\/latecordoba.com\/index.php\/2026\/09\/02\/es-psicologo-vende-vino-y-encontro-su-negocio-en-la-pausa-entre-el-divan-y-la-copa\/","title":{"rendered":"Es psic\u00f3logo, vende vino y encontr\u00f3 su negocio en la pausa entre el div\u00e1n y la copa"},"content":{"rendered":"\n<div class=\"media_block\"><img decoding=\"async\" src=\"http:\/\/latecordoba.com\/wp-content\/uploads\/2026\/09\/es-psicologo-vende-vino-y-encontro-su-negocio-en-la-pausa-entre-el-divan-y-la-copa.jpg\"><\/div>\n<p>Mat\u00edas Fantagussi tiene 43 a\u00f1os, hace una d\u00e9cada que ejerce como <strong>psicoanalista <\/strong>y reparte sus semanas entre un consultorio privado y un hospital p\u00fablico de Mendoza. En 2016, mientras todav\u00eda cursaba la carrera, inscribi\u00f3 una marca de vino que hoy produce cerca de 30.000 botellas por a\u00f1o y lleg\u00f3 a vinotecas de Buenos Aires, Santa Fe y Rosario. La bautiz\u00f3 <a href=\"https:\/\/www.instagram.com\/elpsicoanalistawines\/\" target=\"_blank\" title=\"El Psicoanalista Wines IG\" rel=\"external noopener noreferrer\"><strong>El Psicoanalista Wines<\/strong><\/a>.<\/p>\n<p>No <span><a href=\"https:\/\/www.iprofesional.com\/vinos\/462359-dos-amantes-del-vino-plantaron-uvas-donde-nadie-imaginaba-y-crearon-propia-bodega\" target=\"_blank\" title=\"Crearon una bodega en Jun\u00edn donde nadie cre\u00eda posible y hoy producen 2.000 vinos al a\u00f1o\" rel=\"noopener noreferrer\">cre\u00f3 una bodega donde produce vinos<\/a>, ni hered\u00f3 ni es un emprendedor&nbsp;<\/span>nacido entre toneles. La llegada de <a href=\"https:\/\/www.instagram.com\/matias_fantagussi\/\" target=\"_blank\" title=\"Mat\u00edas Fantagussi\" rel=\"external noopener\">Mat\u00edas Fantagussi<\/a> en la&nbsp;<strong>industria vitivin\u00edcola<\/strong> tuvo un origen bastante m\u00e1s circunstancial. Su familia, dedicada a la <strong>metalmec\u00e1nica <\/strong>y con v\u00ednculos comerciales con China, necesitaba generar exportaciones para sostener las importaciones de insumos, cuando el Gobierno de Cristina Fern\u00e1ndez de Kirchner exig\u00eda a las empresas que compensaran la salida de divisas hacia el exterior generando sus propios d\u00f3lares mediante exportaciones (ya fuera con producci\u00f3n propia o asoci\u00e1ndose con otros exportadores).<\/p>\n<p>De ese desv\u00edo naci\u00f3 una primera marca, <strong>pensada exclusivamente para exportar a China<\/strong>. Con el tiempo esa unidad de negocio familiar dej\u00f3 de tener sentido y se cerr\u00f3. Fantagussi, que para entonces ya se hab\u00eda involucrado de lleno en la industria, decidi\u00f3 quedarse con el proyecto y hacerlo propio. &#8220;Ya no era tan institucional y yo quer\u00eda hacer algo m\u00e1s personal, algo que tuviese que ver conmigo, algo que me permitiera contar una historia&#8221;, explica a <strong><strong>iProfesional<\/strong><\/strong>.<\/p>\n<p>Fantagussi quiso trasladar al vino algo que ya conoc\u00eda del <strong>consultorio<\/strong>; la posibilidad de frenar, hablar, hacerse una pregunta y mirar lo que est\u00e1 pasando. El v\u00ednculo con el vino apareci\u00f3 para \u00e9l en la <strong>pausa y el tiempo<\/strong>. <span>&#8220;Si hay un punto de encuentro fundamental entre el vino y el psicoan\u00e1lisis es la pausa. Tanto en el consultorio como en la toma de un vino se me figura la idea de detenernos un instante, en la vor\u00e1gine del d\u00eda a d\u00eda, para propiciar un momento personal, de conexi\u00f3n con uno y con los otros&#8221;, describe.<\/span><\/p>\n<p>La imagen es f\u00e1cil de reconocer. Llegar a casa despu\u00e9s de un d\u00eda complicado, poner m\u00fasica, servirse una copa de vino y sentarse un rato. No necesariamente para resolver nada. Mucho menos para interpretar el inconsciente de nadie. Simplemente para bajar un cambio. &#8220;Vivimos en tiempos complejos, con todas las demandas que corren hoy en d\u00eda. En el consultorio aparecen la ansiedad, los ataques de p\u00e1nico, las angustias, las incertidumbres. Y se da esto de la pausa, de poder pensarse, de tomarte un tiempo en el ritmo de la vida cotidiana para revisarte y cuestionar ciertas cosas. Y el vino, como bebida, tiene para m\u00ed esa caracter\u00edstica intr\u00ednseca de la pausa&#8221;, ampl\u00eda.&nbsp;<\/p>\n<p>Adem\u00e1s e<span>l vino tampoco se lleva demasiado bien con la ansiedad; es de tiempos lentos. <\/span><span>Primero hay que plantar. Despu\u00e9s esperar. Cosechar. Fermentar. Embotellar. Y reci\u00e9n despu\u00e9s alguien puede descorcharlo; necesita tiempo.<\/span><\/p>\n<p>El primer lote <strong>sali\u00f3 en 2016 con 5.000 <a href=\"https:\/\/www.iprofesional.com\/vinos\/460564-este-vino-malbec-se-consagro-como-el-numero-1-de-argentina-a-nivel-mundial\" target=\"_blank\" title=\"Este vino Malbec se consagr\u00f3 como el n\u00famero 1 de Argentina a nivel mundial\" rel=\"noopener noreferrer\">botellas de Malbec<\/a> de El Cepillo, en San Carlos, sur del Valle de Uco<\/strong>. En ese momento lo acompa\u00f1aba <a href=\"https:\/\/www.linkedin.com\/in\/hernan-olivera-5251aaa0\/\" target=\"_blank\" title=\"Sommelier Hern\u00e1n Olivera LinkedIn\" rel=\"external noopener\">Hern\u00e1n Olivera<\/a>, sommelier y socio de aquellos primeros a\u00f1os, encargado de definir el perfil del vino mientras Fantagussi se ocupaba de lo conceptual. Las etiquetas, cada una con una escena y una historia distinta, las dise\u00f1\u00f3 <a href=\"https:\/\/www.linkedin.com\/in\/fabri-balbont%C3%ADn-1a395338\/https:\/\/www.linkedin.com\/in\/fabri-balbont%C3%ADn-1a395338\/\" target=\"_blank\" title=\"Dise\u00f1ador Fabricio Balbont\u00edn LinkedIn\" rel=\"external noopener\">Fabricio Balbont\u00edn<\/a>, amigo de Fantagussi. Desde entonces la marca fue rotando de terru\u00f1o, pas\u00f3 por <strong>Gualtallary <\/strong>y <strong>Altamira <\/strong>hasta asentarse en <strong>El Peral<\/strong>, <strong>Tupungato<\/strong>, donde hoy elabora sus vinos junto al en\u00f3logo <a href=\"https:\/\/www.linkedin.com\/in\/fabri-balbont%C3%ADn-1a395338\/\" target=\"_blank\" title=\"En\u00f3logo Fernando Sota LinkedIn\" rel=\"external noopener\">Fernando Sota<\/a>, con vi\u00f1edos de entre <strong>1.100 y 1.550 metros sobre el nivel del mar.<\/strong><strong><span><\/span><\/strong><\/p>\n<h2>Cu\u00e1nto vino produce y a qu\u00e9 precios llega al mercado<\/h2>\n<p>El Psicoanalista sigue funcionando por lotes chicos, aunque el volumen total creci\u00f3 bastante desde aquel primer env\u00edo. Seg\u00fan detall\u00f3 el propio fundador, hoy la <strong>producci\u00f3n anual ronda las 30.000 botellas<\/strong>, repartidas en un portfolio que empez\u00f3 con un \u00fanico <strong>Malbec<\/strong> y fue sumando <strong>Cabernet Franc<\/strong>,<strong> Petit Verdot<\/strong>, un <strong>Torront\u00e9s Naranjo<\/strong> y una l\u00ednea de corte llamada <strong>El Corte<\/strong>, pensada como combinaci\u00f3n de distintas cepas y terroirs.<\/p>\n<div class=\"imagen\" readability=\"8\"><img decoding=\"async\" loading=\"lazy\" fetchpriority=\"low\" class=\"lazyload\" src=\"http:\/\/latecordoba.com\/wp-content\/uploads\/2026\/09\/es-psicologo-vende-vino-y-encontro-su-negocio-en-la-pausa-entre-el-divan-y-la-copa-1.jpg\" alt=\"La primera partida de El Psicoanalista fue de 5.000 botellas de Malbec del Valle de Uco\" width=\"1280\" height=\"720\"><\/p>\n<p>La primera partida de El Psicoanalista fue de 5.000 botellas de Malbec del Valle de Uco &#8211; &nbsp;Gentileza El Psicoanalistas Wines<\/p>\n<\/div>\n<p>Seg\u00fan los precios sugeridos de venta que difunde la marca, <strong>el Malbec, el Cabernet Franc y el Petit Verdot llegan a g\u00f3ndola a $16.000<\/strong>, el <strong>Torront\u00e9s Naranjo a $20.000<\/strong> y <strong>El Corte, la l\u00ednea de mayor complejidad, a $24.500<\/strong>. El canal principal sigue siendo la <strong>vinoteca<\/strong>, apuntalado por algo de gastronom\u00eda. &#8220;Trabajamos con distribuidores en<strong> Buenos Aires, Santa Fe y Rosario<\/strong>, en el sur estamos m\u00e1s intermitentes e hicimos algunas expediciones al norte, pero el canal puntual son las vinotecas&#8221;, cuenta Fantagussi, que agrega que ah\u00ed &#8220;se acerca el <strong>consumidor que busca algo distinto<\/strong>, a diferencia de otros canales como los supermercados, donde hay marcas m\u00e1s establecidas&#8221;. Por ahora el mercado es interno, aunque <span>ya tuvo consultas de posibles compradores de Per\u00fa, Colombia, Brasil y M\u00e9xico<\/span>.<\/p>\n<p>Detr\u00e1s de la marca no hay estructura de empleados ni bodega propia, toda<strong> la elaboraci\u00f3n est\u00e1 tercerizada en El Peral<\/strong>. &#8220;Es pr\u00e1cticamente una empresa <strong>unipersonal<\/strong>, de hecho acabo de hacer la inscripci\u00f3n con el formato de <a href=\"https:\/\/www.argentina.gob.ar\/justicia\/derechofacil\/leysimple\/sociedad-por-acciones-simplificada-sas\" target=\"_blank\" title=\"Sociedad por Acciones Simplificada (SAS)\" rel=\"external noopener noreferrer\">Sociedad por acciones Simplificadas, SAS<\/a>&#8220;, detall\u00f3 Fantagussi, que <strong>reconoce que el negocio no ser\u00eda sostenible sin sus ingresos como psic\u00f3logo<\/strong>. &#8220;En mi caso es relativamente rentable, pero porque tengo otras actividades que me permiten estar m\u00e1s o menos tranquilo. Hay momentos de sostenimiento y despu\u00e9s espero que haya, aunque sea progresivo, un crecimiento&#8221;, admite.<\/p>\n<p>Durante el primer semestre de 2026, <a href=\"https:\/\/www.argentina.gob.ar\/sites\/default\/files\/2018\/10\/informe_mensual_merc._interno_de_vinos_junio_2026_final.pdf\" target=\"_blank\" title=\"el consumo interno de vino mostr\u00f3 una leve recuperaci\u00f3n en volumen\" rel=\"external noopener noreferrer\">el consumo interno de vino mostr\u00f3 una leve recuperaci\u00f3n en volumen<\/a>, aunque continu\u00f3 cerca de sus m\u00ednimos hist\u00f3ricos . &#8220;La ca\u00edda del consumo de vino no perdona a nadie del rubro, y se suma a una tendencia de fondo hacia<strong> menos alcohol y h\u00e1bitos m\u00e1s saludables<\/strong>&#8220;, dice. Aun as\u00ed defiende el lugar del vino en la mesa argentina. <span>&#8220;Una cosa es el <strong>consumo problem\u00e1tico<\/strong> y otra cosa es que la vida se reduzca a ser solamente <strong>fitness<\/strong>. Hay ciertos disfrutes que vienen de anta\u00f1o, de los griegos, cuando se hac\u00edan esas grandes comidas con vino&#8221;, plantea.<\/span><\/p>\n<p>Despu\u00e9s aparece una de las mejores bromas de la charla. \u00bfSe podr\u00eda hacer una sesi\u00f3n tomando vino con el paciente? Fantagussi se r\u00ede y juega con la idea. &#8220;Freud usaba la hipnosis para vencer ciertas barreras.Hoy no ser\u00eda \u00e9tico, pero<strong> el vino ser\u00eda una gran herramienta<\/strong>. El problema es que despu\u00e9s te acuerdes&#8221;, se r\u00ede.<\/p>\n<div class=\"imagen\" readability=\"10\"><img decoding=\"async\" loading=\"lazy\" fetchpriority=\"low\" class=\"lazyload\" src=\"http:\/\/latecordoba.com\/wp-content\/uploads\/2026\/09\/es-psicologo-vende-vino-y-encontro-su-negocio-en-la-pausa-entre-el-divan-y-la-copa-2.jpg\" alt=\"El Psicoanalista recibi\u00f3 consultas de compradores de Per\u00fa, Colombia, Brasil y M\u00e9xico\" width=\"1280\" height=\"720\"><\/p>\n<p>El Psicoanalista recibi\u00f3 consultas de compradores de Per\u00fa, Colombia, Brasil y M\u00e9xico &#8211; &nbsp;Gentileza El Psicoanalistas Wines<\/p>\n<\/div>\n<p>Por ahora, el proyecto tiene una ambici\u00f3n bastante m\u00e1s cultural. Fantagussi imagina un espacio propio donde el vino conviva con otras disciplinas. &#8220;Me encantar\u00eda el d\u00eda de ma\u00f1ana tener un<strong> espacio donde el vino conviva con distintas aristas de la cultura<\/strong>, que venga alguien a presentar su libro, que haya m\u00fasica&#8221;, dice, aunque aclara que todav\u00eda es m\u00e1s deseo que plan concreto.<\/p>\n<p>Y quiz\u00e1s ah\u00ed est\u00e9 la gracia. Despu\u00e9s de todo, si algo aprendi\u00f3 Fantagussi entre el consultorio y las botellas es que no todo tiene que estar resuelto de antemano.<\/p>\n","protected":false},"excerpt":{"rendered":"\n<div class=\"media_block\"><img decoding=\"async\" src=\"http:\/\/latecordoba.com\/wp-content\/uploads\/2026\/09\/es-psicologo-vende-vino-y-encontro-su-negocio-en-la-pausa-entre-el-divan-y-la-copa.jpg\"><\/div>\n<p> Psic\u00f3logo de profesi\u00f3n, Mat\u00edas Fantagussi encontr\u00f3 en el vino una forma de hablar de la pausa, el tiempo y los v\u00ednculos entre las personas <iframe width=\"0\" height=\"0\" border=\"0\"> <script> (function(i,s,o,g,r,a,m){i['GoogleAnalyticsObject']=r;i[r]=i[r]||function(){ (i[r].q=i[r].q||[]).push(arguments)},i[r].l=1*new Date();a=s.createElement(o), m=s.getElementsByTagName(o)[0];a.async=1;a.src=g;m.parentNode.insertBefore(a,m) })(window,document,'script','https:\/\/www.google-analytics.com\/analytics.js','ga'); ga('create', 'GTM-5LW5KQD', 'auto'); ga('require', 'displayfeatures'); ga('set', 'campaignSource', 'RSS Client for iProfesional'); ga('set', 'campaignMedium', 'RSS Client for iProfesional'); ga('set', {\"dataSource\": \"rss.atom.iprofesional.com\"}); ga('set', {\"referrer\": \"rss.atom.iprofesional.com\"}); ga('set', 'title', 'RSS Client for iProfesional'); ga('send', 'pageview'); <\/script> <!-- Begin comScore Tag --> <script> var _comscore = _comscore || []; _comscore.push({ c1: \"2\", c2: \"16597048\" }); (function() { var s = document.createElement(\"script\"), el = document.getElementsByTagName(\"script\")[0]; s.async = true; s.src = \"https:\/\/sb.scorecardresearch.com\/cs\/16597048\/beacon.js\"; el.parentNode.insertBefore(s, el); })(); <\/script> <noscript> <img decoding=\"async\" src=\"http:\/\/latecordoba.com\/wp-content\/uploads\/2026\/09\/es-psicologo-vende-vino-y-encontro-su-negocio-en-la-pausa-entre-el-divan-y-la-copa.gif\"> <\/noscript> <!-- End comScore Tag --> <\/iframe> <iframe border=\"0px\" style=\"display: none\" width=0 height=0 src=\"https:\/\/www.iprofesional.com\/ga4.html?gtag_id=G-N13KWJP8BK&amp;title=Es psic\u00f3logo, vende vino y encontr\u00f3 su negocio en la pausa entre el div\u00e1n y la copa&amp;location=https:\/\/www.iprofesional.com\/negocios\/462948-el-psicologo-que-creo-el-psicoanalista-wines-y-produce-miles-de-vinos&amp;referrer=rss.atom.iprofesional.com&amp;ci=RSS Client for iProfesional&amp;cs=RSS Client for iProfesional&amp;cm=RSS&amp;cn=RSS Client for iProfesional&amp;cc=RSS Client for iProfesional\"><\/iframe>  <\/p>\n","protected":false},"author":1,"featured_media":44099,"comment_status":"open","ping_status":"closed","sticky":false,"template":"","format":"standard","meta":[],"categories":[19],"tags":[],"_links":{"self":[{"href":"https:\/\/latecordoba.com\/index.php\/wp-json\/wp\/v2\/posts\/44098"}],"collection":[{"href":"https:\/\/latecordoba.com\/index.php\/wp-json\/wp\/v2\/posts"}],"about":[{"href":"https:\/\/latecordoba.com\/index.php\/wp-json\/wp\/v2\/types\/post"}],"author":[{"embeddable":true,"href":"https:\/\/latecordoba.com\/index.php\/wp-json\/wp\/v2\/users\/1"}],"replies":[{"embeddable":true,"href":"https:\/\/latecordoba.com\/index.php\/wp-json\/wp\/v2\/comments?post=44098"}],"version-history":[{"count":0,"href":"https:\/\/latecordoba.com\/index.php\/wp-json\/wp\/v2\/posts\/44098\/revisions"}],"wp:featuredmedia":[{"embeddable":true,"href":"https:\/\/latecordoba.com\/index.php\/wp-json\/wp\/v2\/media\/44099"}],"wp:attachment":[{"href":"https:\/\/latecordoba.com\/index.php\/wp-json\/wp\/v2\/media?parent=44098"}],"wp:term":[{"taxonomy":"category","embeddable":true,"href":"https:\/\/latecordoba.com\/index.php\/wp-json\/wp\/v2\/categories?post=44098"},{"taxonomy":"post_tag","embeddable":true,"href":"https:\/\/latecordoba.com\/index.php\/wp-json\/wp\/v2\/tags?post=44098"}],"curies":[{"name":"wp","href":"https:\/\/api.w.org\/{rel}","templated":true}]}}