{"id":44096,"date":"2026-09-02T21:22:00","date_gmt":"2026-09-02T21:22:00","guid":{"rendered":"https:\/\/www.iprofesional.com\/economia\/463641-milei-nego-cambios-en-la-economia-no-vamos-a-parar-hasta-derrotar-a-la-inflacion"},"modified":"2026-09-02T21:22:00","modified_gmt":"2026-09-02T21:22:00","slug":"milei-nego-cambios-en-la-politica-monetaria-no-vamos-a-parar-hasta-derrotar-a-la-inflacion","status":"publish","type":"post","link":"https:\/\/latecordoba.com\/index.php\/2026\/09\/02\/milei-nego-cambios-en-la-politica-monetaria-no-vamos-a-parar-hasta-derrotar-a-la-inflacion\/","title":{"rendered":"Milei neg\u00f3 cambios en la pol\u00edtica monetaria: &#8220;No vamos a parar hasta derrotar a la inflaci\u00f3n&#8221;"},"content":{"rendered":"\n<div class=\"media_block\"><img decoding=\"async\" src=\"http:\/\/latecordoba.com\/wp-content\/uploads\/2026\/09\/milei-nego-cambios-en-la-politica-monetaria-no-vamos-a-parar-hasta-derrotar-a-la-inflacion.jpg\"><\/div>\n<div><img decoding=\"async\" src=\"http:\/\/latecordoba.com\/wp-content\/uploads\/2026\/09\/milei-nego-cambios-en-la-politica-monetaria-no-vamos-a-parar-hasta-derrotar-a-la-inflacion.webp\" class=\"ff-og-image-inserted\"><\/div>\n<p>El presidente <strong>Javier Milei <\/strong>habl\u00f3 en el evento &#8220;<strong>Vientos de Cambio: Avanza la Libertad en Argentina y las Am\u00e9ricas<\/strong>&#8220;, organizado por la Fundaci\u00f3n Libertad y Progreso. Durante su exposici\u00f3n, el mandatario volvi\u00f3 a cargar contra el periodismo, asegur\u00f3 que no cambiar\u00e1 sus pol\u00edticas econ\u00f3micas y habl\u00f3 de las elecciones 2027.<\/p>\n<p>Al referirse al nombre del evento, <a href=\"https:\/\/www.iprofesional.com\/politica\/460896-que-dijo-lula-da-silva-tras-duras-criticas-de-javier-milei-en-brasil\" target=\"_blank\" rel=\"noopener noreferrer\">Milei hizo menci\u00f3n a las elecciones en Brasil <\/a>y dio a entender que Flavio Bolsonaro vencer\u00e1 a Lula da Silva.<\/p>\n<p>Sobre las variables econ\u00f3micas, el Presidente sostuvo: &#8220;<strong>Quieren que flexibilicemos nuestra pol\u00edtica monetaria y nuestra pol\u00edtica fiscal. <\/strong>Y no vamos a hacer eso. No vamos a flexibilizar nuestra pol\u00edtica fiscal. El equilibrio fiscal no se negocia. Tampoco vamos a negociar la pol\u00edtica monetaria,<strong> porque no vamos a parar hasta terminar de derrotar la inflaci\u00f3n&#8221;.<\/strong><\/p>\n<p>&#8220;<strong>Al populismo no se le gana haciendo populismo.<\/strong> No hay sustituto para las buenas pol\u00edticas, no hay sustituto a hacer lo moralmente correcto. A llevar a cabo pol\u00edticas que sean justas. Lo que tenemos que hacer es mantenernos en ese rumbo y que elijan los argentinos: qu\u00e9 mejor que por primera vez los argentinos van a tener un men\u00fa de opciones donde se pueden mostrar ideas y resultados. <strong>Si algo demostr\u00f3 el Gobierno es que cada una de las cosas que prometimos, las cumplimos<\/strong>&#8220;, agreg\u00f3 el mandatario.<\/p>\n<p>En tanto, luego de repasar los distintos datos y logros de su gobierno, el mandatario se refiri\u00f3 a las pr\u00f3ximas elecciones: &#8220;<span><strong>Si no ganamos es porque como sociedad nos estamos eligiendo suicidarnos&#8221;.<\/strong><\/span><\/p>\n<h2>&#8220;Las buenas pol\u00edticas no se negocian&#8221;<\/h2>\n<p>En otro tramo de su exposici\u00f3n, Milei sostuvo: &#8220;<span>Llegamos a las elecciones de medio tiempo habiendo cumplido con todas las promesas de campa\u00f1a. <\/span>Y no solo eso, presentamos nuestro partido por primera vez en 24 distritos y ganamos en 16 y le sacamos 17 puntos de diferencia al maldito kirchnerismo&#8221;.<\/p>\n<p>&#8220;Por lo tanto,<strong> las buenas pol\u00edticas no se negocian<\/strong>. Y estar\u00e1 en manos de los argentinos si quieren volver al pasado, si quieren volver a abrazar el fracaso o quieren terminar con esta transformaci\u00f3n que har\u00e1 grande a Argentina nuevamente&#8221;.<\/p>\n<p>&#8220;Hay un tema muy importante que tiene que ver con los resultados. Una de las cosas que m\u00e1s trabajo demanda es convencer a la sociedad de ser libre. <strong>Parece mentira, pero es la parte m\u00e1s dif\u00edcil de abrazar las ideas de la libertad<\/strong>&#8220;, agreg\u00f3.<\/p>\n<p>En tanto, para referirse a las ideas de la libertad, tom\u00f3 como ejemplo parte del libro \u00c9xodo y se\u00f1al\u00f3: &#8220;Si no mostramos resultados se hace dif\u00edcil acompa\u00f1ar, porque lo que estamos proponiendo es un escenario que tiene riesgo. Lo que hace el Estado es un vendedor de seguro: ofrece un mont\u00f3n de servicios que lo podr\u00eda satisfacer el sector privado si tuvi\u00e9ramos mercado de seguros completo y profundo: algo que estamos trabajando con Federico, lo que llamamos la revoluci\u00f3n de seguros. Cuando desarrolle el mercado, entonces la necesidad de contar con Estado es menor. Y si necesito menos Estado puedo bajar impuestos. Y el sector privado seguramente lo har\u00e1 mejor&#8221;.<\/p>\n<p>&#8220;<strong>Con los datos les estamos ganando por goleada, a pesar de la suciedad de los corruptos periodistas y medios de comunicaci\u00f3n que apuestan al fracaso permanente de Argentina<\/strong>&#8220;, asegur\u00f3.<\/p>\n<p>&#8220;Por lo tanto, t<strong>engo esperanzas y conf\u00edo en los argentinos<\/strong>. Porque no puede ser que un conjunto de delincuentes mentirosos tapen el sol con un dedo. Mientras que ellos sigan diciendo sus mentiras, vamos a seguir repitiendo la verdad&#8221;, se\u00f1al\u00f3 Milei.<\/p>\n<p>&#8220;Lo que voy a hacer es mostrarles que hoy no solo somos los representantes de las mejores ideas, sino que no solo somos promesas, somos un mont\u00f3n de resultados. Y quiero hacer un especial agradecimiento a los miembros del equipo. A los miembros del Gabinete&#8221;, agreg\u00f3.<\/p>\n<h2>&#8220;\u00bfSe imaginan lo que estar\u00edan diciendo si estos logros los hubiera hecho el peronismo?&#8221;<\/h2>\n<p>Milei tambi\u00e9n repas\u00f3 algunos indicadores econ\u00f3micos, entre los que destac\u00f3 la evoluci\u00f3n de la inflaci\u00f3n y la actividad econ\u00f3mica en los \u00faltimos gobiernos. Destac\u00f3 que su gesti\u00f3n baj\u00f3 los n\u00fameros del IPC e impuls\u00f3 los n\u00fameros de la actividad. Y habl\u00f3 de la pobreza.<\/p>\n<p>&#8220;Creemos en el sistema de precios y lo primero que hicimos fue sincerar los precios. Si tomamos en ese caso sincerada la pobreza y la frecuencia trimestral, la pobreza salt\u00f3 al 53%. Hoy ese n\u00famero es 28%, quiere decir que los desalmados liberales, los no emp\u00e1ticos,<strong> sacaron a 14 millones de personas de la pobreza<\/strong>&#8220;, asegur\u00f3.<\/p>\n<p>&#8220;Naturalmente, no solo mejoraron las condiciones en t\u00e9rmino de pobreza, tambi\u00e9n en t\u00e9rminos de indigencia: cay\u00f3 en dos tercios la cantidad de indigentes. La verdad es que la foto sigue siendo mala, pero la pel\u00edcula es la mejor de la historia. \u00bfSe imaginan lo que estar\u00edan diciendo si estos logros en materia social los hubiera hecho el peronismo? Hoy el 50% de las calles de Argentina llevar\u00edan mi nombre. Pero claro, no soy peronista&#8221;, agreg\u00f3.<\/p>\n<p>&#8220;<strong>Ustedes se dan cuenta el esfuerzo que hacen esas basuras con micr\u00f3fonos, los sicarios, por tapar todo esto.<\/strong> Est\u00e1n todo el tiempo con que el consumo no arranca y el consumo est\u00e1 en r\u00e9cord hist\u00f3rico. Y sali\u00f3 una periodista, una bestia, sali\u00f3 a torearme por X de que yo deliraba. Y su prueba argumentativa era una encuesta de un enemigo, hecha telef\u00f3nicamente. El trabajo que hacen los periodistas por que se mantenga el estado corrupto es enorme. Entiendo que les saqu\u00e9 la pauta, que el kirchnerismo los hizo adicto a la pauta y el sector se expandi\u00f3 m\u00e1s de lo que deb\u00eda. Y hay que reconocer que son de izquierda, odian nuestras ideas, porque significa que si nos va bien estuvieron equivocados&#8221;, agreg\u00f3.<\/p>\n<p>Tambi\u00e9n volvi\u00f3 a pegarle al empresario Paolo Rocca: &#8220;No son solo pol\u00edticos o periodistas. Tambi\u00e9n hay empresarios. Si no, vean el conjunto de delincuentes que salieron a pegarme cuando habl\u00e9 de \u2018<strong>Don Chatarr\u00edn de los tubitos caros<\/strong>\u2019. Muchos periodistas que se jactan de ser liberal, que parece P\u00e1gina 12. Mucho salieron a defender a los que ahora se sabe que pagaron coimas a los kirchneristas. Pero no pidieron disculpas por decirme lo que dijeron&#8221;.<\/p>\n<h2>Qu\u00e9 dijo Javier Milei sobre el desempleo y el salario<\/h2>\n<p>En otro tramo de su discurso, Milei habl\u00f3 de los indicadores de desempleo. &#8220;<span>La tasa de desempleo es 7,8%. En el primer trimestre, el comparable de 2023, era 7%.<\/span> Con lo cual no hay mucha diferencia que digamos. En especial porque hubo un fuerte aumento de la PEA. Y el promedio hist\u00f3rico de Argentina de la serie de desempleo es 9%. Dif\u00edcilmente se podr\u00eda decir que este modelo no genera trabajo&#8221;, sostuvo.<\/p>\n<p>&#8220;De hecho, <strong>gener\u00f3 500 mil puestos de trabajo en el sector privado.<\/strong> Les guste o no les guste. Adem\u00e1s, se le tiene que sumar que echamos a m\u00e1s de 70.000 empleados p\u00fablicos. Pero como son brutalmente deshonestos intelectualmente, dicen el 50% del mercado estaba en la informalidad, pero no inventamos nosotros. Nosotros lo recibimos. Por eso, habiendo tenido el respaldo que tuvimos en las elecciones en octubre del a\u00f1o pasado, nos mandamos por las reformas imposibles. Una era la modernizaci\u00f3n laboral&#8221;, agreg\u00f3.<\/p>\n<p>&#8220;A pesar de que no tenemos mayor\u00eda en las dos c\u00e1maras, <strong>logramos pasar una ley laboral que ni siquiera se pudo lograr durante gobiernos militares.<\/strong> Hacemos posible lo que todo el mundo consideraba imposible. Lo que hace es dejar las puertas abiertas para la formalizaci\u00f3n&#8221;, se\u00f1al\u00f3.<\/p>\n<p>&#8220;<strong>Otra cosa que dicen es que los salarios no crecen. Es mentira<\/strong>. Si tomo el salario del sector privado formal, podr\u00eda decir que est\u00e1 empatado. Si miro los del sector p\u00fablico est\u00e1n bajando: es lo que est\u00e1bamos buscando. Pero la parte deshonesta es que est\u00e1n dejando la mitad del mercado afuera. Y que cuando toman el sector informal, los salarios del sector informal est\u00e1n volando. Le ganaron a la inflaci\u00f3n m\u00e1s del 60%. No es que los salarios no suben, hacen una cuenta deshonesta. Omiten la variable que da bien&#8221;, resalt\u00f3 Milei.<\/p>\n<p>Al repasar los logros de su Gobierno, hizo menci\u00f3n nuevamente a las elecciones: &#8220;<span><strong>Si no ganamos es porque como sociedad nos estamos eligiendo suicidarnos<\/strong>&#8220;.&nbsp;<\/span><\/p>\n","protected":false},"excerpt":{"rendered":"\n<div class=\"media_block\"><img decoding=\"async\" src=\"http:\/\/latecordoba.com\/wp-content\/uploads\/2026\/09\/milei-nego-cambios-en-la-politica-monetaria-no-vamos-a-parar-hasta-derrotar-a-la-inflacion.jpg\"><\/div>\n<p> El Presidente se refiri\u00f3 a las elecciones y asegur\u00f3. &#8220;Si algo demostr\u00f3 el Gobierno es que cada una de las cosas que prometimos, las cumplimos&#8221; <iframe width=\"0\" height=\"0\" border=\"0\"> <script> (function(i,s,o,g,r,a,m){i['GoogleAnalyticsObject']=r;i[r]=i[r]||function(){ (i[r].q=i[r].q||[]).push(arguments)},i[r].l=1*new Date();a=s.createElement(o), m=s.getElementsByTagName(o)[0];a.async=1;a.src=g;m.parentNode.insertBefore(a,m) })(window,document,'script','https:\/\/www.google-analytics.com\/analytics.js','ga'); ga('create', 'GTM-5LW5KQD', 'auto'); ga('require', 'displayfeatures'); ga('set', 'campaignSource', 'RSS Client for iProfesional'); ga('set', 'campaignMedium', 'RSS Client for iProfesional'); ga('set', {\"dataSource\": \"rss.atom.iprofesional.com\"}); ga('set', {\"referrer\": \"rss.atom.iprofesional.com\"}); ga('set', 'title', 'RSS Client for iProfesional'); ga('send', 'pageview'); <\/script> <!-- Begin comScore Tag --> <script> var _comscore = _comscore || []; _comscore.push({ c1: \"2\", c2: \"16597048\" }); (function() { var s = document.createElement(\"script\"), el = document.getElementsByTagName(\"script\")[0]; s.async = true; s.src = \"https:\/\/sb.scorecardresearch.com\/cs\/16597048\/beacon.js\"; el.parentNode.insertBefore(s, el); })(); <\/script> <noscript> <img decoding=\"async\" src=\"http:\/\/latecordoba.com\/wp-content\/uploads\/2026\/09\/milei-nego-cambios-en-la-politica-monetaria-no-vamos-a-parar-hasta-derrotar-a-la-inflacion.gif\"> <\/noscript> <!-- End comScore Tag --> <\/iframe> <iframe border=\"0px\" style=\"display: none\" width=0 height=0 src=\"https:\/\/www.iprofesional.com\/ga4.html?gtag_id=G-N13KWJP8BK&amp;title=Milei neg\u00f3 cambios en la pol\u00edtica monetaria: &quot;No vamos a parar hasta derrotar a la inflaci\u00f3n&quot;&amp;location=https:\/\/www.iprofesional.com\/economia\/463641-milei-nego-cambios-en-la-economia-no-vamos-a-parar-hasta-derrotar-a-la-inflacion&amp;referrer=rss.atom.iprofesional.com&amp;ci=RSS Client for iProfesional&amp;cs=RSS Client for iProfesional&amp;cm=RSS&amp;cn=RSS Client for iProfesional&amp;cc=RSS Client for iProfesional\"><\/iframe>  <\/p>\n","protected":false},"author":1,"featured_media":44097,"comment_status":"closed","ping_status":"closed","sticky":false,"template":"","format":"standard","meta":[],"categories":[18],"tags":[],"_links":{"self":[{"href":"https:\/\/latecordoba.com\/index.php\/wp-json\/wp\/v2\/posts\/44096"}],"collection":[{"href":"https:\/\/latecordoba.com\/index.php\/wp-json\/wp\/v2\/posts"}],"about":[{"href":"https:\/\/latecordoba.com\/index.php\/wp-json\/wp\/v2\/types\/post"}],"author":[{"embeddable":true,"href":"https:\/\/latecordoba.com\/index.php\/wp-json\/wp\/v2\/users\/1"}],"replies":[{"embeddable":true,"href":"https:\/\/latecordoba.com\/index.php\/wp-json\/wp\/v2\/comments?post=44096"}],"version-history":[{"count":0,"href":"https:\/\/latecordoba.com\/index.php\/wp-json\/wp\/v2\/posts\/44096\/revisions"}],"wp:featuredmedia":[{"embeddable":true,"href":"https:\/\/latecordoba.com\/index.php\/wp-json\/wp\/v2\/media\/44097"}],"wp:attachment":[{"href":"https:\/\/latecordoba.com\/index.php\/wp-json\/wp\/v2\/media?parent=44096"}],"wp:term":[{"taxonomy":"category","embeddable":true,"href":"https:\/\/latecordoba.com\/index.php\/wp-json\/wp\/v2\/categories?post=44096"},{"taxonomy":"post_tag","embeddable":true,"href":"https:\/\/latecordoba.com\/index.php\/wp-json\/wp\/v2\/tags?post=44096"}],"curies":[{"name":"wp","href":"https:\/\/api.w.org\/{rel}","templated":true}]}}