{"id":44092,"date":"2026-09-02T14:25:52","date_gmt":"2026-09-02T14:25:52","guid":{"rendered":"http:\/\/5a4b2460d9ebb8751e08972ca332c547"},"modified":"2026-09-02T14:25:52","modified_gmt":"2026-09-02T14:25:52","slug":"mahiques-confirmo-que-avanza-la-designacion-de-jueces-en-la-corte-pero-nego-que-analicen-ampliarla","status":"publish","type":"post","link":"https:\/\/latecordoba.com\/index.php\/2026\/09\/02\/mahiques-confirmo-que-avanza-la-designacion-de-jueces-en-la-corte-pero-nego-que-analicen-ampliarla\/","title":{"rendered":"Mahiques confirm\u00f3 que avanza la designaci\u00f3n de jueces en la Corte, pero neg\u00f3 que analicen ampliarla"},"content":{"rendered":"\n<div class=\"media_block\"><img decoding=\"async\" src=\"http:\/\/latecordoba.com\/wp-content\/uploads\/2026\/09\/mahiques-confirmo-que-avanza-la-designacion-de-jueces-en-la-corte-pero-nego-que-analicen-ampliarla.jpg\"><\/div>\n<div><img decoding=\"async\" src=\"http:\/\/latecordoba.com\/wp-content\/uploads\/2026\/09\/mahiques-confirmo-que-avanza-la-designacion-de-jueces-en-la-corte-pero-nego-que-analicen-ampliarla-1.jpg\" class=\"ff-og-image-inserted\"><\/div>\n<p>El ministro Juan Bautista Mahiques confirm\u00f3 que el gobierno de Javier Milei est\u00e1 avanzando con la designaci\u00f3n de los nuevos integrantes de la Corte Suprema, <a href=\"https:\/\/www.lapoliticaonline.com\/judiciales\/el-gobierno-evalua-ampliar-la-corte-y-podria-avanzar-hacia-fin-de-ano-1681\/\" target=\"_blank\" rel=\"noopener\">como adelant\u00f3 LPO<\/a>.<\/p>\n<p>Mahiques dijo que el presidente &#8220;est\u00e1 estudiando candidatos&#8221; y &#8220;cuando considere que sea el momento&#8221; enviar\u00e1 los pliegos al Congreso.&nbsp;&#8220;Es una decisi\u00f3n pura y exclusiva del presidente, que no me la ha delegado&#8221;, se\u00f1al\u00f3 el ministro.&nbsp;<\/p>\n<p>&#8220;Es una realidad que la Corte est\u00e1 incompleta. Es una deuda que hay que cumplir, hay que cubrir la Corte. \u00bfCu\u00e1ndo? La decisi\u00f3n la tomar\u00e1 el presidente&#8221;, afirm\u00f3 Mahiques en una entrevista en A24.&nbsp;<\/p>\n<p>El ministro tambi\u00e9n dijo que la ampliaci\u00f3n no est\u00e1 en discusi\u00f3n, pero aclar\u00f3: &#8220;hasta las \u00faltimas veces que habl\u00e9 con el presidente, no&#8221;.&nbsp;<\/p>\n<p><a href=\"https:\/\/www.lapoliticaonline.com\/tools\/redirect.php?t=3&amp;i=355393&amp;s=f52bcedc905cd716daabdb592058a1a5\" target=\"_blank\" class=\"link-type-content content-type-noticia-ar\" rel=\"noopener\">El gobierno eval\u00faa ampliar la Corte y podr\u00eda avanzar hacia fin de a\u00f1o<\/a><\/p>\n<p>Pero como cont\u00f3 LPO el tema est\u00e1 en debate en los tribunales y creen que podr\u00eda ser una analizada del gobierno para un acuerdo con los gobernadores aliados. Milei tiene que designar a los reemplazantes de Juan Carlos Maqueda y Elena Highton, pero podr\u00eda aceptar la idea de la ampliaci\u00f3n para asegurarse los dos tercios en el Senado.<\/p>\n<p>Desde el entorno de un gobernador peronista comentaron que &#8220;completar la Corte fue la idea que se baraj\u00f3 desde un principio, cuando se activ\u00f3 lo de Lijo, y ahora puede haber chances otra vez&#8221;.&nbsp;<\/p>\n<p>Mahiques no quiso ponerle fecha a la designaci\u00f3n de los nuevos jueces, porque el gobierno de Milei ya tiene una experiencia traum\u00e1tica con nombramientos por decreto que no se aprobaron en el Congreso. &#8220;En este o en el pr\u00f3ximo mandato, el presidente va a cubrir la Corte&#8221;, se\u00f1al\u00f3.<\/p>\n<p>Como explic\u00f3 este medio, los libertarios tantean la conversaci\u00f3n con prudencia y proyectan avances concretos reci\u00e9n para diciembre. Es que la designaci\u00f3n requiere de acuerdos pol\u00edticos muy complejos que hacen imposible poner una fechar cierta.<\/p>\n","protected":false},"excerpt":{"rendered":"\n<div class=\"media_block\"><img decoding=\"async\" src=\"http:\/\/latecordoba.com\/wp-content\/uploads\/2026\/09\/mahiques-confirmo-que-avanza-la-designacion-de-jueces-en-la-corte-pero-nego-que-analicen-ampliarla.jpg\"><\/div>\n<p>Fue un adelanto de LPO. El ministro dijo que Milei &#8220;est\u00e1 estudiando candidatos&#8221;, pero no quiso ponerle fecha a la designaci\u00f3n de los nuevos integrantes de la Corte.  <\/p>\n","protected":false},"author":1,"featured_media":44093,"comment_status":"closed","ping_status":"closed","sticky":false,"template":"","format":"standard","meta":[],"categories":[18],"tags":[],"_links":{"self":[{"href":"https:\/\/latecordoba.com\/index.php\/wp-json\/wp\/v2\/posts\/44092"}],"collection":[{"href":"https:\/\/latecordoba.com\/index.php\/wp-json\/wp\/v2\/posts"}],"about":[{"href":"https:\/\/latecordoba.com\/index.php\/wp-json\/wp\/v2\/types\/post"}],"author":[{"embeddable":true,"href":"https:\/\/latecordoba.com\/index.php\/wp-json\/wp\/v2\/users\/1"}],"replies":[{"embeddable":true,"href":"https:\/\/latecordoba.com\/index.php\/wp-json\/wp\/v2\/comments?post=44092"}],"version-history":[{"count":0,"href":"https:\/\/latecordoba.com\/index.php\/wp-json\/wp\/v2\/posts\/44092\/revisions"}],"wp:featuredmedia":[{"embeddable":true,"href":"https:\/\/latecordoba.com\/index.php\/wp-json\/wp\/v2\/media\/44093"}],"wp:attachment":[{"href":"https:\/\/latecordoba.com\/index.php\/wp-json\/wp\/v2\/media?parent=44092"}],"wp:term":[{"taxonomy":"category","embeddable":true,"href":"https:\/\/latecordoba.com\/index.php\/wp-json\/wp\/v2\/categories?post=44092"},{"taxonomy":"post_tag","embeddable":true,"href":"https:\/\/latecordoba.com\/index.php\/wp-json\/wp\/v2\/tags?post=44092"}],"curies":[{"name":"wp","href":"https:\/\/api.w.org\/{rel}","templated":true}]}}