{"id":44090,"date":"2026-09-01T23:35:11","date_gmt":"2026-09-01T23:35:11","guid":{"rendered":"http:\/\/fc14c684d1e2cc91c73383713af62617"},"modified":"2026-09-01T23:35:11","modified_gmt":"2026-09-01T23:35:11","slug":"procesan-a-las-funcionarias-de-la-causa-fantanilo-y-complican-la-situacion-de-lugones","status":"publish","type":"post","link":"https:\/\/latecordoba.com\/index.php\/2026\/09\/01\/procesan-a-las-funcionarias-de-la-causa-fantanilo-y-complican-la-situacion-de-lugones\/","title":{"rendered":"Procesan a las funcionarias de la causa fantanilo y complican la situaci\u00f3n de Lugones"},"content":{"rendered":"\n<div class=\"media_block\"><img decoding=\"async\" src=\"http:\/\/latecordoba.com\/wp-content\/uploads\/2026\/09\/procesan-a-las-funcionarias-de-la-causa-fantanilo-y-complican-la-situacion-de-lugones.jpg\"><\/div>\n<p>El juez federal Ernesto Kreplak proces\u00f3 a las ex funcionarias Agustina Bisio y Gabriela Mantec\u00f3n Fumad\u00f3 en la causa que investiga unas 90 muertes por la administraci\u00f3n hospitalaria de fentanilo contaminado producido en los laboratorios HLB y Ramallo.<\/p>\n<p>El magistrado impuso una inhibici\u00f3n y embargo sobre los bienes de la directora de la ANMAT y la ex titular del Instituto Nacional de Medicamentos (Iname) hasta cubrir los 500.000 millones de pesos, y tambi\u00e9n dict\u00f3 una serie de medidas que las imputadas deber\u00e1n cumplir para permanecer en libertad, entre ellas, no salir del pa\u00eds y presentarse ante las autoridades una vez al mes.<\/p>\n<p>Para la investigaci\u00f3n penal, Bisio y Mantec\u00f3n Fumad\u00f3 fueron &#8220;part\u00edcipes necesarias penalmente responsables del delito de adulteraci\u00f3n de sustancias medicinales&#8221;.<\/p>\n<p><a href=\"https:\/\/www.lapoliticaonline.com\/tools\/redirect.php?t=3&amp;i=353133&amp;s=0208e61e9fda271f5e51fbfb783bfc9b\" class=\"link-type-content content-type-noticia-ar\">La declaraci\u00f3n de la jefa de la Anmat hunde a Lugones: &#8220;Estaba al tanto de todo&#8221;<\/a><\/p>\n<p>&#8220;A partir de las probanzas colectadas a lo largo de la pesquisa, es posible concluir que las imputadas Mantec\u00f3n Fumad\u00f3 y Bisio realizaron un aporte concreto y necesario a la lesi\u00f3n del bien jur\u00eddico salud p\u00fablica protegido por los art\u00edculos. 200 y 201 bis CP as\u00ed como al bien jur\u00eddico integridad personal resguardado por el delito de lesiones leves previsto por el art. 89 CP, a ra\u00edz de su decisi\u00f3n de no adoptar las medidas preventivas y correctivas oportunas y eficaces contempladas por la normativa aplicable ya explicadas&#8221;, explic\u00f3 Kreplak en su resoluci\u00f3n, a la que accedi\u00f3 LPO.<\/p>\n<p>En la resoluci\u00f3n aparece el rol del ministro de Salud Mario Lugones en el entramado que termin\u00f3 con un esc\u00e1ndalo. &#8220;A lo largo de la investigaci\u00f3n llevada adelante, diversos elementos de convicci\u00f3n permiten poner en escena al Dr. Lugones&#8221;, dice Kreplak y destaca los descargos efectuados por Mantec\u00f3n y Bisio donde asoman coincidencias respecto del rol del ministro.<\/p>\n<p>Por caso, Bisio afirm\u00f3 que &#8220;Lugones hac\u00eda reuniones de gabinete y de los institutos ven\u00edan todos los que de \u00e9l depend\u00edamos. All\u00ed cont\u00e1bamos las situaciones. Esto era un tema que fue llevado permanentemente, de la situaci\u00f3n de los laboratorios e incumplidores. En este caso, estos se llevaban. Y la idea fue siempre que Lugones me daba la instrucci\u00f3n y yo daba la instrucci\u00f3n de cerrar&#8221;.<\/p>\n<p>Al ser indagada respecto de una reuni\u00f3n realizada en la sede de la ANMAT el 14 de enero pasado, Bisio dijo: &#8220;Yo le avis\u00e9 al Ministro, \u2018van a venir, \u00bfqu\u00e9 hago?, \u00bfsigo con lo mismo?&#8217;, \u2018s\u00ed, cerr\u00e1, cerr\u00e1'&#8221;.<\/p>\n<p><a href=\"https:\/\/www.lapoliticaonline.com\/tools\/redirect.php?t=3&amp;i=327877&amp;s=1be9cb78e20817ad5e4d75777169bb89\" class=\"link-type-content content-type-noticia-ar\">&nbsp;Por el fentanilo adulterado procesaron y embargaron a Garc\u00eda Furfaro por un bill\u00f3n de pesos&nbsp;<\/a><\/p>\n<p>Ese d\u00eda, Bisio y Fumad\u00f3 mantuvieron un encuentro con Ariel Garc\u00eda Furfaro y otras dos personas de la empresa en &#8220;Avenida de Mayo&#8221;, tal como se la denomina a la sede de la ANMAT. Para esa fecha, Bisio y Fumad\u00f3 contaban con un informe realizado por inspectoras de la ANMAT en los \u00faltimos d\u00edas de 2025. En el texto alertaban sobre la situaci\u00f3n del laboratorio y recomiendan prohibir la producci\u00f3n y retirar del mercado las drogas elaboradas.<\/p>\n<p>Las dos funcionarias le ofrecen no avanzar contra los laboratorios a cambio de que presenten un plan de acci\u00f3n.<\/p>\n<p>En el gobierno existe extrema preocupaci\u00f3n por el caso. Saben que Lugones podr\u00eda quedar formalmente involucrado en el expediente durante el transcurso de la investigaci\u00f3n. Incluso trascendi\u00f3 que su hijo, Rodrigo Lugones, le habr\u00eda sugerido que renuncie a su cargo de ministro.<\/p>\n<figure class=\"vsmimage\" contenteditable=\"false\"><img decoding=\"async\" loading=\"lazy\" alt=\"Procesan a las funcionarias de la causa fantanilo y complican la situaci\u00f3n de Lugones \" data-vsmid=\"266227\" data-owidth=\"1181\" data-oheight=\"889\" src=\"data:image\/png;base64,iVBORw0KGgoAAAANSUhEUgAAAx4AAAJSAQMAAAB3GYHeAAAAA1BMVEUAAACnej3aAAAAAXRSTlMAQObYZgAAAFFJREFUeJztwTEBAAAAwqD1T20ND6AAAAAAAAAAAAAAAAAAAAAAAAAAAAAAAAAAAAAAAAAAAAAAAAAAAAAAAAAAAAAAAAAAAAAAAAAAAAAAXgzqWgABgplh5QAAAABJRU5ErkJggg==\" vsmidos=\"1\" vsmsrc=\"\/files\/image\/266\/266227\/68c5768821f6c_798_594!.jpg?s=6801a1bfdcf52bdd54a06d2003406130&amp;d=1788306310\" width=\"798\" height=\"594\"><\/figure>\n<p>En una estrategia ins\u00f3lita, desde el gobierno libertario buscaron culpar a los ministros de Salud del gobierno de Alberto Fern\u00e1ndez -Carla Vizzoti y Gin\u00e9s Gonz\u00e1lez Garc\u00eda- argumentando que tanto Bisio como Mantec\u00f3n Fumad\u00f3 ya eran funcionarias por entonces. El problema es que los hechos ocurrieron durante la presidencia de Javier Milei. <\/p>\n<p>Mantec\u00f3n Fumad\u00f3 dijo que previo a firmar la carta de advertencia dirigida a los laboratorios lo consult\u00f3 a Bisio. &#8220;Como todas las decisiones que se toman en esta gesti\u00f3n, hay que consultarlas, porque no hab\u00eda independencia resolutiva de parte de la administraci\u00f3n nacional, sin consultar con el Ministerio. Le ped\u00ed a Agustina (Bisio) que consultara con el Ministro c\u00f3mo quer\u00eda manejar esta situaci\u00f3n, en funci\u00f3n de si se inhibe por carta de advertencia todo el laboratorio o si inhib\u00edan otras l\u00edneas productivas. Y el Ministro, despu\u00e9s de unos d\u00edas, inform\u00f3 a Agustina que contest\u00f3 \u2018vaya para adelante pero con cautela'&#8221;.<\/p>\n<p><a href=\"https:\/\/www.lapoliticaonline.com\/tools\/redirect.php?t=3&amp;i=352865&amp;s=bcf81995e980f384a17a4877b7981f75\" class=\"link-type-content content-type-noticia-ar\">Lugones en alarma total, detienen a dos funcionarias de Salud por el fentanilo envenenado<\/a><\/p>\n<p>Bisio cont\u00f3 adem\u00e1s que en las reuniones de gabinete convocadas por Lugones interven\u00edan activamente abogados penalistas. <\/p>\n<p>En marzo de 2025 Lugones ya estaba al tanto de los incumplimientos de HBL. La titular del Iname env\u00eda un informe sobre el laboratorio y en un chat, Bisio le consulta si ese texto es suficiente para cerrar las instalaciones. &#8220;Solo en dos palabras decime si esto da para cierre porque Mario pregunta. \u00bfS\u00f3lo eso o a\u00fan falta?&#8221;, pregunta la titular de la ANMAT.<\/p>\n<p>A fines de marzo, Mantec\u00f3n Fumad\u00f3 mantiene otra reuni\u00f3n con Furfaro. Tras ese encuentro Bisio le pide informaci\u00f3n precisa sobre la situaci\u00f3n del laboratorio: &#8220;\u00bfPodr\u00edas mandarme para que le d\u00e9 al Ministro cu\u00e1l es la implicancia de esto? Traducci\u00f3n a la pr\u00e1ctica. Ej: No puede vender m\u00e1s. Insistir o informarnos sobre el retiro de mercado&#8221;.<\/p>\n<p>Kreplak advierte una discrepancia entre el sentido de la decisi\u00f3n pol\u00edtica que bajaba del Ministerio con lo que efectivamente ocurr\u00eda en el seno de ANMAT e INAME. &#8220;Si bien considero probado que el Ministro ten\u00eda conocimiento al menos de las generalidades relevantes de lo que ocurr\u00eda con los laboratorios, no menos cierto resulta que todos los elementos de convicci\u00f3n apuntan a que su intervenci\u00f3n, lejos de permitir un funcionamiento en tales condiciones, tend\u00eda lisa y llanamente a su cierre, esto es, a impedir su operaci\u00f3n&#8221;, dice el juez en su resoluci\u00f3n. <\/p>\n<p>El magistrado destaca que distinta es la situaci\u00f3n de Bisio, quien &#8220;ten\u00eda la responsabilidad m\u00e1xima sobre el cumplimiento de los cometidos legales y reglamentarios de ANMAT y sus \u00f3rganos internos y, adem\u00e1s, hab\u00eda sido investida pol\u00edticamente como polea de transmisi\u00f3n de esas directrices pol\u00edticas&#8221;.<\/p>\n<p>El obrar de la funcionaria fue el contrario. A pesar de que ten\u00eda conocimiento de las irregularidades de los laboratorios y que hab\u00eda recibido la decisi\u00f3n pol\u00edtica de obrar, mantuvo una actitud pasiva y permisiva que culmin\u00f3 favoreciendo el accionar criminal de los laboratorios. <\/p>\n<p>No s\u00f3lo eso, sino que particip\u00f3 activamente en algunas de las acciones decisivas que permitieron al laboratorio continuar operando cuando lo correcto hubiese sido impedirlo.<\/p>\n","protected":false},"excerpt":{"rendered":"\n<div class=\"media_block\"><img decoding=\"async\" src=\"http:\/\/latecordoba.com\/wp-content\/uploads\/2026\/09\/procesan-a-las-funcionarias-de-la-causa-fantanilo-y-complican-la-situacion-de-lugones.jpg\"><\/div>\n<p>Para el magistrado, Agustina Bisio y Gabriela Mantec\u00f3n Fumad\u00f3 tuvieron &#8220;un aporte concreto y necesario&#8221; en los hechos investigados.  <\/p>\n","protected":false},"author":1,"featured_media":44091,"comment_status":"closed","ping_status":"closed","sticky":false,"template":"","format":"standard","meta":[],"categories":[18],"tags":[],"_links":{"self":[{"href":"https:\/\/latecordoba.com\/index.php\/wp-json\/wp\/v2\/posts\/44090"}],"collection":[{"href":"https:\/\/latecordoba.com\/index.php\/wp-json\/wp\/v2\/posts"}],"about":[{"href":"https:\/\/latecordoba.com\/index.php\/wp-json\/wp\/v2\/types\/post"}],"author":[{"embeddable":true,"href":"https:\/\/latecordoba.com\/index.php\/wp-json\/wp\/v2\/users\/1"}],"replies":[{"embeddable":true,"href":"https:\/\/latecordoba.com\/index.php\/wp-json\/wp\/v2\/comments?post=44090"}],"version-history":[{"count":0,"href":"https:\/\/latecordoba.com\/index.php\/wp-json\/wp\/v2\/posts\/44090\/revisions"}],"wp:featuredmedia":[{"embeddable":true,"href":"https:\/\/latecordoba.com\/index.php\/wp-json\/wp\/v2\/media\/44091"}],"wp:attachment":[{"href":"https:\/\/latecordoba.com\/index.php\/wp-json\/wp\/v2\/media?parent=44090"}],"wp:term":[{"taxonomy":"category","embeddable":true,"href":"https:\/\/latecordoba.com\/index.php\/wp-json\/wp\/v2\/categories?post=44090"},{"taxonomy":"post_tag","embeddable":true,"href":"https:\/\/latecordoba.com\/index.php\/wp-json\/wp\/v2\/tags?post=44090"}],"curies":[{"name":"wp","href":"https:\/\/api.w.org\/{rel}","templated":true}]}}