{"id":44088,"date":"2026-09-01T21:13:12","date_gmt":"2026-09-01T21:13:12","guid":{"rendered":"https:\/\/www.diariocronica.com.ar\/noticias\/2026\/09\/01\/164245-ramon-flores-se-despide-de-la-dirigencia-nacional-master"},"modified":"2026-09-01T21:13:12","modified_gmt":"2026-09-01T21:13:12","slug":"ramon-flores-se-despide-de-la-dirigencia-nacional-master","status":"publish","type":"post","link":"https:\/\/latecordoba.com\/index.php\/2026\/09\/01\/ramon-flores-se-despide-de-la-dirigencia-nacional-master\/","title":{"rendered":"Ram\u00f3n Flores se despide de la dirigencia nacional M\u00e1ster"},"content":{"rendered":"\n<div class=\"media_block\"><a href=\"http:\/\/latecordoba.com\/wp-content\/uploads\/2026\/09\/ramon-flores-se-despide-de-la-dirigencia-nacional-master.webp\"><img decoding=\"async\" src=\"http:\/\/latecordoba.com\/wp-content\/uploads\/2026\/09\/ramon-flores-se-despide-de-la-dirigencia-nacional-master.webp\" class=\"media_thumbnail\"><\/a><\/div>\n<p>Luego de 21 a\u00f1os de estar en la dirigencia nacional M\u00e1ster, el comodorense Ram\u00f3n Flores dio un paso al costado, aunque sigue como presidente a nivel regional de la Asociaci\u00f3n de Atletismo del Sur del Chubut.<\/p>\n<p>Ram\u00f3n Flores puso su impronta en el atletismo M\u00e1ster a nivel Nacional, hoy decide dar un paso al costado y dedicarse a pleno al \u00e1mbito regional del Chubut.<\/p>\n<div readability=\"81\">\n<p>Flores, recuerda c\u00f3mo fueron sus primeros pasos como dirigente en el atletismo argentino. \u201cEn el a\u00f1o 2005, Fernando Campos quien estaba armando la lista de candidatos para el ejercicio 2005\/2007 me convoc\u00f3 a trabajar en la Confederaci\u00f3n de Atletas M\u00e1ster de la Rep\u00fablica Argentina (en esa \u00e9poca a\u00fan utiliz\u00e1bamos la palabra &#8220;veteranos&#8221; en vez de &#8220;m\u00e1ster&#8221;). Mi primera funci\u00f3n fue la de secretario, dando as\u00ed inicio a mi camino en la dirigencia, donde luego tuve el honor de asumir como presidente durante dos per\u00edodos consecutivos (2007\u20132009 y 2009\u20132011) volviendo a ejercer dicho cargo entre 2013 y 2015\u201d.<\/p>\n<p>Sin duda que Ram\u00f3n Flores marc\u00f3 un camino en el atletismo de la dirigencia chubutense entre los atletas veteranos. \u201cHoy, doy paso a nuevas personas para que integren la comisi\u00f3n directiva de C.A.M.R.A. Me voy con el coraz\u00f3n lleno tras haber conocido a excelentes personas a lo largo de estos 21 a\u00f1os, con quienes compart\u00ed reuniones, campeonatos nacionales, viajes y momentos inolvidables\u201d.<\/p>\n<p><img decoding=\"async\" src=\"http:\/\/latecordoba.com\/wp-content\/uploads\/2026\/09\/ramon-flores-se-despide-de-la-dirigencia-nacional-master-1.webp\" alt width=\"900\" height=\"1200\" loading=\"lazy\"><\/p>\n<p>No fue una tarea f\u00e1cil desempe\u00f1ar cada uno de los roles que le tocaron. \u201cLo asum\u00ed con absoluta responsabilidad, aciertos y errores. Recib\u00ed cr\u00edticas tanto constructivas como destructivas, y de todas ellas aprend\u00ed much\u00edsimo\u201d.<\/p>\n<p>\u201cA fines de 2019 al regreso de 4 a\u00f1os, me propuse como meta confeccionar los rankings y actualizar los r\u00e9cords, un trabajo que demand\u00f3 incontables semanas y horas de dedicaci\u00f3n para ordenar algo tan valioso para los atletas: ver reflejado todo su esfuerzo en una tabla oficial como tambi\u00e9n ayudar a los directivos de cada instituci\u00f3n quien ganaba una postulaci\u00f3n en la organizaci\u00f3n de cada Campeonato Nacional\u201d, asegura Flores.<\/p>\n<p>&nbsp;Ram\u00f3n Flores estuvo tres veces como presidente en su carrera deportiva a nivel nacional en el atletismo M\u00e1ster, una vez vicepresidente, una vez secretario y tres veces secretario t\u00e9cnico.<\/p>\n<p>\u201cA lo largo de este periodo tambi\u00e9n tuve el gusto de reencontrarme con atletas con quienes hab\u00eda competido en mi juventud; algunos ya no est\u00e1n f\u00edsicamente, y otros, con m\u00e1s de 60 a\u00f1os, siguen corriendo con la misma pasi\u00f3n que de pibes\u201d.<\/p>\n<p>\u201cMe despido con la felicidad y la tranquilidad de haber cumplido mi rol de dirigente con un profundo compromiso. Espero volver a verlos pronto en el camino de la vida. Hoy me despido formalmente de la Confederaci\u00f3n Argentina M\u00e1ster\u201d, asevera por \u00faltimo Ram\u00f3n Flores, actual presidente de la Asociaci\u00f3n de Atletismo del Sur del Chubut.<\/p>\n<\/p><\/div>\n","protected":false},"excerpt":{"rendered":"\n<div class=\"media_block\"><a href=\"http:\/\/latecordoba.com\/wp-content\/uploads\/2026\/09\/ramon-flores-se-despide-de-la-dirigencia-nacional-master.webp\"><img decoding=\"async\" src=\"http:\/\/latecordoba.com\/wp-content\/uploads\/2026\/09\/ramon-flores-se-despide-de-la-dirigencia-nacional-master.webp\" class=\"media_thumbnail\"><\/a><\/div>\n<p>Luego de 21 a\u00f1os de estar en la dirigencia nacional M\u00e1ster, el comodorense Ram\u00f3n Flores dio un paso al costado, aunque sigue como presidente a nivel regional de la Asociaci\u00f3n de Atletismo del Sur del Chubut.  <\/p>\n","protected":false},"author":1,"featured_media":44089,"comment_status":"closed","ping_status":"closed","sticky":false,"template":"","format":"standard","meta":[],"categories":[17],"tags":[],"_links":{"self":[{"href":"https:\/\/latecordoba.com\/index.php\/wp-json\/wp\/v2\/posts\/44088"}],"collection":[{"href":"https:\/\/latecordoba.com\/index.php\/wp-json\/wp\/v2\/posts"}],"about":[{"href":"https:\/\/latecordoba.com\/index.php\/wp-json\/wp\/v2\/types\/post"}],"author":[{"embeddable":true,"href":"https:\/\/latecordoba.com\/index.php\/wp-json\/wp\/v2\/users\/1"}],"replies":[{"embeddable":true,"href":"https:\/\/latecordoba.com\/index.php\/wp-json\/wp\/v2\/comments?post=44088"}],"version-history":[{"count":0,"href":"https:\/\/latecordoba.com\/index.php\/wp-json\/wp\/v2\/posts\/44088\/revisions"}],"wp:featuredmedia":[{"embeddable":true,"href":"https:\/\/latecordoba.com\/index.php\/wp-json\/wp\/v2\/media\/44089"}],"wp:attachment":[{"href":"https:\/\/latecordoba.com\/index.php\/wp-json\/wp\/v2\/media?parent=44088"}],"wp:term":[{"taxonomy":"category","embeddable":true,"href":"https:\/\/latecordoba.com\/index.php\/wp-json\/wp\/v2\/categories?post=44088"},{"taxonomy":"post_tag","embeddable":true,"href":"https:\/\/latecordoba.com\/index.php\/wp-json\/wp\/v2\/tags?post=44088"}],"curies":[{"name":"wp","href":"https:\/\/api.w.org\/{rel}","templated":true}]}}