{"id":44078,"date":"2026-09-01T02:37:08","date_gmt":"2026-09-01T02:37:08","guid":{"rendered":"http:\/\/86c50b8d1ba4b4ec570b3aeac0bbba91"},"modified":"2026-09-01T02:37:08","modified_gmt":"2026-09-01T02:37:08","slug":"milei-bajo-sus-candidatos-de-la-pelea-por-el-kilometro-cero-del-macrismo","status":"publish","type":"post","link":"https:\/\/latecordoba.com\/index.php\/2026\/09\/01\/milei-bajo-sus-candidatos-de-la-pelea-por-el-kilometro-cero-del-macrismo\/","title":{"rendered":"Milei baj\u00f3 sus candidatos de la pelea por el &#8220;Kil\u00f3metro Cero&#8221; del macrismo"},"content":{"rendered":"\n<div class=\"media_block\"><img decoding=\"async\" src=\"http:\/\/latecordoba.com\/wp-content\/uploads\/2026\/09\/milei-bajo-sus-candidatos-de-la-pelea-por-el-kilometro-cero-del-macrismo.jpg\"><\/div>\n<div><img decoding=\"async\" src=\"http:\/\/latecordoba.com\/wp-content\/uploads\/2026\/09\/milei-bajo-sus-candidatos-de-la-pelea-por-el-kilometro-cero-del-macrismo-1.jpg\" class=\"ff-og-image-inserted\"><\/div>\n<p>C\u00f3rdoba no vive ni por asomo el clima preelectoral que tuvo con las \u00faltimas tres elecciones por la intendencia de Marcos Ju\u00e1rez. Desde el 2014, cuando Mauricio Macri bautiz\u00f3 a la ciudad del sudeste cordob\u00e9s como el \u2018kil\u00f3metro 0&#8242; de Cambiemos; o cuatro a\u00f1os m\u00e1s tarde, cuando hilvan\u00f3 la reelecci\u00f3n de Pedro Dellarossa y crey\u00f3 que se traducir\u00eda en el mismo desenlace para \u00e9l al a\u00f1o siguiente; o en 2022, post pandemia, en la elecci\u00f3n que el cordobesismo pag\u00f3 un costo alt\u00edsimo con la derrota de Ver\u00f3nica Crescente y la victoria de Sara Majorel.<\/p>\n<p>El exgobernador Juan Schiaretti crey\u00f3, en aquel momento, que pod\u00eda arrebatarle el moj\u00f3n del armado a su amigo Macri y perdi\u00f3 con la candidata que llegaba como delf\u00edn de Dellarossa hasta que se rompi\u00f3 ese v\u00ednculo. Como ocurre habitualmente con padrinos y ahijados en la pol\u00edtica.<\/p>\n<p>En la elecci\u00f3n municipal del pr\u00f3ximo domingo algunos nombres se repiten, pero no as\u00ed la presencia ni el impacto en la conversaci\u00f3n de la pol\u00edtica a nivel nacional. La decisi\u00f3n de los libertarios de no jugar y quitar el sello le dio la estocada final al fr\u00edo v\u00ednculo de Milei con el interior del interior, sumado al malestar en la regi\u00f3n por la situaci\u00f3n de Pauny y la ca\u00edda en la atenci\u00f3n de Pami en el hospital de la ciudad motivaron la retirada oficial de La Libertad Avanza.<\/p>\n<p><a href=\"https:\/\/www.lapoliticaonline.com\/tools\/redirect.php?t=3&amp;i=354137&amp;s=6d6a426d920fd1cd24b3614cbd7dd4ef\" class=\"link-type-content content-type-noticia-ar\">Rebeli\u00f3n contra Milei en el c\u00edrculo rojo cordob\u00e9s, el empresario m\u00e1s importante advierte: &#8220;La gente no llega al 15&#8221;<\/a><\/p>\n<p>El cordobesismo, en tanto, dej\u00f3 correr la municipalizaci\u00f3n de la elecci\u00f3n y decidi\u00f3 no jugar de manera decidida con ning\u00fan candidato. Si el ganador del domingo es Dellarossa, el gobernador Mart\u00edn Llaryora tendr\u00e1 motivos m\u00e1s que suficientes para felicitar de manera p\u00fablica a quien fue hasta no hace mucho tiempo su primer ministro de Industria y luego funcionario en el banco provincial.<\/p>\n<p>Un Dellarossa que, en toda la campa\u00f1a, cont\u00f3 s\u00f3lo con un respaldo expl\u00edcito: el de Luis Juez. El senador jug\u00f3 fuerte, estuvo en el cierre de campa\u00f1a el fin de semana y apuesta a un pleno de su ex compa\u00f1ero de alianza en el PRO.<\/p>\n<p class=\"authorquote\">El cordobesismo, en tanto, dej\u00f3 correr la municipalizaci\u00f3n de la elecci\u00f3n y decidi\u00f3 no jugar de manera decidida con ning\u00fan candidato. Si el ganador del domingo es Dellarossa, el gobernador Mart\u00edn Llaryora tendr\u00e1 motivos m\u00e1s que suficientes para felicitar de manera p\u00fablica a quien fue hasta no hace mucho tiempo su primer ministro de Industria y luego funcionario en el banco provincial.<\/p>\n<p>No obstante, por lo bajo el llaryorismo apuesta a Germ\u00e1n Font, un candidato del vecinalismo m\u00e1s alineado con el PJ y que tiene, entre sus armadores, a integrantes del espacio m\u00e1s cercano al gobernador. De los candidatos, el que m\u00e1s puso en la mira la crisis econ\u00f3mica nacional y cruz\u00f3 a otros postulantes por la escasez de cr\u00edticas a Milei.<\/p>\n<p>Sin el sello de manera oficial, Gerardo Pasquali es el candidato m\u00e1s relacionado con los libertarios. A pesar de su enojo con Gabriel Bornoroni porque no le dio el armado de La Libertad Avanza para la contienda de este domingo, Pasquali es el que concentra tambi\u00e9n una porci\u00f3n de voto de derecha en la regi\u00f3n.<\/p>\n<p>Y tiene dentro de su armado a radicales cercanos a Rodrigo de Loredo.<\/p>\n<p>Con lo cual, la oposici\u00f3n a Llaryora est\u00e1 dividida: Juez con Dellarossa, De Loredo con Pasquali y Bornoroni ausente. Quiz\u00e1 el escenario que m\u00e1s le gusta al heredero del cordobesismo con miras al 2027 en el que se debe definir su futuro.<\/p>\n<p>Se vota el domingo y, por primera vez en 12 a\u00f1os, la tensi\u00f3n no se siente a nivel provincial. Menos, en el plano nacional.<\/p>\n","protected":false},"excerpt":{"rendered":"\n<div class=\"media_block\"><img decoding=\"async\" src=\"http:\/\/latecordoba.com\/wp-content\/uploads\/2026\/09\/milei-bajo-sus-candidatos-de-la-pelea-por-el-kilometro-cero-del-macrismo.jpg\"><\/div>\n<p>Dellarossa, funcionario de Llaryora hasta hace unos meses, vuelve a pelear el municipio con respaldo de Juez.  <\/p>\n","protected":false},"author":1,"featured_media":44079,"comment_status":"closed","ping_status":"closed","sticky":false,"template":"","format":"standard","meta":[],"categories":[18],"tags":[],"_links":{"self":[{"href":"https:\/\/latecordoba.com\/index.php\/wp-json\/wp\/v2\/posts\/44078"}],"collection":[{"href":"https:\/\/latecordoba.com\/index.php\/wp-json\/wp\/v2\/posts"}],"about":[{"href":"https:\/\/latecordoba.com\/index.php\/wp-json\/wp\/v2\/types\/post"}],"author":[{"embeddable":true,"href":"https:\/\/latecordoba.com\/index.php\/wp-json\/wp\/v2\/users\/1"}],"replies":[{"embeddable":true,"href":"https:\/\/latecordoba.com\/index.php\/wp-json\/wp\/v2\/comments?post=44078"}],"version-history":[{"count":0,"href":"https:\/\/latecordoba.com\/index.php\/wp-json\/wp\/v2\/posts\/44078\/revisions"}],"wp:featuredmedia":[{"embeddable":true,"href":"https:\/\/latecordoba.com\/index.php\/wp-json\/wp\/v2\/media\/44079"}],"wp:attachment":[{"href":"https:\/\/latecordoba.com\/index.php\/wp-json\/wp\/v2\/media?parent=44078"}],"wp:term":[{"taxonomy":"category","embeddable":true,"href":"https:\/\/latecordoba.com\/index.php\/wp-json\/wp\/v2\/categories?post=44078"},{"taxonomy":"post_tag","embeddable":true,"href":"https:\/\/latecordoba.com\/index.php\/wp-json\/wp\/v2\/tags?post=44078"}],"curies":[{"name":"wp","href":"https:\/\/api.w.org\/{rel}","templated":true}]}}