{"id":44076,"date":"2026-08-31T21:10:57","date_gmt":"2026-08-31T21:10:57","guid":{"rendered":"https:\/\/www.diariocronica.com.ar\/noticias\/2026\/08\/31\/164018-preparativos-para-la-septima-fecha-del-campeonato-akps"},"modified":"2026-08-31T21:10:57","modified_gmt":"2026-08-31T21:10:57","slug":"preparativos-para-la-septima-fecha-del-campeonato-akps","status":"publish","type":"post","link":"https:\/\/latecordoba.com\/index.php\/2026\/08\/31\/preparativos-para-la-septima-fecha-del-campeonato-akps\/","title":{"rendered":"Preparativos para la s\u00e9ptima fecha del campeonato AKPS"},"content":{"rendered":"\n<div class=\"media_block\"><a href=\"http:\/\/latecordoba.com\/wp-content\/uploads\/2026\/08\/preparativos-para-la-septima-fecha-del-campeonato-akps.webp\"><img decoding=\"async\" src=\"http:\/\/latecordoba.com\/wp-content\/uploads\/2026\/08\/preparativos-para-la-septima-fecha-del-campeonato-akps.webp\" class=\"media_thumbnail\"><\/a><\/div>\n<p>El Campeonato de la Asociaci\u00f3n de Karting de la Patagonia Sur (AKPS), se prepara para encender nuevamente los motores el pr\u00f3ximo domingo 20 de septiembre, en el circuito internacional ubicado en km 9 en Comodoro Rivadavia. Faltan tres fechas para cerrar el a\u00f1o 2026.<\/p>\n<p>Faltan un total de tres fechas para terminar la temporada de karting de la AKPS en Comodoro Rivadavia.<\/p>\n<div readability=\"379\">\n<p>Con la presencia confirmada de pilotos de las provincias de Chubut y Santa Cruz, la s\u00e9ptima fecha del calendario promete ser determinante en la lucha por las coronas de cada categor\u00eda. Luego de seis intensas fechas disputadas en el asfalto patag\u00f3nico, las distintas posiciones del top cinco muestran luchas al mil\u00edmetro y diferencias que no permiten el menor margen de error.<\/p>\n<p><strong>En la categor\u00eda 4T Patag\u00f3nica lidera Marocchi<\/strong><\/p>\n<p>El comodorense Ezequiel Marocchi lidera el certamen con firmeza tras cosechar 127 unidades, apoyado en una regularidad implacable. Sin embargo, la brecha de 18 puntos sobre Maximiliano Navarro (109) mantiene viva la persecuci\u00f3n por el t\u00edtulo.<\/p>\n<p>Un poco m\u00e1s atr\u00e1s se ubica Juan Jos\u00e9 Victorino en el tercer escal\u00f3n con 77 puntos, comandando un nutrido pelot\u00f3n integrado por Mat\u00edas Paz (63) y Daniel Deramond (60), quienes buscar\u00e1n en la cita de septiembre un podio que les permita acortar distancias en la parte alta de la tabla.&nbsp;<\/p>\n<p><img decoding=\"async\" src=\"http:\/\/latecordoba.com\/wp-content\/uploads\/2026\/08\/preparativos-para-la-septima-fecha-del-campeonato-akps-1.webp\" alt width=\"1200\" height=\"646\" loading=\"lazy\"><\/p>\n<p><strong>En categor\u00eda Mini Soetbeer y Guill\u00e9n en un mano a mano<\/strong><\/p>\n<p>La divisional de los m\u00e1s peque\u00f1os presenta uno de los duelos m\u00e1s apasionantes del certamen. Basti\u00e1n Soetbeer domina la tabla con 135 puntos, seguido a solo una unidad por Thiago Guill\u00e9n (134), en una puja mano a mano que promete sacar chispas en la s\u00e9ptima fecha. Juan Pardo se mantiene en la expectativa desde la tercera posici\u00f3n con 120 puntos, metido de lleno en la pelea principal. Benicio Paultroni (80) y Teo Alcaraz (55) completan el quinteto de punta, esperando dar el zarpazo sobre el trazado.&nbsp;<\/p>\n<p><strong>En Prokart Lucio Bergia va manso y tranquilo rumbo al t\u00edtulo<\/strong><\/p>\n<p>Lucio Bergia llega a la s\u00e9ptima cita con la tranquilidad de haber construido un colch\u00f3n de puntos determinante, suma 148 unidades y le saca 64 a su inmediato perseguidor. La verdadera batalla se concentra en la lucha por el subcampeonato, donde Nazareno Turrez (84 puntos), Valentino Fuentes (79), Sa\u00fal Hern\u00e1ndez (68) y M\u00eda Peralta (67) est\u00e1n separados por margen m\u00ednimo y no regalar\u00e1n un solo metro.&nbsp;<\/p>\n<p><img decoding=\"async\" src=\"http:\/\/latecordoba.com\/wp-content\/uploads\/2026\/08\/preparativos-para-la-septima-fecha-del-campeonato-akps-2.webp\" alt width=\"1200\" height=\"797\" loading=\"lazy\"><\/p>\n<p><strong>Juan Mart\u00edn Fern\u00e1ndez buscar\u00e1 sumar otro t\u00edtulo en Promocional<\/strong><\/p>\n<p>Juan Mart\u00edn Fern\u00e1ndez comanda las acciones de la Promocional con 140 puntos acumulados, ostentando una diferencia de 17 unidades. Ciro Schill acecha en la segunda colocaci\u00f3n con 123, mientras que Sof\u00eda Gonzalo da batalla firme en el tercer puesto con 119 puntos. El grupo de vanguardia lo completan Valentino Caffaro en la cuarta posici\u00f3n con 91 puntos y Giuliano Nievas en el quinto lugar con 70 unidades.&nbsp;<\/p>\n<p><strong>En Sudam Master Micheloud hace la diferencia<\/strong><\/p>\n<p>La divisional Master exhibe una paridad notable entre los referentes regionales. Gustavo Micheloud marcha al frente con 114 puntos, administrando la ventaja sobre Francisco Iparraguirre, quien se ubica segundo con 98 unidades. Ezequiel Tudesco que no ha tenido fortuna en la fecha pasada se ubica tercero con 88 puntos, al tiempo que Federico D&#8217; Elia (72) y Mat\u00edas Giambelluca (71) mantienen un mano a mano cerrado por la cuarta posici\u00f3n, anticipando un espect\u00e1culo de alto nivel conductivo para la cita de septiembre.&nbsp;<\/p>\n<p><img decoding=\"async\" src=\"http:\/\/latecordoba.com\/wp-content\/uploads\/2026\/08\/preparativos-para-la-septima-fecha-del-campeonato-akps-3.webp\" alt width=\"1200\" height=\"624\" loading=\"lazy\"><\/p>\n<p><strong>El piloto nacional Gennaro Mottesi imparable en Sudam Senior<\/strong><\/p>\n<p>En la categor\u00eda Senior, Gennaro Mottesi ha mostrado un ritmo demoledor acumulando 150 puntos en lo que va del a\u00f1o. La escolta est\u00e1 muy disputada, Branko Janevski se coloca en el segundo lugar con 83 puntos, escoltado muy de cerca por Javier Fern\u00e1ndez y Valentino Sartorio, quienes comparten la tercera colocaci\u00f3n empatados con 70 unidades. Cierra el top five Nicol\u00e1s Arrieta con 60 puntos, completando una grilla de candidatos listos para buscar el triunfo en el regreso a la pista.&nbsp;<\/p>\n<p>&nbsp;Y mientras la AKPS se reacomoda con su flamante comisi\u00f3n directiva que encabeza ahora Pablo Soetbeer, muy pronto las categor\u00edas volver\u00e1n al ruedo en Comodoro, tambi\u00e9n se reactiva la Escuela de Karting con muy buen n\u00famero de futuros pilotos.<\/p>\n<p><strong>El campeonato 2026 AKPS corridas seis fechas:<\/strong><\/p>\n<p><strong>&nbsp;&nbsp;Categor\u00eda 4T Patag\u00f3nica:<\/strong><\/p>\n<p>1 (4) Ezequiel Marocchi, 127 puntos<\/p>\n<p>2 (3) Maximiliano Navarro, 109 puntos<\/p>\n<p>3 (15) Juan Jos\u00e9 Victorino, 77 puntos<\/p>\n<p>4 (46) Mat\u00edas Paz, 63 puntos<\/p>\n<p>5 (6) Daniel Deramond, 60 puntos<\/p>\n<p>6 (8) Pablo Menzio, 56 puntos<\/p>\n<p>7 (27) Fernando Ostoich, 37 puntos<\/p>\n<p>8 (22) Leonardo Carrizo, 34 puntos<\/p>\n<p>9 (10) Jos\u00e9 Qui\u00f1ones, 26 puntos<\/p>\n<p>10 (71) Andr\u00e9s Navarro, 21 puntos<\/p>\n<p>11 (14) Mauricio Corbatto, 16 puntos<\/p>\n<p>12 (69) Guillermo Cer\u00f3n, 9 puntos<\/p>\n<p>13 (24) Adri\u00e1n Das Neves, 8 puntos<\/p>\n<p>14 (79) Braian Miranda, 3 puntos<\/p>\n<p><strong>Categor\u00eda Mini:<\/strong><\/p>\n<p>1 (2) Basti\u00e1n Soetbeer, 135 puntos<\/p>\n<p>2 (7) Thiago Guill\u00e9n, 134 puntos<\/p>\n<p>3 (4) Juan Pardo, 120 puntos<\/p>\n<p>4 (6) Benicio Paultroni, 80 puntos<\/p>\n<p>5 (24) Teo Alcaraz, 55 puntos<\/p>\n<p>6 (17) Benjam\u00edn Ortega, 48 puntos<\/p>\n<p>7 (36) \u00c1stor Pires, 37 puntos<\/p>\n<p>8 (12) Eluney Carrizo, 36 puntos<\/p>\n<p>9 (48) Maurice Noah Quinteros, 35 puntos<\/p>\n<p>10 (8) Luana Navarro, 33 puntos<\/p>\n<p>11 (22) Benjam\u00edn Malo, 33 puntos<\/p>\n<p>12 (13) Valentino Vukicevic, 17 puntos<\/p>\n<p>13 (15) Thiago Aguirre, 9 puntos<\/p>\n<p>14 (14) Nahuel Baigorria, 6 puntos<\/p>\n<p>15 (46) Leonel Cortez, 6 puntos<\/p>\n<p>16 (26) Leonel Cortez Aburto, 2 puntos<\/p>\n<p>17 (21) Maitreya Bers\u00e1n, 1 puntos<\/p>\n<p>18 (95) Lucca Gonz\u00e1lez, 1 puntos<\/p>\n<p><strong>Categor\u00eda Prokart:&nbsp; <\/strong><\/p>\n<p>1 (2) Lucio Bergia, 148 puntos<\/p>\n<p>2 (9) Nazareno Turrez, 84 puntos<\/p>\n<p>3 (5) Valentino Fuentes, 79 puntos<\/p>\n<p>4 (8) Sa\u00fal Hern\u00e1ndez, 68 puntos<\/p>\n<p>5 (15) M\u00eda Peralta, 67 puntos<\/p>\n<p>6 (16) Laureano Baima, 51 puntos<\/p>\n<p>7 (7) Ignacio Sartorio, 45 puntos<\/p>\n<p>8 (41) Ian Moreno, 45 puntos<\/p>\n<p>9 (24) Laureano Gallardo, 22 puntos<\/p>\n<p>10 (44) Mat\u00edas Carrasco, 17 puntos<\/p>\n<p>11 (18) Enzo Oliver, 14 puntos<\/p>\n<p>12 (77) Helena Ortiz, 10 puntos<\/p>\n<p>13 (95) Joel Taffarel, 7 puntos<\/p>\n<p>14 (63) Ramiro Guerreiro, 6 puntos<\/p>\n<p><strong>Categor\u00eda Promocional:&nbsp; <\/strong><\/p>\n<p>1 (3) Juan Mart\u00edn Fern\u00e1ndez, 140 puntos<\/p>\n<p>2 (7) Ciro Schill, 123 puntos<\/p>\n<p>3 (6) Sof\u00eda Gonzalo, 119 puntos<\/p>\n<p>4 (5) Valentino Caffaro, 91 puntos<\/p>\n<p>5 (17) Giuliano Nievas, 70 puntos<\/p>\n<p>6 (4) Milo Varone, 28 puntos<\/p>\n<p>7 (56) Lautaro D\u00edaz, 9 puntos&nbsp;<\/p>\n<p><strong>Categor\u00eda Sudam Master:&nbsp; <\/strong><\/p>\n<p>1 (2) Gustavo Micheloud, 114 puntos<\/p>\n<p>2 (7) Francisco Iparraguirre, 98 puntos<\/p>\n<p>3 (1) Ezequiel Tudesco, 88 puntos<\/p>\n<p>4 (6) Federico D&#8217; Elia, 72 puntos<\/p>\n<p>5 (10) Mat\u00edas Giambelluca, 71 puntos<\/p>\n<p>6 (4) Eduardo Bello, 68 puntos<\/p>\n<p>7 (13) Alexis Arienti, 68 puntos<\/p>\n<p>8 (5) Jorge D\u00edas Gago, 42 puntos<\/p>\n<p>9 (3) Javier Fern\u00e1ndez, 38 puntos<\/p>\n<p>10 (11) Genaro Castillo, 30 puntos<\/p>\n<p>11 (12) Gustavo Bevilacqua, 19 puntos<\/p>\n<p>12 (9) Marcos Malaspina, 16 puntos<\/p>\n<p>13 (16) Emilio Gonz\u00e1lez, 16 puntos<\/p>\n<p>14 (79) Luciano Sartorio, 15 puntos<\/p>\n<p>15 (77) Kevin Flores, 13 puntos<\/p>\n<p>16 (29) Henrry Newing, 9 puntos<\/p>\n<p>17 (44) Renzo Blotta, 9 puntos<\/p>\n<p>18 (86) Ricardo Frizzarin, 7 puntos<\/p>\n<p>19 (8) Pablo Soetbeer, 5 puntos<\/p>\n<p>20 (30) Rodrigo Navarro, 4 puntos<\/p>\n<p>21 (85) Luciano Gonz\u00e1lez, 4 puntos&nbsp;<\/p>\n<p><strong>Categor\u00eda Sudam Senior:&nbsp; <\/strong><\/p>\n<p>1 (11) Gennaro Mottesi, 150 puntos<\/p>\n<p>2 (44) Branko Janevski, 83 puntos<\/p>\n<p>3 (88) Javier Fern\u00e1ndez, 70 puntos<\/p>\n<p>4 (27) Valentino Sartorio, 70 puntos<\/p>\n<p>5 (73) Nicol\u00e1s Arrieta, 60 puntos<\/p>\n<p>6 (51) Juli\u00e1n C\u00e1rdenas, 36 puntos<\/p>\n<p>7 (22) Santiago Arienti, 35 puntos<\/p>\n<p>8 (33) Benjam\u00edn Quiroga, 34 puntos<\/p>\n<p>9 (52) Agust\u00edn Baima, 27 puntos<\/p>\n<p>10 (71) Marcos Sep\u00falveda, 21 puntos<\/p>\n<p>11 (28) Ricardo Frizzarin, 1 puntos<\/p>\n<p>12 (42) Enrique L\u00e1zaro, 1 puntos&nbsp;<\/p>\n<\/p><\/div>\n","protected":false},"excerpt":{"rendered":"\n<div class=\"media_block\"><a href=\"http:\/\/latecordoba.com\/wp-content\/uploads\/2026\/08\/preparativos-para-la-septima-fecha-del-campeonato-akps.webp\"><img decoding=\"async\" src=\"http:\/\/latecordoba.com\/wp-content\/uploads\/2026\/08\/preparativos-para-la-septima-fecha-del-campeonato-akps.webp\" class=\"media_thumbnail\"><\/a><\/div>\n<p>El Campeonato de la Asociaci\u00f3n de Karting de la Patagonia Sur (AKPS), se prepara para encender nuevamente los motores el pr\u00f3ximo domingo 20 de septiembre, en el circuito internacional ubicado en km 9 en Comodoro Rivadavia. Faltan tres fechas para cerrar el a\u00f1o 2026.  <\/p>\n","protected":false},"author":1,"featured_media":44077,"comment_status":"closed","ping_status":"closed","sticky":false,"template":"","format":"standard","meta":[],"categories":[17],"tags":[],"_links":{"self":[{"href":"https:\/\/latecordoba.com\/index.php\/wp-json\/wp\/v2\/posts\/44076"}],"collection":[{"href":"https:\/\/latecordoba.com\/index.php\/wp-json\/wp\/v2\/posts"}],"about":[{"href":"https:\/\/latecordoba.com\/index.php\/wp-json\/wp\/v2\/types\/post"}],"author":[{"embeddable":true,"href":"https:\/\/latecordoba.com\/index.php\/wp-json\/wp\/v2\/users\/1"}],"replies":[{"embeddable":true,"href":"https:\/\/latecordoba.com\/index.php\/wp-json\/wp\/v2\/comments?post=44076"}],"version-history":[{"count":0,"href":"https:\/\/latecordoba.com\/index.php\/wp-json\/wp\/v2\/posts\/44076\/revisions"}],"wp:featuredmedia":[{"embeddable":true,"href":"https:\/\/latecordoba.com\/index.php\/wp-json\/wp\/v2\/media\/44077"}],"wp:attachment":[{"href":"https:\/\/latecordoba.com\/index.php\/wp-json\/wp\/v2\/media?parent=44076"}],"wp:term":[{"taxonomy":"category","embeddable":true,"href":"https:\/\/latecordoba.com\/index.php\/wp-json\/wp\/v2\/categories?post=44076"},{"taxonomy":"post_tag","embeddable":true,"href":"https:\/\/latecordoba.com\/index.php\/wp-json\/wp\/v2\/tags?post=44076"}],"curies":[{"name":"wp","href":"https:\/\/api.w.org\/{rel}","templated":true}]}}