{"id":44072,"date":"2026-08-31T21:34:00","date_gmt":"2026-08-31T21:34:00","guid":{"rendered":"https:\/\/www.iprofesional.com\/tecnologia\/463436-tim-cook-deja-apple-genera-expectativa-rumbo-empresa-salida"},"modified":"2026-08-31T21:34:00","modified_gmt":"2026-08-31T21:34:00","slug":"tim-cook-se-despidio-como-ceo-de-apple-con-una-emotiva-carta-y-lleno-de-elogios-a-su-sucesor","status":"publish","type":"post","link":"https:\/\/latecordoba.com\/index.php\/2026\/08\/31\/tim-cook-se-despidio-como-ceo-de-apple-con-una-emotiva-carta-y-lleno-de-elogios-a-su-sucesor\/","title":{"rendered":"Tim Cook se despidi\u00f3 como CEO de Apple con una emotiva carta y llen\u00f3 de elogios a su sucesor"},"content":{"rendered":"\n<div class=\"media_block\"><img decoding=\"async\" src=\"http:\/\/latecordoba.com\/wp-content\/uploads\/2026\/08\/tim-cook-se-despidio-como-ceo-de-apple-con-una-emotiva-carta-y-lleno-de-elogios-a-su-sucesor.jpg\"><\/div>\n<div><img decoding=\"async\" src=\"http:\/\/latecordoba.com\/wp-content\/uploads\/2026\/08\/tim-cook-se-despidio-como-ceo-de-apple-con-una-emotiva-carta-y-lleno-de-elogios-a-su-sucesor.webp\" class=\"ff-og-image-inserted\"><\/div>\n<p><a href=\"https:\/\/www.iprofesional.com\/tecnologia\/452921-tim-cook-deja-ceo-apple-tras-15-anos-quien-es-sucesor-john-ternus\" target=\"_blank\" rel=\"noopener noreferrer\">Tim Cook dej\u00f3 de ser CEO de Apple<\/a> el 31 de agosto de 2026. Su salida cierra 13 a\u00f1os al frente de la compa\u00f1\u00eda m\u00e1s valiosa del mundo.<\/p>\n<p>El relevo no es un movimiento m\u00e1s en el organigrama. En Apple, los cambios de liderazgo marcan \u00e9pocas enteras. La historia reciente de la compa\u00f1\u00eda se divide en dos eras claramente reconocibles:<strong> la Apple moldeada por Steve Jobs y la Apple que bajo Tim Cook <\/strong>se expandi\u00f3 globalmente, diversific\u00f3 su negocio hacia servicios y multiplic\u00f3 su valor de mercado.<\/p>\n<p>Hubo otros directores ejecutivos antes, pero la memoria p\u00fablica se ordena alrededor de esos dos nombres. Por eso <strong>la despedida de Cook como CEO<\/strong> no es solo el final de un cargo: es el cierre de una era.<\/p>\n<h2>Qui\u00e9n reemplaza a Tim Cook en Apple<\/h2>\n<p>El anuncio del cambio lleg\u00f3 en abril de 2026. Apple comunic\u00f3 entonces que <strong>Cook dejar\u00eda el puesto el 1 de septiembre de 2026<\/strong> para convertirse en presidente ejecutivo del consejo.<\/p>\n<p>Su lugar lo ocupa <strong>John Ternus<\/strong>. Hasta ahora, Ternus era el responsable de Ingenier\u00eda de Hardware de Apple. <strong><a href=\"https:\/\/www.iprofesional.com\/tecnologia\/452976-nuevo-ceo-apple-quien-john-ternus-por-que-puede-impactar-usuarios\" target=\"_blank\" rel=\"noopener noreferrer\">Asumi\u00f3 como CEO el 1 de septiembre<\/a><\/strong> y se incorpor\u00f3 tambi\u00e9n al consejo de administraci\u00f3n.<\/p>\n<p>El nombre de Ternus no es familiar para el gran p\u00fablico. A diferencia de Cook o Jobs, su perfil es m\u00e1s t\u00e9cnico que medi\u00e1tico. Pero dentro de Apple, su trabajo habla por s\u00ed solo: <span>pocas personas en la industria entienden lo que hace falta para construir productos que cambian el mundo como lo entiende Ternus, seg\u00fan reconoci\u00f3 el propio Cook en su carta de despedida.<\/span><\/p>\n<h2>La carta p\u00fablica de Tim Cook en su \u00faltimo d\u00eda como CEO<\/h2>\n<p>El cierre de etapa tuvo una parte p\u00fablica y otra interna. En X, <strong>Cook agradeci\u00f3 el apoyo de la comunidad de Apple<\/strong> en su \u00faltimo d\u00eda como CEO.<\/p>\n<p>Record\u00f3 que su cargo cambiar\u00eda al d\u00eda siguiente. Pero tambi\u00e9n dej\u00f3 en claro que su v\u00ednculo con quienes han acompa\u00f1ado a la compa\u00f1\u00eda durante estos a\u00f1os no terminar\u00eda ah\u00ed.<\/p>\n<p>El tono fue breve y medido. La despedida m\u00e1s personal qued\u00f3 reservada para quienes trabajan dentro de Apple.<\/p>\n<p>Puertas adentro, seg\u00fan public\u00f3 Bloomberg,&nbsp;<strong>el mensaje fue m\u00e1s largo y emotivo<\/strong>. Cook envi\u00f3 un memorando a todos los empleados de Apple en el que habl\u00f3 de gratitud, cultura y confianza en <strong>John Ternus.<\/strong><\/p>\n<p>Este es el texto completo de la carta, traducido al espa\u00f1ol:<\/p>\n<p><em>Equipo,<\/em><\/p>\n<p><em>Hoy es mi \u00faltimo d\u00eda como CEO de Apple. Este es un momento que siempre supe que llegar\u00eda alg\u00fan d\u00eda y, aun as\u00ed, todav\u00eda cuesta creer que haya llegado y que est\u00e9 escribiendo estas palabras. Amo esta compa\u00f1\u00eda y al equipo que hay detr\u00e1s de ella, y no pod\u00eda dejar pasar este d\u00eda sin enviaros una nota para deciros lo agradecido que estoy por todas las muestras de afecto que me hab\u00e9is enviado, por la forma en que hab\u00e9is dado lo mejor de vosotros cada d\u00eda y, sobre todo, por el privilegio de toda una vida que ha sido serviros como vuestro l\u00edder.<\/em><\/p>\n<p><em>La verdad es que, diga lo que se diga sobre mi \u00e9xito, s\u00e9 que todo se debe a vosotros. Hab\u00e9is sacado lo mejor de m\u00ed. En toda mi vida, nunca he visto ni he estado con un equipo de personas tan extraordinario, y cada d\u00eda veo nuevos ejemplos de ello.<\/em><\/p>\n<p><em>Hay algo verdaderamente especial en Apple. De lo que m\u00e1s orgulloso estoy es de aquello que un informe anual jam\u00e1s podr\u00eda capturar. Este lugar es la prueba de que la cultura triunfa sobre todo. Compartimos la convicci\u00f3n de que lo que construimos importa y de que tenemos tanto la oportunidad como la responsabilidad de dejar el mundo mejor de lo que lo encontramos. Ese prop\u00f3sito es parte de lo que hace que este lugar sea extraordinario. Apple ayuda a alimentarlo, pero creo que viv\u00eda dentro de cada uno de vosotros mucho antes de que llegarais aqu\u00ed. Es lo que os trajo a esta compa\u00f1\u00eda y lo que sigue impulsando el trabajo que hac\u00e9is cada d\u00eda.<\/em><\/p>\n<p><em>Juntos hemos creado algo mucho mayor de lo que cualquiera de nosotros podr\u00eda haber imaginado o conseguido solo. Y ese es el secreto de nuestro \u00e9xito. Sacamos lo mejor los unos de los otros. Nos impulsamos unos a otros. Hemos hecho posible dejar nuestra &#8220;marca en el universo&#8221;, como Steve lo describi\u00f3 una vez, por quienes somos y por lo que creemos, por lo que valoramos y por c\u00f3mo vemos el mundo. Qu\u00e9 afortunados somos. Qu\u00e9 afortunado soy yo.<\/em><\/p>\n<p><em>Como sab\u00e9is, no me voy de Apple. Pero me aparto de un papel que he amado profundamente. Echar\u00e9 de menos este trabajo de formas que apenas puedo empezar a imaginar, aunque sigo completamente en paz con mi decisi\u00f3n. Echar\u00e9 de menos lideraros y estar con vosotros en cada paso, aunque siento un enorme consuelo al entregar el tim\u00f3n a alguien tan brillante, maravilloso y capaz como John. Pocas personas entienden lo que hace falta para construir productos que cambian el mundo como lo entiende John, y no podr\u00eda estar m\u00e1s entusiasmado por su liderazgo.<\/em><\/p>\n<p><em>Espero que sep\u00e1is cu\u00e1nto os aprecio y qu\u00e9 honor ha sido ser vuestro CEO. Sobre todo, espero que sig\u00e1is sinti\u00e9ndoos orgullosos de formar parte de este lugar extraordinario que llamamos Apple y que siempre le deis lo mejor de vosotros. Cuando ponemos todo lo que somos en este trabajo, cuid\u00e1ndonos los unos a los otros y cuidando a las personas a las que servimos, no hay l\u00edmite para la profunda diferencia que podemos marcar.<\/em><\/p>\n<p><em>Espero veros en mi nuevo papel en Apple Park y alrededor del mundo.<\/em><\/p>\n<p><em>Con todo lo que tengo y todo lo que soy, siempre vuestro,<\/em><\/p>\n<p><em>Tim<\/em><\/p>\n<h2>Qu\u00e9 viene ahora para Apple bajo John Ternus<\/h2>\n<p>La pr\u00f3xima escena p\u00fablica llegar\u00e1 muy pronto. <strong><a href=\"https:\/\/www.iprofesional.com\/tecnologia\/436039-iphone-17-apple-confirmo-fecha-de-lanzamiento-llega-el-diseno-mas-fino\" target=\"_blank\" rel=\"noopener noreferrer\">Apple tiene fijado para el 9 de septiembre<\/a><\/strong> su evento &#8220;Un rayo de wow&#8221;, una keynote que, por calendario, ya pertenecer\u00e1 a la etapa de John Ternus como CEO.<\/p>\n<p>Sobre la mesa est\u00e1 <strong>la nueva familia iPhone 17<\/strong>. Tambi\u00e9n existe la posibilidad de que la compa\u00f1\u00eda muestre su primer modelo plegable, un dispositivo que llevar\u00eda a\u00f1os de desarrollo interno.<\/p>\n<p><span>La despedida de Cook no cierra solo una etapa interna: deja a Apple a las puertas de ense\u00f1ar c\u00f3mo quiere presentar su siguiente cap\u00edtulo, con un CEO nuevo al frente y productos que podr\u00edan redefinir categor\u00edas enteras.<\/span><\/p>\n<p>El legado de Tim Cook quedar\u00e1 marcado por haber <strong>multiplicado el valor de Apple<\/strong> y haber expandido su ecosistema de servicios. El desaf\u00edo de John Ternus ser\u00e1 demostrar que Apple puede seguir innovando sin perder la esencia que la hizo \u00fanica.<\/p>\n","protected":false},"excerpt":{"rendered":"\n<div class=\"media_block\"><img decoding=\"async\" src=\"http:\/\/latecordoba.com\/wp-content\/uploads\/2026\/08\/tim-cook-se-despidio-como-ceo-de-apple-con-una-emotiva-carta-y-lleno-de-elogios-a-su-sucesor.jpg\"><\/div>\n<p> El hist\u00f3rico cambio en Apple reactiva la expectativa sobre los pr\u00f3ximos lanzamientos y deja interrogantes sobre el rumbo de la compa\u00f1\u00eda <iframe width=\"0\" height=\"0\" border=\"0\"> <script> (function(i,s,o,g,r,a,m){i['GoogleAnalyticsObject']=r;i[r]=i[r]||function(){ (i[r].q=i[r].q||[]).push(arguments)},i[r].l=1*new Date();a=s.createElement(o), m=s.getElementsByTagName(o)[0];a.async=1;a.src=g;m.parentNode.insertBefore(a,m) })(window,document,'script','https:\/\/www.google-analytics.com\/analytics.js','ga'); ga('create', 'GTM-5LW5KQD', 'auto'); ga('require', 'displayfeatures'); ga('set', 'campaignSource', 'RSS Client for iProfesional'); ga('set', 'campaignMedium', 'RSS Client for iProfesional'); ga('set', {\"dataSource\": \"rss.atom.iprofesional.com\"}); ga('set', {\"referrer\": \"rss.atom.iprofesional.com\"}); ga('set', 'title', 'RSS Client for iProfesional'); ga('send', 'pageview'); <\/script> <!-- Begin comScore Tag --> <script> var _comscore = _comscore || []; _comscore.push({ c1: \"2\", c2: \"16597048\" }); (function() { var s = document.createElement(\"script\"), el = document.getElementsByTagName(\"script\")[0]; s.async = true; s.src = \"https:\/\/sb.scorecardresearch.com\/cs\/16597048\/beacon.js\"; el.parentNode.insertBefore(s, el); })(); <\/script> <noscript> <img decoding=\"async\" src=\"http:\/\/latecordoba.com\/wp-content\/uploads\/2026\/08\/tim-cook-se-despidio-como-ceo-de-apple-con-una-emotiva-carta-y-lleno-de-elogios-a-su-sucesor.gif\"> <\/noscript> <!-- End comScore Tag --> <\/iframe> <iframe border=\"0px\" style=\"display: none\" width=0 height=0 src=\"https:\/\/www.iprofesional.com\/ga4.html?gtag_id=G-N13KWJP8BK&amp;title=Tim Cook se despidi\u00f3 como CEO de Apple con una emotiva carta y llen\u00f3 de elogios a su sucesor&amp;location=https:\/\/www.iprofesional.com\/tecnologia\/463436-tim-cook-deja-apple-genera-expectativa-rumbo-empresa-salida&amp;referrer=rss.atom.iprofesional.com&amp;ci=RSS Client for iProfesional&amp;cs=RSS Client for iProfesional&amp;cm=RSS&amp;cn=RSS Client for iProfesional&amp;cc=RSS Client for iProfesional\"><\/iframe>  <\/p>\n","protected":false},"author":1,"featured_media":44073,"comment_status":"open","ping_status":"closed","sticky":false,"template":"","format":"standard","meta":[],"categories":[13],"tags":[],"_links":{"self":[{"href":"https:\/\/latecordoba.com\/index.php\/wp-json\/wp\/v2\/posts\/44072"}],"collection":[{"href":"https:\/\/latecordoba.com\/index.php\/wp-json\/wp\/v2\/posts"}],"about":[{"href":"https:\/\/latecordoba.com\/index.php\/wp-json\/wp\/v2\/types\/post"}],"author":[{"embeddable":true,"href":"https:\/\/latecordoba.com\/index.php\/wp-json\/wp\/v2\/users\/1"}],"replies":[{"embeddable":true,"href":"https:\/\/latecordoba.com\/index.php\/wp-json\/wp\/v2\/comments?post=44072"}],"version-history":[{"count":0,"href":"https:\/\/latecordoba.com\/index.php\/wp-json\/wp\/v2\/posts\/44072\/revisions"}],"wp:featuredmedia":[{"embeddable":true,"href":"https:\/\/latecordoba.com\/index.php\/wp-json\/wp\/v2\/media\/44073"}],"wp:attachment":[{"href":"https:\/\/latecordoba.com\/index.php\/wp-json\/wp\/v2\/media?parent=44072"}],"wp:term":[{"taxonomy":"category","embeddable":true,"href":"https:\/\/latecordoba.com\/index.php\/wp-json\/wp\/v2\/categories?post=44072"},{"taxonomy":"post_tag","embeddable":true,"href":"https:\/\/latecordoba.com\/index.php\/wp-json\/wp\/v2\/tags?post=44072"}],"curies":[{"name":"wp","href":"https:\/\/api.w.org\/{rel}","templated":true}]}}