{"id":44070,"date":"2026-08-31T20:33:00","date_gmt":"2026-08-31T20:33:00","guid":{"rendered":"https:\/\/www.iprofesional.com\/economia\/463434-el-bcra-tuvo-en-agosto-la-menor-compra-mensual-de-dolares-en-lo-que-va-del-ano"},"modified":"2026-08-31T20:33:00","modified_gmt":"2026-08-31T20:33:00","slug":"el-bcra-tuvo-en-agosto-la-menor-compra-mensual-de-dolares-en-lo-que-va-del-ano","status":"publish","type":"post","link":"https:\/\/latecordoba.com\/index.php\/2026\/08\/31\/el-bcra-tuvo-en-agosto-la-menor-compra-mensual-de-dolares-en-lo-que-va-del-ano\/","title":{"rendered":"El BCRA tuvo en agosto la menor compra mensual de d\u00f3lares en lo que va del a\u00f1o"},"content":{"rendered":"\n<div class=\"media_block\"><img decoding=\"async\" src=\"http:\/\/latecordoba.com\/wp-content\/uploads\/2026\/08\/el-bcra-tuvo-en-agosto-la-menor-compra-mensual-de-dolares-en-lo-que-va-del-ano.jpg\"><\/div>\n<div><img decoding=\"async\" src=\"http:\/\/latecordoba.com\/wp-content\/uploads\/2026\/08\/el-bcra-tuvo-en-agosto-la-menor-compra-mensual-de-dolares-en-lo-que-va-del-ano.webp\" class=\"ff-og-image-inserted\"><\/div>\n<p>El <strong>Banco Central <\/strong>cerr\u00f3 agost\u00f3 con compras de reservas, pero el nivel acumulado de todo <strong>el mes fue el m\u00e1s bajo en lo que va del a\u00f1o<\/strong>, producto de diversos factores, entre una menor liquidaci\u00f3n del agro y como parte de la propia estrategia oficial.<\/p>\n<p>En concreto, <a href=\"https:\/\/www.iprofesional.com\/finanzas\/463288-banco-central-argentina-ya-compro-mas-de-14000-millones-dolares-en-2026\" target=\"_blank\" rel=\"noopener noreferrer\">el BCRA compr\u00f3 u$s46 millones este lunes<\/a>, para cerrar agosto con compras por <strong>u$s768 millones,<\/strong> lo que representa la cifra mensual m\u00e1s baja en lo que va del a\u00f1o. De todas formas, en el acumulado del a\u00f1o ya suma compras por <strong>u$s14.095 millones<\/strong>, y busca acercarse al techo de la meta de <strong>u$s17.000 millones<\/strong> previsto para todo el 2026: el piso de esa meta (u$s10.000 millones) ya lo super\u00f3.<\/p>\n<p>Las reservas cerraron el mes en <strong>u$s48.257 millones<\/strong>, lo que represent\u00f3 una baja de <strong>u$s1.534 millones desde el \u00faltimo viernes.<\/strong><\/p>\n<p>Lo cierto es que <strong>el BCRA cerr\u00f3 agosto con la menor cantidad de d\u00f3lares comprados<\/strong> en lo que va del a\u00f1o:<\/p>\n<ul>\n<li>En enero compr\u00f3 u$s1.157 millones<\/li>\n<li>Febrero: u$s1.555 millones<\/li>\n<li>Marzo: u$s1.670 millones<\/li>\n<li>Abril: u$s2.771 millones<\/li>\n<li>Mayor: u$s2.596 millones<\/li>\n<li>Junio: u$s 1.418 millones<\/li>\n<li>Julio: u$s2.162 millones<\/li>\n<li><span>Agosto: u$s768 millones<\/span><\/li>\n<\/ul>\n<h2>Por qu\u00e9 el BCRA compr\u00f3 menos reservas en agosto 2026<\/h2>\n<p><span>El programa monetario vigente estableci\u00f3 un rango de acumulaci\u00f3n de entre&nbsp;<\/span><strong>u$s10.000 millones y u$s17.000 millones<\/strong><span>&nbsp;para 2026. El piso de esa meta ya fue superado a principios de junio, apenas cinco meses despu\u00e9s del inicio de la fase cuatro del plan cambiario.<\/span><\/p>\n<p>Ahora, el equipo de Luis Caputo trabaja con la mira puesta en alcanzar el techo de u$s17.000 millones antes de que finalice el a\u00f1o. En agosto, sin embargo, el ritmo de compras mostr\u00f3 una desaceleraci\u00f3n y cerr\u00f3 con la cifra m\u00e1s baja en lo que va del a\u00f1o.<\/p>\n<p>Lo concreto es que, por la \u00e9poca del a\u00f1o, la<span>&nbsp;<\/span><strong>liquidaci\u00f3n de divisas del campo cay\u00f3, y eso repercute en la menor compra de reservas<\/strong><span>&nbsp;<\/span>por parte del Banco Central. Aunque tambi\u00e9n se observan otras intervenciones oficiales para mantener controlado al mercado.<\/p>\n<p>&#8220;<strong>Es una estrategia, evidentemente, la menor compra de divisas. Quieren inyectar menos pesos al mercado porque cuando compra d\u00f3lares inyecta pesos<\/strong>. Y, seguramente, el Gobierno observa que hay m\u00e1s demanda de divisas en la plaza para atender compromisos. As\u00ed, puede que haya algo menos de exportaci\u00f3n y, entonces, el BCRA no compra tanto para no fatigar al mercado y evitar que se traslade a precios. Igual, est\u00e1 interviniendo en los mercados de futuros, as\u00ed que es una estrategia que tiene&#8221;, afirma a<span>&nbsp;<\/span><strong><strong>iProfesional<\/strong><span>&nbsp;<\/span>Gustavo Quintana<\/strong>, analista de PR Cambios.<\/p>\n<p>En ello suma<span>&nbsp;<\/span><strong>Fernando Baer,<\/strong><span>&nbsp;<\/span>economista jefe de la consultora<span>&nbsp;<\/span><strong>Quantum<\/strong>, al afirmar: &#8220;En principio, es una se\u00f1al que la estacionalidad habitual lleg\u00f3. En el manejo cambiario monetario, el<span>&nbsp;<\/span><strong>BCRA sigue comprando, pero tambi\u00e9n reacomod\u00f3 la tasa de inter\u00e9s<\/strong><span>&nbsp;<\/span>para sostener la demanda de pesos, en combinaci\u00f3n con<span>&nbsp;<\/span><strong>ventas de d\u00f3lar futuro e instrumentos d\u00f3lar linked.<span>&nbsp;<\/span><\/strong>Un escenario donde la pericia en el manejo del equilibrio ser\u00e1 importante&#8221;.<\/p>\n<p>Durante el primer trimestre, la prioridad estuvo puesta en atender las necesidades de financiamiento del Tesoro Nacional. Ese foco redujo temporalmente la capacidad del Central para absorber divisas del mercado.<span>&nbsp;<\/span><strong>Reci\u00e9n a partir de abril, con el frente fiscal m\u00e1s ordenado, Bausili pudo volver a acelerar las compras<\/strong>.<\/p>\n<h2>El d\u00f3lar mayorista cerr\u00f3 agosto por arriba de los $1.500<\/h2>\n<p>El d\u00f3lar mayorista termin\u00f3<strong> agosto por encima de los $1.500<\/strong>, pese a retroceder en la \u00faltima rueda del mes, y volvi\u00f3 a quedar en el centro de la escena financiera. La cotizaci\u00f3n acumul\u00f3 su quinta suba mensual consecutiva, en un per\u00edodo marcado por un cambio en la estrategia oficial.<\/p>\n<p>Despu\u00e9s de varias semanas en las que el Gobierno busc\u00f3 mantener al tipo de cambio mayorista por debajo de los <strong>$1.500, <\/strong>el esquema comenz\u00f3 a mostrar mayor flexibilidad. La cotizaci\u00f3n logr\u00f3 superar esa referencia y termin\u00f3 consolid\u00e1ndose por encima de ese nivel.<\/p>\n<p>Este lunes, \u00faltimo d\u00eda h\u00e1bil de agosto, <strong>el d\u00f3lar mayorista baj\u00f3 0,2%, equivalente a $3,50, y cerr\u00f3 en $1.508,50.<\/strong> De esta manera, qued\u00f3 a 24,6% del techo de la banda cambiaria, que se ubic\u00f3 en $1.879,92.<\/p>\n<p>Durante el mes, el tipo de cambio acumul\u00f3 un avance de $23,50, equivalente al 1,6%. En la jornada se negociaron m\u00e1s de u$s593,5 millones en el segmento de contado.<\/p>\n<p>En el mercado de futuros predomin\u00f3 una tendencia bajista en los contratos correspondientes a 2026. <span>Las cotizaciones reflejan que los operadores esperan un tipo de cambio mayorista de $1.536,50 para fines de septiembre y de $1.621 para diciembre.<\/span><\/p>\n<p>En total, durante la jornada se negociaron alrededor de<strong> u$s2.251 millones en contratos de d\u00f3lar futuro.<\/strong><\/p>\n<p>En el segmento minorista, el d\u00f3lar baj\u00f3 a <strong>$1.530 para la venta en el Banco Naci\u00f3n (BNA)<\/strong>. Con ese valor, el d\u00f3lar tarjeta para consumos en el exterior se ubic\u00f3 en $1.995.<\/p>\n<p>Seg\u00fan el relevamiento de entidades financieras que realiza el Banco Central (BCRA), el tipo de cambio minorista registr\u00f3 un promedio ponderado de <strong>$1.531,51.<\/strong><\/p>\n<p>Entre las cotizaciones paralelas, el d\u00f3lar blue volvi\u00f3 a ubicarse en $1.555 para la venta, de acuerdo con un relevamiento de \u00c1mbito en las cuevas porte\u00f1as. El contado con liquidaci\u00f3n (CCL) baj\u00f3 0,6% hasta $1.598,84, mientras que el MEP retrocedi\u00f3 0,2% hasta $1.534,91.<\/p>\n<p>En paralelo con la evoluci\u00f3n del tipo de cambio, el mercado de deuda tambi\u00e9n mostr\u00f3 se\u00f1ales de mayor cautela.<\/p>\n<p>El chief economist de <strong>Aldazabal y C\u00eda., Mariano Ortiz Villafa\u00f1e,<\/strong> destac\u00f3 que las colocaciones de deuda hard-dollar de empresas y provincias alcanzaron u$s937 millones en agosto, menos de la mitad del monto registrado en julio.<\/p>\n<p>&#8220;<span>La ca\u00edda estuvo asociada a un escenario m\u00e1s desafiante para los emisores locales, por la mayor incertidumbre global con tasas en alza en EEUU y la suba del spread soberano de Argentina<\/span>&#8220;, explic\u00f3.<\/p>\n<p>El especialista se\u00f1al\u00f3 adem\u00e1s que la mayor parte de las operaciones correspondi\u00f3 a obligaciones negociables (ONs) bajo legislaci\u00f3n argentina.<\/p>\n<p>&#8220;No se registraron provincias saliendo al mercado internacional en el mes. En lo que va del a\u00f1o, las colocaciones promedian u$s1.670 millones por mes&#8221;, puntualiz\u00f3.<\/p>\n","protected":false},"excerpt":{"rendered":"\n<div class=\"media_block\"><img decoding=\"async\" src=\"http:\/\/latecordoba.com\/wp-content\/uploads\/2026\/08\/el-bcra-tuvo-en-agosto-la-menor-compra-mensual-de-dolares-en-lo-que-va-del-ano.jpg\"><\/div>\n<p> El Banco Central sum\u00f3 este lunes u$S46 millones y cerr\u00f3 agosto con compras por u$s768 millones, el monto m\u00e1s bajo en lo que va del 2026 <iframe width=\"0\" height=\"0\" border=\"0\"> <script> (function(i,s,o,g,r,a,m){i['GoogleAnalyticsObject']=r;i[r]=i[r]||function(){ (i[r].q=i[r].q||[]).push(arguments)},i[r].l=1*new Date();a=s.createElement(o), m=s.getElementsByTagName(o)[0];a.async=1;a.src=g;m.parentNode.insertBefore(a,m) })(window,document,'script','https:\/\/www.google-analytics.com\/analytics.js','ga'); ga('create', 'GTM-5LW5KQD', 'auto'); ga('require', 'displayfeatures'); ga('set', 'campaignSource', 'RSS Client for iProfesional'); ga('set', 'campaignMedium', 'RSS Client for iProfesional'); ga('set', {\"dataSource\": \"rss.atom.iprofesional.com\"}); ga('set', {\"referrer\": \"rss.atom.iprofesional.com\"}); ga('set', 'title', 'RSS Client for iProfesional'); ga('send', 'pageview'); <\/script> <!-- Begin comScore Tag --> <script> var _comscore = _comscore || []; _comscore.push({ c1: \"2\", c2: \"16597048\" }); (function() { var s = document.createElement(\"script\"), el = document.getElementsByTagName(\"script\")[0]; s.async = true; s.src = \"https:\/\/sb.scorecardresearch.com\/cs\/16597048\/beacon.js\"; el.parentNode.insertBefore(s, el); })(); <\/script> <noscript> <img decoding=\"async\" src=\"http:\/\/latecordoba.com\/wp-content\/uploads\/2026\/08\/el-bcra-tuvo-en-agosto-la-menor-compra-mensual-de-dolares-en-lo-que-va-del-ano.gif\"> <\/noscript> <!-- End comScore Tag --> <\/iframe> <iframe border=\"0px\" style=\"display: none\" width=0 height=0 src=\"https:\/\/www.iprofesional.com\/ga4.html?gtag_id=G-N13KWJP8BK&amp;title=El BCRA tuvo en agosto la menor compra mensual de d\u00f3lares en lo que va del a\u00f1o&amp;location=https:\/\/www.iprofesional.com\/economia\/463434-el-bcra-tuvo-en-agosto-la-menor-compra-mensual-de-dolares-en-lo-que-va-del-ano&amp;referrer=rss.atom.iprofesional.com&amp;ci=RSS Client for iProfesional&amp;cs=RSS Client for iProfesional&amp;cm=RSS&amp;cn=RSS Client for iProfesional&amp;cc=RSS Client for iProfesional\"><\/iframe>  <\/p>\n","protected":false},"author":1,"featured_media":44071,"comment_status":"closed","ping_status":"closed","sticky":false,"template":"","format":"standard","meta":[],"categories":[18],"tags":[],"_links":{"self":[{"href":"https:\/\/latecordoba.com\/index.php\/wp-json\/wp\/v2\/posts\/44070"}],"collection":[{"href":"https:\/\/latecordoba.com\/index.php\/wp-json\/wp\/v2\/posts"}],"about":[{"href":"https:\/\/latecordoba.com\/index.php\/wp-json\/wp\/v2\/types\/post"}],"author":[{"embeddable":true,"href":"https:\/\/latecordoba.com\/index.php\/wp-json\/wp\/v2\/users\/1"}],"replies":[{"embeddable":true,"href":"https:\/\/latecordoba.com\/index.php\/wp-json\/wp\/v2\/comments?post=44070"}],"version-history":[{"count":0,"href":"https:\/\/latecordoba.com\/index.php\/wp-json\/wp\/v2\/posts\/44070\/revisions"}],"wp:featuredmedia":[{"embeddable":true,"href":"https:\/\/latecordoba.com\/index.php\/wp-json\/wp\/v2\/media\/44071"}],"wp:attachment":[{"href":"https:\/\/latecordoba.com\/index.php\/wp-json\/wp\/v2\/media?parent=44070"}],"wp:term":[{"taxonomy":"category","embeddable":true,"href":"https:\/\/latecordoba.com\/index.php\/wp-json\/wp\/v2\/categories?post=44070"},{"taxonomy":"post_tag","embeddable":true,"href":"https:\/\/latecordoba.com\/index.php\/wp-json\/wp\/v2\/tags?post=44070"}],"curies":[{"name":"wp","href":"https:\/\/api.w.org\/{rel}","templated":true}]}}