{"id":44064,"date":"2026-08-31T00:11:40","date_gmt":"2026-08-31T00:11:40","guid":{"rendered":"http:\/\/ff306c785463dc1995d917157d5c379c"},"modified":"2026-08-31T00:11:40","modified_gmt":"2026-08-31T00:11:40","slug":"tras-la-presion-de-vigo-renuncio-el-legislador-peronista-por-el-caso-de-abuso","status":"publish","type":"post","link":"https:\/\/latecordoba.com\/index.php\/2026\/08\/31\/tras-la-presion-de-vigo-renuncio-el-legislador-peronista-por-el-caso-de-abuso\/","title":{"rendered":"Tras la presi\u00f3n de Vigo, renunci\u00f3 el legislador peronista por el caso de abuso"},"content":{"rendered":"\n<div class=\"media_block\"><img decoding=\"async\" src=\"http:\/\/latecordoba.com\/wp-content\/uploads\/2026\/08\/tras-la-presion-de-vigo-renuncio-el-legislador-peronista-por-el-caso-de-abuso.jpg\"><\/div>\n<p>&nbsp;El legislador de Hacemos Unidos por C\u00f3rdoba Ernesto Ram\u00f3n &#8220;Ca\u00f1ito&#8221; Flores present\u00f3 su renuncia a la banca en la Legislatura provincial, despu\u00e9s de dos semanas de creciente presi\u00f3n pol\u00edtica por la situaci\u00f3n de su exasesor Jos\u00e9 An\u00edbal Ricardo Villarreal, detenido e imputado en una causa por grooming y abuso sexual contra menores en el norte de C\u00f3rdoba.&nbsp;<\/p>\n<p>La salida se produjo apenas cuatro d\u00edas despu\u00e9s de que la Unicameral aprobara una licencia de 180 d\u00edas sin goce de sueldo para Flores. Aquella soluci\u00f3n hab\u00eda sido cuestionada por la oposici\u00f3n, que reclamaba directamente su expulsi\u00f3n del cuerpo.&nbsp;<\/p>\n<p>El dato pol\u00edtico que termin\u00f3 de modificar el escenario fue el pronunciamiento de Alejandra Vigo. La senadora nacional y esposa del exgobernador Juan Schiaretti dijo que Flores deb\u00eda renunciar porque Villarreal hab\u00eda formado parte de su equipo:<\/p>\n<p> &#8220;Hoy el legislador, por lo pronto, tendr\u00eda que renunciar porque le toca directamente a \u00e9l, porque ha sido parte de su staff&#8221;, dijo d\u00edas atr\u00e1s. La declaraci\u00f3n de Vigo tuvo un impacto particular porque el oficialismo hab\u00eda conseguido contener, al menos transitoriamente, el conflicto con la licencia.&nbsp;<\/p>\n<p class=\"authorquote\" title=\"Alejandra Vigo\">&nbsp;Hoy el legislador, por lo pronto, tendr\u00eda que renunciar porque le toca directamente a \u00e9l, porque ha sido parte de su staff&nbsp;<\/p>\n<p>Su intervenci\u00f3n volvi\u00f3 a instalar el caso dentro de la interna del peronismo cordob\u00e9s y dej\u00f3 al llaryorismo ante una decisi\u00f3n inc\u00f3moda: sostener a Flores o asumir el costo de una crisis que ya exced\u00eda al legislador del departamento R\u00edo Seco. Sin ox\u00edgeno pol\u00edtico, Flores dimiti\u00f3 el domingo a la noche.&nbsp;<\/p>\n<p>En su carta de renuncia, el legislador evita asumir cualquier responsabilidad por la situaci\u00f3n de Villarreal y tampoco reconoce las acusaciones que se instalaron p\u00fablicamente en su contra.&nbsp;<\/p>\n<p>En la carta, afirma que fue v\u00edctima de una &#8220;campa\u00f1a de difamaci\u00f3n y de descalificaci\u00f3n personal&#8221; y sostiene que las personas que formulan acusaciones deben demostrar sus dichos ante la Justicia.&nbsp;<\/p>\n<p>&#8220;Quien formule una acusaci\u00f3n deber\u00e1 asumir la responsabilidad de sostenerla y demostrarla con pruebas, por las v\u00edas que correspondan y ante la Justicia&#8221;, se\u00f1ala. El legislador deja adem\u00e1s una aclaraci\u00f3n expl\u00edcita sobre el sentido de su salida: &#8220;Esta decisi\u00f3n no significa reconocer ninguna de las acusaciones que se han formulado en mi contra&#8221;.&nbsp;<\/p>\n<p>Flores reivindica su actuaci\u00f3n, asegura que tiene la &#8220;conciencia absolutamente tranquila&#8221; y afirma que no tiene &#8220;nada que ocultar&#8221;. Las derivaciones de los abusos a menores en el norte de C\u00f3rdoba se convirtieron en un problema pol\u00edtico para el peronismo cordob\u00e9s.&nbsp;<\/p>\n<p class=\"authorquote\" title=\"Ca\u00f1ito Flores\">&nbsp;Esta decisi\u00f3n no significa reconocer ninguna de las acusaciones que se han formulado en mi contra&nbsp;<\/p>\n<p>D\u00edas atr\u00e1s, Mart\u00edn Llaryora calific\u00f3 el episodio como &#8220;un hecho tremendo&#8221; y pidi\u00f3 que la Justicia investigara &#8220;a fondo&#8221;. Pero el problema para el Gobierno provincial no estaba solamente en determinar la eventual responsabilidad penal de Villarreal.&nbsp;<\/p>\n<p>La discusi\u00f3n pol\u00edtica pas\u00f3 r\u00e1pidamente por los mecanismos de selecci\u00f3n y control de los asesores de la Legislatura y, sobre todo, por la responsabilidad pol\u00edtica de quienes los incorporan. El episodio lleg\u00f3 adem\u00e1s en un momento especialmente delicado para el llaryorismo.&nbsp;<\/p>\n<figure class=\"vsmimage\" contenteditable=\"false\"><img decoding=\"async\" loading=\"lazy\" alt=\"Ram\u00f3n &quot;Ca\u00f1ito&quot; Flores\" data-vsmid=\"297517\" data-owidth=\"990\" data-oheight=\"660\" src=\"data:image\/png;base64,iVBORw0KGgoAAAANSUhEUgAAAx4AAAIOAQMAAAAMVUlSAAAAA1BMVEUAAACnej3aAAAAAXRSTlMAQObYZgAAAElJREFUeJztwQEBAAAAgiD\/r25IQAEAAAAAAAAAAAAAAAAAAAAAAAAAAAAAAAAAAAAAAAAAAAAAAAAAAAAAAAAAAAAAAAAAAPBjz4YAAXoxaWgAAAAASUVORK5CYII=\" vsmidos=\"1\" vsmsrc=\"\/files\/image\/297\/297517\/6a8ee5aa28968_798_526!.jpg?s=b01fe8a9e4ec9c852adb009f376e79dd&amp;d=1787883395\" width=\"798\" height=\"526\" contenteditable=\"false\"><\/figure>\n<p>El gobernador intenta presentar su proyecto como una renovaci\u00f3n generacional del peronismo cordob\u00e9s, mientras prepara una elecci\u00f3n de 2027 en la que necesita conservar el poder provincial y, al mismo tiempo, ampliar su base electoral m\u00e1s all\u00e1 del PJ tradicional.&nbsp;<\/p>\n<p>El caso Flores vuelve a poner sobre la mesa precisamente aquello de lo que Llaryora pretende despegarse: las estructuras territoriales construidas durante d\u00e9cadas de poder peronista en C\u00f3rdoba.&nbsp;<\/p>\n<p>Flores es un dirigente con fuerte inserci\u00f3n en el norte provincial y su banca est\u00e1 ligada a esa construcci\u00f3n territorial en el norte cordob\u00e9s. El esc\u00e1ndalo obliga al oficialismo a responder por un esquema de relaciones pol\u00edticas que excede al propio legislador y que, para sus adversarios, forma parte de una manera de ejercer el poder que Llaryora hab\u00eda prometido dejar atr\u00e1s.&nbsp;<\/p>\n<p>La incomodidad se potencia porque el caso Flores no aparece aislado. En las \u00faltimas semanas, distintos episodios judiciales y pol\u00edticos que involucran a dirigentes del peronismo cordob\u00e9s volvieron a alimentar la discusi\u00f3n sobre cu\u00e1nto de la vieja estructura del PJ forma parte de la herencia que Llaryora reivindica y cu\u00e1nto de ella pretende abandonar.&nbsp;<\/p>\n<p>La secuencia de la salida de Flores dur\u00f3 casi tres semanas. Primero apareci\u00f3 la detenci\u00f3n de Villarreal y la confirmaci\u00f3n de que figuraba como asesor legislativo de Flores. Despu\u00e9s llegaron las cr\u00edticas opositoras y el reclamo de que el legislador dejara su banca. El oficialismo opt\u00f3 por una salida intermedia: una licencia de 180 d\u00edas. Pero la licencia aprobada el miercoles no consigui\u00f3 cerrar el conflicto.&nbsp;<\/p>\n<p>La oposici\u00f3n mantuvo el reclamo de expulsi\u00f3n y, finalmente, la declaraci\u00f3n de Vigo llev\u00f3 la discusi\u00f3n al interior del propio peronismo. Ahora, el legislador se va. S eg\u00fan sus propias palabras, &#8220;con la frente en alto&#8221; y convencido de que &#8220;la verdad no necesita campa\u00f1as&#8221;.<\/p>\n","protected":false},"excerpt":{"rendered":"\n<div class=\"media_block\"><img decoding=\"async\" src=\"http:\/\/latecordoba.com\/wp-content\/uploads\/2026\/08\/tras-la-presion-de-vigo-renuncio-el-legislador-peronista-por-el-caso-de-abuso.jpg\"><\/div>\n<p>La senadora y esposa de Schiaretti liquid\u00f3 la suerte de Ca\u00f1ito Flores.  <\/p>\n","protected":false},"author":1,"featured_media":44065,"comment_status":"closed","ping_status":"closed","sticky":false,"template":"","format":"standard","meta":[],"categories":[18],"tags":[],"_links":{"self":[{"href":"https:\/\/latecordoba.com\/index.php\/wp-json\/wp\/v2\/posts\/44064"}],"collection":[{"href":"https:\/\/latecordoba.com\/index.php\/wp-json\/wp\/v2\/posts"}],"about":[{"href":"https:\/\/latecordoba.com\/index.php\/wp-json\/wp\/v2\/types\/post"}],"author":[{"embeddable":true,"href":"https:\/\/latecordoba.com\/index.php\/wp-json\/wp\/v2\/users\/1"}],"replies":[{"embeddable":true,"href":"https:\/\/latecordoba.com\/index.php\/wp-json\/wp\/v2\/comments?post=44064"}],"version-history":[{"count":0,"href":"https:\/\/latecordoba.com\/index.php\/wp-json\/wp\/v2\/posts\/44064\/revisions"}],"wp:featuredmedia":[{"embeddable":true,"href":"https:\/\/latecordoba.com\/index.php\/wp-json\/wp\/v2\/media\/44065"}],"wp:attachment":[{"href":"https:\/\/latecordoba.com\/index.php\/wp-json\/wp\/v2\/media?parent=44064"}],"wp:term":[{"taxonomy":"category","embeddable":true,"href":"https:\/\/latecordoba.com\/index.php\/wp-json\/wp\/v2\/categories?post=44064"},{"taxonomy":"post_tag","embeddable":true,"href":"https:\/\/latecordoba.com\/index.php\/wp-json\/wp\/v2\/tags?post=44064"}],"curies":[{"name":"wp","href":"https:\/\/api.w.org\/{rel}","templated":true}]}}