{"id":41550,"date":"2026-04-30T02:06:12","date_gmt":"2026-04-30T02:06:12","guid":{"rendered":"https:\/\/puntal-editorialfundamento.cms.api.thinkindot.com\/c256698"},"modified":"2026-04-30T02:06:12","modified_gmt":"2026-04-30T02:06:12","slug":"allanaron-la-productora-de-ulises-bueno","status":"publish","type":"post","link":"https:\/\/latecordoba.com\/index.php\/2026\/04\/30\/allanaron-la-productora-de-ulises-bueno\/","title":{"rendered":"Allanaron la productora de Ulises Bueno"},"content":{"rendered":"\n<div><img decoding=\"async\" src=\"http:\/\/latecordoba.com\/wp-content\/uploads\/2026\/05\/allanaron-la-productora-de-ulises-bueno.png\" class=\"ff-og-image-inserted\"><\/div>\n<div class=\"cuerpo\" data-twitter-link readability=\"17\">\n<p> El denunciante ser\u00eda parte del staff del int\u00e9rprete, mientras que los investigadores analizan posibles irregularidades similares a la se\u00f1alada, pero en otros empleados, as\u00ed como la falta de aportes previsionales, incumplimientos en pagos y otras condiciones que no estar\u00edan en el marco legal.<\/p>\n<p>Durante el procedimiento se secuestraron elementos administrativos y registros que ser\u00e1n peritados porque el expediente todav\u00eda se encuentra en etapa inicial y no hay imputados formalmente hasta el momento.<\/p>\n<\/div>\n","protected":false},"excerpt":{"rendered":"\n<p id=\"p-1777514532709-17720\" class=\"ignore-parser\">La productora del cantante Ulises Bueno fue allanada en las \u00faltimas horas en la capital cordobesa, en el marco de una investigaci\u00f3n por presunto trabajo no registrado.<\/p>\n","protected":false},"author":1,"featured_media":41551,"comment_status":"closed","ping_status":"closed","sticky":false,"template":"","format":"standard","meta":[],"categories":[14],"tags":[],"_links":{"self":[{"href":"https:\/\/latecordoba.com\/index.php\/wp-json\/wp\/v2\/posts\/41550"}],"collection":[{"href":"https:\/\/latecordoba.com\/index.php\/wp-json\/wp\/v2\/posts"}],"about":[{"href":"https:\/\/latecordoba.com\/index.php\/wp-json\/wp\/v2\/types\/post"}],"author":[{"embeddable":true,"href":"https:\/\/latecordoba.com\/index.php\/wp-json\/wp\/v2\/users\/1"}],"replies":[{"embeddable":true,"href":"https:\/\/latecordoba.com\/index.php\/wp-json\/wp\/v2\/comments?post=41550"}],"version-history":[{"count":0,"href":"https:\/\/latecordoba.com\/index.php\/wp-json\/wp\/v2\/posts\/41550\/revisions"}],"wp:featuredmedia":[{"embeddable":true,"href":"https:\/\/latecordoba.com\/index.php\/wp-json\/wp\/v2\/media\/41551"}],"wp:attachment":[{"href":"https:\/\/latecordoba.com\/index.php\/wp-json\/wp\/v2\/media?parent=41550"}],"wp:term":[{"taxonomy":"category","embeddable":true,"href":"https:\/\/latecordoba.com\/index.php\/wp-json\/wp\/v2\/categories?post=41550"},{"taxonomy":"post_tag","embeddable":true,"href":"https:\/\/latecordoba.com\/index.php\/wp-json\/wp\/v2\/tags?post=41550"}],"curies":[{"name":"wp","href":"https:\/\/api.w.org\/{rel}","templated":true}]}}