{"id":41536,"date":"2026-04-29T19:47:48","date_gmt":"2026-04-29T19:47:48","guid":{"rendered":"http:\/\/54a5bd9996e16b2638feabc43741a7cd"},"modified":"2026-04-29T19:47:48","modified_gmt":"2026-04-29T19:47:48","slug":"el-gobierno-de-kicillof-repavimento-un-corredor-clave-para-el-campo-en-el-sudoeste-provincial","status":"publish","type":"post","link":"https:\/\/latecordoba.com\/index.php\/2026\/04\/29\/el-gobierno-de-kicillof-repavimento-un-corredor-clave-para-el-campo-en-el-sudoeste-provincial\/","title":{"rendered":"El gobierno de Kicillof repaviment\u00f3 un corredor clave para el campo en el sudoeste provincial"},"content":{"rendered":"\n<div class=\"media_block\"><img decoding=\"async\" src=\"http:\/\/latecordoba.com\/wp-content\/uploads\/2026\/04\/el-gobierno-de-kicillof-repavimento-un-corredor-clave-para-el-campo-en-el-sudoeste-provincial.jpg\"><\/div>\n<p>El gobierno bonaerense inaugur\u00f3 la repavimentaci\u00f3n de la Ruta Provincial 85, en un tramo estrat\u00e9gico para la salida de la producci\u00f3n agr\u00edcola-ganadera del sudoeste bonaerense. En ese marco, en la Provincia volvieron a cruzar a Javier Milei por la par\u00e1lisis nacional en materia de obras viales.<\/p>\n<p>&#8220;Se puede tener orden fiscal y cuentas p\u00fablicas equilibradas, sin dejar de atender a los que m\u00e1s lo necesitan y seguir haciendo rutas y caminos&#8221;, dijo el ministro de Infraestructura provincial, Gabriel Katopodis en alusi\u00f3n al freno de las obras viales que motiv\u00f3 d\u00edas atr\u00e1s el <a href=\"https:\/\/www.lapoliticaonline.com\/politica\/masivo-reclamo-de-intendentes-contra-caputo-y-milei-por-el-recorte-fondos-y-el-abandono-de-rutas\/\">reclamo a Luis Caputo con intendentes<\/a>.<\/p>\n<p>El tramo inaugurado por Axel Kicillof, funcionarios e intendentes de la regi\u00f3n, va del cruce con la Ruta Nacional 33 hasta el l\u00edmite con Coronel Su\u00e1rez en el partido de Guamin\u00ed, trabajos que abarcaron un total de 23 kil\u00f3metros.<\/p>\n<p>Los trabajos demandaron una inversi\u00f3n de casi 15 mil millones de pesos y contaron con el financiamiento del Banco de Desarrollo de Am\u00e9rica Latina y el Caribe (CAF).<\/p>\n<figure class=\"vsmimage\" contenteditable=\"false\"><img decoding=\"async\" loading=\"lazy\" alt=\"El gobierno de Kicillof repaviment\u00f3 un corredor clave para el campo en el sudoeste provincial\" data-vsmid=\"285899\" data-owidth=\"1600\" data-oheight=\"900\" src=\"data:image\/png;base64,iVBORw0KGgoAAAANSUhEUgAAAx4AAAG5AQMAAAA6cnACAAAAA1BMVEUAAACnej3aAAAAAXRSTlMAQObYZgAAAEJJREFUeJztwQENAAAAwqD3T20ON6AAAAAAAAAAAAAAAAAAAAAAAAAAAAAAAAAAAAAAAAAAAAAAAAAAAAAAAAAADgyt\/QABL5PpcwAAAABJRU5ErkJggg==\" vsmidos=\"1\" vsmsrc=\"\/files\/image\/285\/285899\/69f2618a9be5b_798_441!.jpg?s=9dab526875e6d0a1428a8e6d2a727d2d&amp;d=1777492364\" width=\"798\" height=\"441\"><\/figure>\n<p>Las tareas consistieron en la repavimentaci\u00f3n junto con la colocaci\u00f3n de barandas de defensa vehicular; la construcci\u00f3n de d\u00e1rsenas y refugios; la renovaci\u00f3n de la iluminaci\u00f3n y la se\u00f1alizaci\u00f3n en la traza. <\/p>\n<p>Tambi\u00e9n, se hizo la repavimentaci\u00f3n y la se\u00f1alizaci\u00f3n horizontal de la rotonda que conecta la Ruta Provincial 85 con la Ruta Provincial 60.<\/p>\n<p><a href=\"https:\/\/www.lapoliticaonline.com\/tools\/redirect.php?t=3&amp;i=343469&amp;s=30e501e397a63ba8d372bc4cebc4ed92\" class=\"link-type-content content-type-noticia-ar\">Masivo reclamo de intendentes a las puertas de Econom\u00eda por el desastre de rutas<\/a><\/p>\n<p>En la cartera de Infraestructura destacaron que se trata de una obra de vital importancia para la regi\u00f3n, ya que la repavimentaci\u00f3n supone no solo una mejora de la seguridad vial y el tr\u00e1nsito de m\u00e1s de 1.500 veh\u00edculos que circulan todos los d\u00edas, sino tambi\u00e9n un impulso al desarrollo productivo de una regi\u00f3n agr\u00edcola-ganadera.<\/p>\n<figure class=\"vsmimage\" contenteditable=\"false\"><img decoding=\"async\" loading=\"lazy\" alt=\"El gobierno de Kicillof repaviment\u00f3 un corredor clave para el campo en el sudoeste provincial\" data-vsmid=\"285901\" data-owidth=\"1600\" data-oheight=\"900\" src=\"data:image\/png;base64,iVBORw0KGgoAAAANSUhEUgAAAx4AAAG5AQMAAAA6cnACAAAAA1BMVEUAAACnej3aAAAAAXRSTlMAQObYZgAAAEJJREFUeJztwQENAAAAwqD3T20ON6AAAAAAAAAAAAAAAAAAAAAAAAAAAAAAAAAAAAAAAAAAAAAAAAAAAAAAAAAADgyt\/QABL5PpcwAAAABJRU5ErkJggg==\" vsmidos=\"1\" vsmsrc=\"\/files\/image\/285\/285901\/69f2619b316a5_798_441!.jpg?s=2618f3eef5a3ceb84a650b8f9e12f509&amp;d=1777492380\" width=\"798\" height=\"441\"><\/figure>\n<p>&#8220;Los municipios del interior necesitamos muchas m\u00e1s inversiones y obras para el crecimiento de nuestras comunidades&#8221;, dijo el intendente de Guamin\u00ed, Jos\u00e9 Nobre Ferreira.&nbsp;<\/p>\n","protected":false},"excerpt":{"rendered":"\n<div class=\"media_block\"><img decoding=\"async\" src=\"http:\/\/latecordoba.com\/wp-content\/uploads\/2026\/04\/el-gobierno-de-kicillof-repavimento-un-corredor-clave-para-el-campo-en-el-sudoeste-provincial.jpg\"><\/div>\n<p>Se trata de un tramo de la Ruta 85, estrat\u00e9gica para el sector agr\u00edcola-ganadero de la regi\u00f3n. &#8220;Se puede tener orden fiscal y seguir haciendo caminos&#8221;, dijo Katopodis.  <\/p>\n","protected":false},"author":1,"featured_media":41537,"comment_status":"closed","ping_status":"closed","sticky":false,"template":"","format":"standard","meta":[],"categories":[18],"tags":[],"_links":{"self":[{"href":"https:\/\/latecordoba.com\/index.php\/wp-json\/wp\/v2\/posts\/41536"}],"collection":[{"href":"https:\/\/latecordoba.com\/index.php\/wp-json\/wp\/v2\/posts"}],"about":[{"href":"https:\/\/latecordoba.com\/index.php\/wp-json\/wp\/v2\/types\/post"}],"author":[{"embeddable":true,"href":"https:\/\/latecordoba.com\/index.php\/wp-json\/wp\/v2\/users\/1"}],"replies":[{"embeddable":true,"href":"https:\/\/latecordoba.com\/index.php\/wp-json\/wp\/v2\/comments?post=41536"}],"version-history":[{"count":0,"href":"https:\/\/latecordoba.com\/index.php\/wp-json\/wp\/v2\/posts\/41536\/revisions"}],"wp:featuredmedia":[{"embeddable":true,"href":"https:\/\/latecordoba.com\/index.php\/wp-json\/wp\/v2\/media\/41537"}],"wp:attachment":[{"href":"https:\/\/latecordoba.com\/index.php\/wp-json\/wp\/v2\/media?parent=41536"}],"wp:term":[{"taxonomy":"category","embeddable":true,"href":"https:\/\/latecordoba.com\/index.php\/wp-json\/wp\/v2\/categories?post=41536"},{"taxonomy":"post_tag","embeddable":true,"href":"https:\/\/latecordoba.com\/index.php\/wp-json\/wp\/v2\/tags?post=41536"}],"curies":[{"name":"wp","href":"https:\/\/api.w.org\/{rel}","templated":true}]}}