{"id":41532,"date":"2026-04-28T23:34:22","date_gmt":"2026-04-28T23:34:22","guid":{"rendered":"https:\/\/www.diariocronica.com.ar\/noticias\/2026\/04\/28\/139794-comodoro-me-abrio-las-puertas-la-historia-de-suenito-morales-el-masajista-riojano-que-eligio-quedarse-para-siempre"},"modified":"2026-04-28T23:34:22","modified_gmt":"2026-04-28T23:34:22","slug":"comodoro-me-abrio-las-puertas-la-historia-de-suenito-morales-el-masajista-riojano-que-eligio-quedarse-para-siempre","status":"publish","type":"post","link":"https:\/\/latecordoba.com\/index.php\/2026\/04\/28\/comodoro-me-abrio-las-puertas-la-historia-de-suenito-morales-el-masajista-riojano-que-eligio-quedarse-para-siempre\/","title":{"rendered":"\u201cComodoro me abri\u00f3 las puertas\u201d: la historia de \u201cSue\u00f1ito&#8221; Morales, el masajista riojano que eligi\u00f3 quedarse para siempre"},"content":{"rendered":"\n<div class=\"media_block\"><a href=\"http:\/\/latecordoba.com\/wp-content\/uploads\/2026\/04\/comodoro-me-abrio-las-puertas-la-historia-de-suenito-morales-el-masajista-riojano-que-eligio-quedarse-para-siempre.webp\"><img decoding=\"async\" src=\"http:\/\/latecordoba.com\/wp-content\/uploads\/2026\/04\/comodoro-me-abrio-las-puertas-la-historia-de-suenito-morales-el-masajista-riojano-que-eligio-quedarse-para-siempre.webp\" class=\"media_thumbnail\"><\/a><\/div>\n<div><img decoding=\"async\" src=\"http:\/\/latecordoba.com\/wp-content\/uploads\/2026\/04\/comodoro-me-abrio-las-puertas-la-historia-de-suenito-morales-el-masajista-riojano-que-eligio-quedarse-para-siempre-1.webp\" class=\"ff-og-image-inserted\"><\/div>\n<p>Conocido como \u201cSue\u00f1ito\u201d, lleva 49 a\u00f1os dedicado a los masajes y form\u00f3 parte de la historia deportiva de la ciudad junto a la CAI.<\/p>\n<div readability=\"86.50824442289\">\n<p>Jos\u00e9 Ram\u00f3n Morales, conocido cari\u00f1osamente como \u201cSue\u00f1ito\u201d, es uno de esos personajes entra\u00f1ables de Comodoro Rivadavia que construyeron su vida con trabajo, esfuerzo y gratitud. Nacido en Mogasta, La Rioja, lleg\u00f3 a la ciudad siendo apenas un ni\u00f1o junto a sus hermanos, buscando un nuevo destino tras quedar hu\u00e9rfanos.<\/p>\n<p>\u201cVinimos en tren y en barco. Ac\u00e1 nos esper\u00f3 el viento patag\u00f3nico\u201d, record\u00f3 emocionado. Eran diez hermanos en total y fue criado por familiares que los guiaron \u201cpor un buen sendero\u201d.<\/p>\n<p>Desde muy chico supo cu\u00e1l ser\u00eda su vocaci\u00f3n. Mientras acompa\u00f1aba a su hermano a las canchas de barrio, llevaba el botiqu\u00edn y el agua para los partidos. \u201cYo dec\u00eda: cuando sea grande voy a ser masajista, voy a representar a la Patagonia y voy a conocer el pa\u00eds\u201d, cont\u00f3.<\/p>\n<blockquote class=\"instagram-media\" data-instgrm-captioned data-instgrm-permalink=\"https:\/\/www.instagram.com\/reel\/DXscuI2gNwb\/?utm_source=ig_embed&amp;utm_campaign=loading\" data-instgrm-version=\"14\" readability=\"-9.4931506849315\"><\/blockquote>\n<p>Y cumpli\u00f3 cada uno de esos sue\u00f1os.<\/p>\n<p>Durante a\u00f1os fue masajista de la Comisi\u00f3n de Actividades Infantiles (CAI), donde particip\u00f3 en torneos nacionales, premundialitos y competencias de gran nivel. \u201cTuve un premundialito sudamericano, tres nacionales B y m\u00e1s de 100 partidos nacionales\u201d, relat\u00f3 con orgullo.<\/p>\n<p>Adem\u00e1s de su paso por el deporte, trabaj\u00f3 en la industria petrolera, donde se desempe\u00f1\u00f3 durante a\u00f1os hasta jubilarse. Sin embargo, nunca abandon\u00f3 su verdadera pasi\u00f3n: los masajes.<\/p>\n<p>\u201cTrabajo solo con las manos, no uso aparatos. Cada persona es un mundo\u201d, explic\u00f3. Con casi cinco d\u00e9cadas de trayectoria, asegur\u00f3 que se fue perfeccionando con cursos, aunque sus inicios fueron totalmente naturales.<\/p>\n<p>Hoy, con la misma energ\u00eda de siempre, sigue atendiendo personas y agradeciendo a la ciudad que lo recibi\u00f3. \u201cComodoro nos abri\u00f3 las puertas, me dio trabajo, estudio, una buena familia y jubilaci\u00f3n. \u00bfQu\u00e9 m\u00e1s puedo pedir?\u201d, expres\u00f3.<\/p>\n<p>Y dej\u00f3 una frase que resume su esp\u00edritu optimista: \u201cHoy es mi mejor d\u00eda. Hoy es mi \u00faltimo d\u00eda de vida, pero voy a vivir hasta los 100 a\u00f1os\u201d.<\/p>\n<\/p><\/div>\n","protected":false},"excerpt":{"rendered":"\n<div class=\"media_block\"><a href=\"http:\/\/latecordoba.com\/wp-content\/uploads\/2026\/04\/comodoro-me-abrio-las-puertas-la-historia-de-suenito-morales-el-masajista-riojano-que-eligio-quedarse-para-siempre.webp\"><img decoding=\"async\" src=\"http:\/\/latecordoba.com\/wp-content\/uploads\/2026\/04\/comodoro-me-abrio-las-puertas-la-historia-de-suenito-morales-el-masajista-riojano-que-eligio-quedarse-para-siempre.webp\" class=\"media_thumbnail\"><\/a><\/div>\n<p>Conocido como \u201cSue\u00f1ito\u201d, lleva 49 a\u00f1os dedicado a los masajes y form\u00f3 parte de la historia deportiva de la ciudad junto a la CAI.  <\/p>\n","protected":false},"author":1,"featured_media":41533,"comment_status":"closed","ping_status":"closed","sticky":false,"template":"","format":"standard","meta":[],"categories":[17],"tags":[],"_links":{"self":[{"href":"https:\/\/latecordoba.com\/index.php\/wp-json\/wp\/v2\/posts\/41532"}],"collection":[{"href":"https:\/\/latecordoba.com\/index.php\/wp-json\/wp\/v2\/posts"}],"about":[{"href":"https:\/\/latecordoba.com\/index.php\/wp-json\/wp\/v2\/types\/post"}],"author":[{"embeddable":true,"href":"https:\/\/latecordoba.com\/index.php\/wp-json\/wp\/v2\/users\/1"}],"replies":[{"embeddable":true,"href":"https:\/\/latecordoba.com\/index.php\/wp-json\/wp\/v2\/comments?post=41532"}],"version-history":[{"count":0,"href":"https:\/\/latecordoba.com\/index.php\/wp-json\/wp\/v2\/posts\/41532\/revisions"}],"wp:featuredmedia":[{"embeddable":true,"href":"https:\/\/latecordoba.com\/index.php\/wp-json\/wp\/v2\/media\/41533"}],"wp:attachment":[{"href":"https:\/\/latecordoba.com\/index.php\/wp-json\/wp\/v2\/media?parent=41532"}],"wp:term":[{"taxonomy":"category","embeddable":true,"href":"https:\/\/latecordoba.com\/index.php\/wp-json\/wp\/v2\/categories?post=41532"},{"taxonomy":"post_tag","embeddable":true,"href":"https:\/\/latecordoba.com\/index.php\/wp-json\/wp\/v2\/tags?post=41532"}],"curies":[{"name":"wp","href":"https:\/\/api.w.org\/{rel}","templated":true}]}}