{"id":41528,"date":"2026-04-28T18:55:00","date_gmt":"2026-04-28T18:55:00","guid":{"rendered":"https:\/\/www.iprofesional.com\/economia\/453561-sociedades-de-inteligencia-artificial-inedita-apuesta-de-federico-sturzenegger"},"modified":"2026-04-28T18:55:00","modified_gmt":"2026-04-28T18:55:00","slug":"sociedades-de-inteligencia-artificial-la-nueva-apuesta-de-federico-sturzenegger","status":"publish","type":"post","link":"https:\/\/latecordoba.com\/index.php\/2026\/04\/28\/sociedades-de-inteligencia-artificial-la-nueva-apuesta-de-federico-sturzenegger\/","title":{"rendered":"&#8220;Sociedades de inteligencia artificial&#8221;: la nueva apuesta de Federico Sturzenegger"},"content":{"rendered":"\n<div class=\"media_block\"><img decoding=\"async\" src=\"http:\/\/latecordoba.com\/wp-content\/uploads\/2026\/04\/sociedades-de-inteligencia-artificial-la-nueva-apuesta-de-federico-sturzenegger.jpg\"><\/div>\n<div><img decoding=\"async\" src=\"http:\/\/latecordoba.com\/wp-content\/uploads\/2026\/04\/sociedades-de-inteligencia-artificial-la-nueva-apuesta-de-federico-sturzenegger-1.jpg\" class=\"ff-og-image-inserted\"><\/div>\n<p><span>El ministro de Desregulaci\u00f3n y Transformaci\u00f3n del Estado, <a href=\"https:\/\/www.iprofesional.com\/economia\/453520-sturzenegger-ratifica-despidos-en-el-servicio-meteorologico-y-ate-responde-con-un-paro\" target=\"_blank\" rel=\"noopener noreferrer\">Federico Sturzenegger,<\/a> anunci\u00f3 que impulsa en el Congreso una serie de reformas legislativas para modernizar la econom\u00eda argentina y fortalecer la libertad econ\u00f3mica. <strong>La m\u00e1s novedosa busca crear &#8220;sociedades de inteligencia artificial&#8221;<\/strong>, para crear un polo en Argentina y que paguen impuestos en el pa\u00eds.&nbsp;<\/span><span><\/span><\/p>\n<h2><span>C\u00f3mo ser\u00e1n las sociedades de IA que propone Federico Sturzenegger<\/span><span><\/span><\/h2>\n<p><span>Sturzenegger propone una reforma a la Ley de Sociedades con el objetivo de <strong>modernizar y digitalizar el r\u00e9gimen societario.<\/strong><\/span><span><\/span><\/p>\n<p><span>El cap\u00edtulo m\u00e1s novedoso propone permitir la creaci\u00f3n de &#8220;sociedades de inteligencia artificial&#8221;, es decir, <strong>entidades jur\u00eddicas que no tienen humanos,<\/strong> sino que son solo programas.<\/span><span><\/span><\/p>\n<p><span>Inspirado en el modelo de Irlanda, el objetivo es <strong>crear un marco jur\u00eddico atractivo para que agentes de IA de todo el mundo se incorporen en Argentina.&nbsp;<\/strong><\/span><span><\/span><\/p>\n<p><span>Esto permitir\u00eda al pa\u00eds gravar la producci\u00f3n de estos agentes (que se estima representar\u00e1n el 90% del PBI mundial en el futuro) aunque operen globalmente.<\/span><span><\/span><\/p>\n<h2><span>Qu\u00e9 proyectos de desregulaci\u00f3n tratar\u00e1 el Congreso&nbsp;<\/span><span><\/span><\/h2>\n<h3><span>Ley Hojarasca<\/span><span><\/span><\/h3>\n<p><span><a href=\"https:\/\/www.iprofesional.com\/politica\/452763-ley-hojarasca-que-normas-sensibles-deroga-y-por-que-milei-apura-su-aprobacion\" target=\"_blank\" rel=\"noopener noreferrer\">La &#8220;Ley Hojarasca&#8221;<\/a> ya cuenta con dictamen en la C\u00e1mara de Diputados y&nbsp;<strong>busca eliminar entre &#8220;70 y 80 leyes obsoletas&#8221;,<\/strong> para iniciar un proceso de depuraci\u00f3n y simplificaci\u00f3n legislativa.<\/span><span><\/span><\/p>\n<p><span>Sturzenegger dijo que busca limpiar el marco jur\u00eddico bajo la premisa de que &#8220;cuantas m\u00e1s leyes, menos justicia&#8221;.<\/span><span><\/span><\/p>\n<h3><span>Inviolabilidad de la Propiedad Privada<\/span><span><\/span><\/h3>\n<p><span>Enviado al Senado para su tratamiento. <strong>Incluye modificaciones sustanciales a la ley de expropiaciones, la ley de desalojos y la ley de manejo del fuego.<\/strong><\/span><span><\/span><\/p>\n<p><span>Un punto clave es que contempla la derogaci\u00f3n parcial de la ley de tierras, lo cual permitir\u00e1 la inversi\u00f3n extranjera, afirm\u00f3 Sturzenegger, y estim\u00f3 que <strong>esto podr\u00eda atraer unos u$s15.000 millones en econom\u00edas regionales,<\/strong> permitiendo el desarrollo de recursos en zonas como la Patagonia mediante capital privado.<\/span><span><\/span><\/p>\n<h3><span>Ley de Cabotaje<\/span><span><\/span><\/h3>\n<p><span>Sturzenegger apunt\u00f3 a que seg\u00fan la Constituci\u00f3n Nacional, <strong>la navegaci\u00f3n de los r\u00edos debe ser libre, pero hoy no se verifica<\/strong>. Con este cambio legislativo, sostuvo, las provincias del Norte ver\u00e1n reducidos sustancialmente sus costos log\u00edsticos, mientras que las mesopot\u00e1micas tendr\u00e1n m\u00e1s actividad en sus puertos.<\/span><span><\/span><\/p>\n<p><span>El Gobierno planea enviar este proyecto al Congreso el pr\u00f3ximo mes.<\/span><span><\/span><\/p>\n<p><span>El impacto para la soja y las econom\u00edas regionales ser\u00e1 equivalente a <strong>&#8220;bajar las retenciones en 8 puntos&#8221;.<\/strong><\/span><span><\/span><\/p>\n<p><span><span>&#8220;Permitir\u00eda el uso de v\u00edas fluviales para transportar soja desde el norte o madera desde Misiones, evitando el alto costo del transporte en cami\u00f3n hasta Rosario o Z\u00e1rate&#8221;<\/span>, enfatiz\u00f3 el ministro. Tambi\u00e9n puso el ejemplo del transporte de arena desde Entre R\u00edos hacia Vaca Muerta, que podr\u00eda hacerse por v\u00eda mar\u00edtima y fluvial.<\/span><span><\/span><\/p>\n<p><span>Este cambio se integrar\u00eda con el programa de licitaci\u00f3n de rutas y la licitaci\u00f3n del Belgrano Cargas, en un esfuerzo del Gobierno por mejorar la imagen infraestructura y la competitividad.&nbsp;<\/span><span><\/span><\/p>\n<h3><span>Defensa de la Competencia<\/span><span><\/span><\/h3>\n<p><span>El objetivo de esta ley ser\u00e1 combatir las regulaciones estatales que funcionan como barreras de entrada a los mercados, especialmente para las pymes.<\/span><span><\/span><\/p>\n<p><span><span>&#8220;El proyecto otorgar\u00e1 a la autoridad de Defensa de la Competencia la potestad de litigar contra regulaciones que afecten la competencia en todo el pa\u00eds, protegiendo especialmente a las pymes de las restricciones impuestas por el propio Estado&#8221;,<\/span> subray\u00f3.<\/span><span><\/span><\/p>\n<h3><span>Reforma del Estado<\/span><span><\/span><\/h3>\n<p><span>Este proyecto retoma elementos de los decretos delegados que no prosperaron anteriormente. Se centra en una &#8220;redefinici\u00f3n de las competencias del Estado&#8221; para avanzar en su modernizaci\u00f3n.<\/span><span><\/span><\/p>\n<p><span>Tambi\u00e9n habr\u00e1 proyectos de desregulaci\u00f3n del mercado de capitales y de los seguros, seg\u00fan puntualiz\u00f3 Sturzenegger.&nbsp;<\/span><span><\/span><\/p>\n","protected":false},"excerpt":{"rendered":"\n<div class=\"media_block\"><img decoding=\"async\" src=\"http:\/\/latecordoba.com\/wp-content\/uploads\/2026\/04\/sociedades-de-inteligencia-artificial-la-nueva-apuesta-de-federico-sturzenegger.jpg\"><\/div>\n<p> El Gobierno buscar\u00e1 crear entidades jur\u00eddicas que no tienen humanos, solo programas. El objetivo es que agentes de todo el mundo se incorporen <iframe width=\"0\" height=\"0\" border=\"0\"> <script> (function(i,s,o,g,r,a,m){i['GoogleAnalyticsObject']=r;i[r]=i[r]||function(){ (i[r].q=i[r].q||[]).push(arguments)},i[r].l=1*new Date();a=s.createElement(o), m=s.getElementsByTagName(o)[0];a.async=1;a.src=g;m.parentNode.insertBefore(a,m) })(window,document,'script','https:\/\/www.google-analytics.com\/analytics.js','ga'); ga('create', 'GTM-5LW5KQD', 'auto'); ga('require', 'displayfeatures'); ga('set', 'campaignSource', 'RSS Client for iProfesional'); ga('set', 'campaignMedium', 'RSS Client for iProfesional'); ga('set', {\"dataSource\": \"rss.atom.iprofesional.com\"}); ga('set', {\"referrer\": \"rss.atom.iprofesional.com\"}); ga('set', 'title', 'RSS Client for iProfesional'); ga('send', 'pageview'); <\/script> <!-- Begin comScore Tag --> <script> var _comscore = _comscore || []; _comscore.push({ c1: \"2\", c2: \"16597048\" }); (function() { var s = document.createElement(\"script\"), el = document.getElementsByTagName(\"script\")[0]; s.async = true; s.src = \"https:\/\/sb.scorecardresearch.com\/cs\/16597048\/beacon.js\"; el.parentNode.insertBefore(s, el); })(); <\/script> <noscript> <img decoding=\"async\" src=\"http:\/\/latecordoba.com\/wp-content\/uploads\/2026\/04\/sociedades-de-inteligencia-artificial-la-nueva-apuesta-de-federico-sturzenegger.gif\"> <\/noscript> <!-- End comScore Tag --> <\/iframe> <iframe border=\"0px\" style=\"display: none\" width=0 height=0 src=\"https:\/\/www.iprofesional.com\/ga4.html?gtag_id=G-N13KWJP8BK&amp;title=&quot;Sociedades de inteligencia artificial&quot;: la nueva apuesta de Federico Sturzenegger&amp;location=https:\/\/www.iprofesional.com\/economia\/453561-sociedades-de-inteligencia-artificial-inedita-apuesta-de-federico-sturzenegger&amp;referrer=rss.atom.iprofesional.com&amp;ci=RSS Client for iProfesional&amp;cs=RSS Client for iProfesional&amp;cm=RSS&amp;cn=RSS Client for iProfesional&amp;cc=RSS Client for iProfesional\"><\/iframe>  <\/p>\n","protected":false},"author":1,"featured_media":41529,"comment_status":"open","ping_status":"closed","sticky":false,"template":"","format":"standard","meta":[],"categories":[13],"tags":[],"_links":{"self":[{"href":"https:\/\/latecordoba.com\/index.php\/wp-json\/wp\/v2\/posts\/41528"}],"collection":[{"href":"https:\/\/latecordoba.com\/index.php\/wp-json\/wp\/v2\/posts"}],"about":[{"href":"https:\/\/latecordoba.com\/index.php\/wp-json\/wp\/v2\/types\/post"}],"author":[{"embeddable":true,"href":"https:\/\/latecordoba.com\/index.php\/wp-json\/wp\/v2\/users\/1"}],"replies":[{"embeddable":true,"href":"https:\/\/latecordoba.com\/index.php\/wp-json\/wp\/v2\/comments?post=41528"}],"version-history":[{"count":0,"href":"https:\/\/latecordoba.com\/index.php\/wp-json\/wp\/v2\/posts\/41528\/revisions"}],"wp:featuredmedia":[{"embeddable":true,"href":"https:\/\/latecordoba.com\/index.php\/wp-json\/wp\/v2\/media\/41529"}],"wp:attachment":[{"href":"https:\/\/latecordoba.com\/index.php\/wp-json\/wp\/v2\/media?parent=41528"}],"wp:term":[{"taxonomy":"category","embeddable":true,"href":"https:\/\/latecordoba.com\/index.php\/wp-json\/wp\/v2\/categories?post=41528"},{"taxonomy":"post_tag","embeddable":true,"href":"https:\/\/latecordoba.com\/index.php\/wp-json\/wp\/v2\/tags?post=41528"}],"curies":[{"name":"wp","href":"https:\/\/api.w.org\/{rel}","templated":true}]}}