{"id":41488,"date":"2026-04-24T15:11:00","date_gmt":"2026-04-24T15:11:00","guid":{"rendered":"https:\/\/www.iprofesional.com\/tecnologia\/453284-pymes-y-emprendedores-tiktok-ofrece-financiacion-y-formacion-digital-gratuita"},"modified":"2026-04-24T15:11:00","modified_gmt":"2026-04-24T15:11:00","slug":"tiktok-impulsa-a-pymes-y-emprendedores-con-capital-semilla-y-formacion-digital","status":"publish","type":"post","link":"https:\/\/latecordoba.com\/index.php\/2026\/04\/24\/tiktok-impulsa-a-pymes-y-emprendedores-con-capital-semilla-y-formacion-digital\/","title":{"rendered":"TikTok impulsa a Pymes y emprendedores con capital semilla y formaci\u00f3n digital"},"content":{"rendered":"\n<div class=\"media_block\"><img decoding=\"async\" src=\"http:\/\/latecordoba.com\/wp-content\/uploads\/2026\/04\/tiktok-impulsa-a-pymes-y-emprendedores-con-capital-semilla-y-formacion-digital.jpg\"><\/div>\n<div><img decoding=\"async\" src=\"http:\/\/latecordoba.com\/wp-content\/uploads\/2026\/04\/tiktok-impulsa-a-pymes-y-emprendedores-con-capital-semilla-y-formacion-digital-1.jpg\" class=\"ff-og-image-inserted\"><\/div>\n<p><strong><a href=\"https:\/\/www.iprofesional.com\/tecnologia\/446672-como-descargar-videos-youtube-y-tiktok-para-verlos-en-4k-sin-internet\" target=\"_blank\" title=\"\u00bfC\u00f3mo descargar videos de TikTok?\" rel=\"noopener noreferrer\">TikTok<\/a> <\/strong>anunci\u00f3 el jueves una iniciativa para el ecosistema de pymes y emprendedores en la Argentina: el programa gratuito #EmprendeEnTikTok, en alianza con la firma de impacto New Ventures. Este proyecto ofrece capacitaci\u00f3n digital y hasta 30.000 d\u00f3lares en capital semilla para peque\u00f1as y medianas empresas locales.<\/p>\n<p>El programa se estructura en dos partes principales. La primera son las clases magistrales virtuales y gratuitas, accesibles a todo el p\u00fablico. <strong>Laura Reyna<\/strong>, gerenta de asuntos p\u00fablicos de TikTok para Am\u00e9rica latina, explic\u00f3 a <strong>iProfesional<\/strong> el alcance de esta formaci\u00f3n: &#8220;Para quien est\u00e9 abajo de una piedra y nunca haya abierto una cuenta de TikTok, para ellos est\u00e1 el curso que va desde TikTok hasta como usar CapCut, TikTok Live&#8221;, adem\u00e1s de herramientas de &#8220;creatividad y m\u00e9tricas desde el punto de vista de peque\u00f1os y medianos negocios&#8221;.<\/p>\n<p>La convocatoria para estas clases, presentada en el espacio \u00c1reaTres en el barrio porte\u00f1o de Palermo, con la presencia de representantes de una decena de gobiernos provinciales que apoyan esta iniciativa, est\u00e1 abierta durante todo el a\u00f1o calendario, y busca que las pymes adquieran <strong>destrezas en publicidad, m\u00e9tricas y t\u00e1cticas creativas<\/strong>.<\/p>\n<p>El segundo componente es un plan intensivo de aceleraci\u00f3n corporativa. <a href=\"https:\/\/www.iprofesional.com\/tecnologia\/446784-venta-de-tiktok-en-ee-uu-la-app-evita-su-prohibicion-pero-realizara-cambios-claves\" target=\"_blank\" title=\"Se define el futuro de TikTok en EEUU\" rel=\"noopener noreferrer\">TikTok<\/a> seleccionar\u00e1 a <strong>10 empresas argentinas <\/strong>para participar, junto a otras 30 de M\u00e9xico, Colombia y Per\u00fa. Las firmas elegidas acceder\u00e1n a 9 talleres te\u00f3rico-pr\u00e1cticos sobre finanzas, estrategias de negocio y m\u00e9todos de creatividad.<\/p>\n<p>Reyna subraya el valor de esta etapa: &#8220;El conocer que tus puntos de dolor del negocio se viven en toda la regi\u00f3n y conectarte, aprender temas de finanzas, es como un <span>peque\u00f1o curso especializado de negocios<\/span>&#8220;.<\/p>\n<p>Tras los talleres, los expertos revisar\u00e1n las cuentas de los participantes. Las tres empresas m\u00e1s destacadas de la Argentina y de cada pa\u00eds recibir\u00e1n el capital semilla: <strong>15.000 d\u00f3lares <\/strong>para el primer puesto, 10.000 d\u00f3lares para el segundo y 5.000 d\u00f3lares para el tercero. Los finalistas tambi\u00e9n obtendr\u00e1n un nivel de mentor\u00eda personalizada superior.<\/p>\n<h2>TikTok: Impulsor del ecosistema emprendedor digital<\/h2>\n<p>A trav\u00e9s de <a href=\"https:\/\/www.iprofesional.com\/tecnologia\/413265-tiktok-lanza-en-la-argentina-sus-servicios-para-empresas\" target=\"_blank\" title=\"TikTok lanza su servicio para empresas\" rel=\"noopener noreferrer\">TikTok<\/a> for Business, la red social proporciona a los emprendedores <strong>conocimientos esenciales <\/strong>para promocionar sus productos y servicios de manera efectiva y atractiva.<\/p>\n<p>El a\u00f1o pasado se lanz\u00f3 <strong>TikTok Ads Manager <\/strong>en la Argentina. Esta herramienta permite a cualquier Pyme o emprendedor crear, segmentar y medir sus campa\u00f1as publicitarias de forma sencilla y sin necesidad de una inversi\u00f3n m\u00ednima. Esto foment\u00f3 un ecosistema m\u00e1s inclusivo y creativo, evidenciado en el impacto de diversos hashtags tem\u00e1ticos:<\/p>\n<ul>\n<li><strong>#Emprendimiento<\/strong>: m\u00e1s de 4 mil millones de visualizaciones.<\/li>\n<li><strong>#IndustriaNacional<\/strong>: m\u00e1s de 119 millones de visualizaciones.<\/li>\n<li><strong>#EmprendedoresArgentinos<\/strong>: m\u00e1s de 29 millones de visualizaciones.<\/li>\n<li><strong>#PyMEsArgentinas<\/strong>: m\u00e1s de 9 millones de visualizaciones.<\/li>\n<\/ul>\n<p>La elecci\u00f3n de la Argentina se debe a que se trata de un mercado que Reyna describi\u00f3 como &#8220;muy generoso con sus negocios locales en t\u00e9rminos dentro de la plataforma. Es un pa\u00eds que es uno de los prioritarios del negocio&#8221; regional de <a href=\"https:\/\/www.iprofesional.com\/tecnologia\/404252-tiktok-notes-comienza-a-estar-disponible-para-competir-contra-instagram\" target=\"_blank\" title=\"TikTok lanza un servicio de notas.\" rel=\"noopener noreferrer\">TikTok<\/a>. &#8220;Algo que ha sido clave es <span>c\u00f3mo la Argentina ha abrazado la plataforma en t\u00e9rminos de contenido y de los anunciantes de toda \u00edndole<\/span>&#8220;, subray\u00f3.<\/p>\n<p>El programa busca asegurar la diversidad, por lo que est\u00e1 abierto a firmas de todas las regiones del pa\u00eds. Para competir por el capital semilla, los interesados deben: ser MiPyme con al menos un a\u00f1o de operaci\u00f3n, contar con una <strong>facturaci\u00f3n m\u00ednima comprobable de 10.000 d\u00f3lares en el \u00faltimo a\u00f1o<\/strong>, estar constituidos formalmente y poseer un perfil en TikTok for Business con madurez digital media. Las inscripciones cierran el 5 de julio de 2026.<\/p>\n<p>Reyna concluy\u00f3: &#8220;Con #EmprendeEnTikTok buscamos acercar el acceso a las herramientas, el conocimiento y la visibilidad para las emprendedoras y emprendedores argentinos, quienes se destacan por tener un talento \u00fanico&#8221;.<\/p>\n","protected":false},"excerpt":{"rendered":"\n<div class=\"media_block\"><img decoding=\"async\" src=\"http:\/\/latecordoba.com\/wp-content\/uploads\/2026\/04\/tiktok-impulsa-a-pymes-y-emprendedores-con-capital-semilla-y-formacion-digital.jpg\"><\/div>\n<p> La elecci\u00f3n de la Argentina se debe a que se trata de un mercado &#8220;muy generoso con sus negocios locales en t\u00e9rminos dentro de la plataforma&#8221; de TikTok. <iframe width=\"0\" height=\"0\" border=\"0\"> <script> (function(i,s,o,g,r,a,m){i['GoogleAnalyticsObject']=r;i[r]=i[r]||function(){ (i[r].q=i[r].q||[]).push(arguments)},i[r].l=1*new Date();a=s.createElement(o), m=s.getElementsByTagName(o)[0];a.async=1;a.src=g;m.parentNode.insertBefore(a,m) })(window,document,'script','https:\/\/www.google-analytics.com\/analytics.js','ga'); ga('create', 'GTM-5LW5KQD', 'auto'); ga('require', 'displayfeatures'); ga('set', 'campaignSource', 'RSS Client for iProfesional'); ga('set', 'campaignMedium', 'RSS Client for iProfesional'); ga('set', {\"dataSource\": \"rss.atom.iprofesional.com\"}); ga('set', {\"referrer\": \"rss.atom.iprofesional.com\"}); ga('set', 'title', 'RSS Client for iProfesional'); ga('send', 'pageview'); <\/script> <!-- Begin comScore Tag --> <script> var _comscore = _comscore || []; _comscore.push({ c1: \"2\", c2: \"16597048\" }); (function() { var s = document.createElement(\"script\"), el = document.getElementsByTagName(\"script\")[0]; s.async = true; s.src = \"https:\/\/sb.scorecardresearch.com\/cs\/16597048\/beacon.js\"; el.parentNode.insertBefore(s, el); })(); <\/script> <noscript> <img decoding=\"async\" src=\"http:\/\/latecordoba.com\/wp-content\/uploads\/2026\/04\/tiktok-impulsa-a-pymes-y-emprendedores-con-capital-semilla-y-formacion-digital.gif\"> <\/noscript> <!-- End comScore Tag --> <\/iframe> <iframe border=\"0px\" style=\"display: none\" width=0 height=0 src=\"https:\/\/www.iprofesional.com\/ga4.html?gtag_id=G-N13KWJP8BK&amp;title=TikTok impulsa a Pymes y emprendedores con capital semilla y formaci\u00f3n digital&amp;location=https:\/\/www.iprofesional.com\/tecnologia\/453284-pymes-y-emprendedores-tiktok-ofrece-financiacion-y-formacion-digital-gratuita&amp;referrer=rss.atom.iprofesional.com&amp;ci=RSS Client for iProfesional&amp;cs=RSS Client for iProfesional&amp;cm=RSS&amp;cn=RSS Client for iProfesional&amp;cc=RSS Client for iProfesional\"><\/iframe>  <\/p>\n","protected":false},"author":1,"featured_media":41489,"comment_status":"open","ping_status":"closed","sticky":false,"template":"","format":"standard","meta":[],"categories":[13],"tags":[],"_links":{"self":[{"href":"https:\/\/latecordoba.com\/index.php\/wp-json\/wp\/v2\/posts\/41488"}],"collection":[{"href":"https:\/\/latecordoba.com\/index.php\/wp-json\/wp\/v2\/posts"}],"about":[{"href":"https:\/\/latecordoba.com\/index.php\/wp-json\/wp\/v2\/types\/post"}],"author":[{"embeddable":true,"href":"https:\/\/latecordoba.com\/index.php\/wp-json\/wp\/v2\/users\/1"}],"replies":[{"embeddable":true,"href":"https:\/\/latecordoba.com\/index.php\/wp-json\/wp\/v2\/comments?post=41488"}],"version-history":[{"count":0,"href":"https:\/\/latecordoba.com\/index.php\/wp-json\/wp\/v2\/posts\/41488\/revisions"}],"wp:featuredmedia":[{"embeddable":true,"href":"https:\/\/latecordoba.com\/index.php\/wp-json\/wp\/v2\/media\/41489"}],"wp:attachment":[{"href":"https:\/\/latecordoba.com\/index.php\/wp-json\/wp\/v2\/media?parent=41488"}],"wp:term":[{"taxonomy":"category","embeddable":true,"href":"https:\/\/latecordoba.com\/index.php\/wp-json\/wp\/v2\/categories?post=41488"},{"taxonomy":"post_tag","embeddable":true,"href":"https:\/\/latecordoba.com\/index.php\/wp-json\/wp\/v2\/tags?post=41488"}],"curies":[{"name":"wp","href":"https:\/\/api.w.org\/{rel}","templated":true}]}}