{"id":41484,"date":"2026-04-25T22:20:00","date_gmt":"2026-04-25T22:20:00","guid":{"rendered":"https:\/\/www.iprofesional.com\/economia\/453351-tras-meses-de-desaceleracion-el-consumo-muestra-un-leve-brote-verde-donde-se-ve"},"modified":"2026-04-25T22:20:00","modified_gmt":"2026-04-25T22:20:00","slug":"tras-meses-de-desaceleracion-el-consumo-muestra-un-leve-brote-verde-donde-se-ve","status":"publish","type":"post","link":"https:\/\/latecordoba.com\/index.php\/2026\/04\/25\/tras-meses-de-desaceleracion-el-consumo-muestra-un-leve-brote-verde-donde-se-ve\/","title":{"rendered":"Tras meses de desaceleraci\u00f3n, el consumo muestra &#8220;un leve brote verde&#8221;: d\u00f3nde se ve"},"content":{"rendered":"\n<div class=\"media_block\"><img decoding=\"async\" src=\"http:\/\/latecordoba.com\/wp-content\/uploads\/2026\/04\/tras-meses-de-desaceleracion-el-consumo-muestra-un-leve-brote-verde-donde-se-ve.jpg\"><\/div>\n<div id>\n<p> Dami\u00e1n Graziano, director comercial de Nielsen en Argentina, asegur\u00f3 que hay se\u00f1ales incipientes de recuperaci\u00f3n, pero con un cambio grande en los h\u00e1bitos <\/p>\n<p><strong>25\/04\/2026<\/strong> &#8211; 19:20hs<\/p>\n<div class=\"image-container img-wide padding-b\"> <picture><source type=\"image\/webp\" media=\"(max-width: 642px)\" srcset=\"http:\/\/latecordoba.com\/wp-content\/uploads\/2026\/04\/tras-meses-de-desaceleracion-el-consumo-muestra-un-leve-brote-verde-donde-se-ve-1.webp 384w, http:\/\/latecordoba.com\/wp-content\/uploads\/2026\/04\/tras-meses-de-desaceleracion-el-consumo-muestra-un-leve-brote-verde-donde-se-ve-2.webp 512w, https:\/\/resizer.iproimg.com\/unsafe\/640x\/filters:format(webp):quality(75):max_bytes(102400)\/https:\/\/assets.iprofesional.com\/assets\/jpg\/2025\/05\/595642.jpg 640w\" sizes=\"100vw\"><source type=\"image\/webp\" media=\"(min-width: 642.01px) and (max-width: 1270px)\" srcset=\"https:\/\/resizer.iproimg.com\/unsafe\/614x\/filters:format(webp):quality(75):max_bytes(102400)\/https:\/\/assets.iprofesional.com\/assets\/jpg\/2025\/05\/595642.jpg 614w\" sizes=\"614px\"><source type=\"image\/webp\" media=\"(min-width: 1270.01px) and (max-width: 1898px)\" srcset=\"https:\/\/resizer.iproimg.com\/unsafe\/928x\/filters:format(webp):quality(75):max_bytes(102400)\/https:\/\/assets.iprofesional.com\/assets\/jpg\/2025\/05\/595642.jpg 928w\" sizes=\"928px\"><source type=\"image\/webp\" media=\"(min-width: 1898.01px)\" srcset=\"https:\/\/resizer.iproimg.com\/unsafe\/1270x\/filters:format(webp):quality(75):max_bytes(102400)\/https:\/\/assets.iprofesional.com\/assets\/jpg\/2025\/05\/595642.jpg 1270w\" sizes=\"1270px\"><img loading=\"lazy\" decoding=\"async\" src=\"http:\/\/latecordoba.com\/wp-content\/uploads\/2026\/04\/tras-meses-de-desaceleracion-el-consumo-muestra-un-leve-brote-verde-donde-se-ve.webp\" sizes=\"100vw\" class alt=\"Tras meses de desaceleraci\u00f3n, el consumo muestra &quot;un leve brote verde&quot;: d\u00f3nde se ve\" width=\"768\" height=\"432\" fetchpriority=\"high\"> <\/picture> <\/div>\n<\/p><\/div>\n<div readability=\"95.975791913469\">\n<p>El consumo masivo en Argentina comienza a dar <a href=\"https:\/\/www.iprofesional.com\/economia\/453227-deuda-flotante-duplico-puso-alerta-inversores-riesgo-fiscal-abril-2026\" target=\"_blank\" rel=\"noopener noreferrer\">se\u00f1ales de un cambio de tendencia<\/a>, aunque lejos est\u00e1 de ser una recuperaci\u00f3n lineal o euf\u00f3rica. Tras varios meses de una marcada desaceleraci\u00f3n que se inici\u00f3 en la segunda mitad del a\u00f1o pasado, <strong>los indicadores actuales muestran lo que los especialistas denominan &#8220;un leve brote verde&#8221;<\/strong>. Sin embargo, este incipiente repunte viene acompa\u00f1ado de una transformaci\u00f3n profunda en la conducta del comprador: <strong>la migraci\u00f3n masiva desde las grandes cadenas de supermercados hacia los comercios de cercan\u00eda.<\/strong><\/p>\n<p><strong>Dami\u00e1n Graziano,<\/strong> director comercial de la consultora Nielsen para Argentina, Uruguay, Bolivia y Paraguay, explic\u00f3 que el mercado atraviesa una etapa de transici\u00f3n. Seg\u00fan el experto, el consumo registr\u00f3 <strong>un peque\u00f1o rebote traccionado principalmente por los rubros de bebidas y alimentos.<\/strong> Lo m\u00e1s alentador, seg\u00fan su visi\u00f3n, es que este repunte ya no se limita a productos de compra impulsiva como snacks o golosinas, sino que empez\u00f3 a<strong> impactar en los alimentos b\u00e1sicos, lo que configura una canasta de consumo mucho m\u00e1s consolidada y &#8220;funcional&#8221;.<\/strong><\/p>\n<p>A pesar de este optimismo moderado, Graziano advirti\u00f3 que las cifras interanuales se ubican en torno al 1%, un n\u00famero conservador si se tiene en cuenta que la comparaci\u00f3n se realiza contra las bases de consumo del a\u00f1o pasado. <strong>&#8220;El consumidor se est\u00e1 yendo de la gran cadena, de la compra grande. Hoy el bolsillo est\u00e1 muy apretado y busca controlar el gasto minuto a minuto&#8221;, <\/strong>sostuvo el directivo en declaraciones radiales.<\/p>\n<h2>El regreso al almac\u00e9n de barrio y el autoservicio<\/h2>\n<p>Uno de los datos m\u00e1s contundentes del informe es el retroceso de los grandes supermercados, que en el \u00faltimo bimestre mostraron una ca\u00edda cercana al 5% interanual. Este fen\u00f3meno se explica por la necesidad del consumidor de fraccionar sus compras: ante la falta de pesos, se abandona el &#8220;carrito lleno&#8221; mensual y se opta por visitas m\u00e1s frecuentes a tiendas m\u00e1s chicas, como el almac\u00e9n de barrio o el autoservicio chino.<\/p>\n<p>Este desplazamiento responde a dos factores principales:<\/p>\n<ol>\n<li>Precios por canal: En los autoservicios, las variaciones de precios han sido levemente menores en algunos rubros, lo que atrae a quienes cuidan cada centavo.<\/li>\n<li>Correlaci\u00f3n con las tarifas: Existe una relaci\u00f3n directa entre el aumento de los servicios p\u00fablicos y la ca\u00edda del consumo masivo. &#8220;Lo que antes se gastaba en productos hoy se destina a pagar el transporte, la luz o el gas&#8221;, sintetiz\u00f3 Graziano.<\/li>\n<\/ol>\n<p>Este escenario ha llevado a que incluso los sectores de mayor poder adquisitivo (ABC1) modifiquen sus prioridades. En lugar de traccionar el consumo de productos premium en las g\u00f3ndolas, este segmento hoy prefiere derivar sus excedentes hacia inversiones patrimoniales, la compra de veh\u00edculos o viajes, dejando de lado el gasto aspiracional en el supermercado.<\/p>\n<h2>Un fen\u00f3meno regional: la b\u00fasqueda del precio<\/h2>\n<p>El comportamiento del consumidor argentino no es un caso aislado, sino que se alinea con una tendencia que recorre toda Am\u00e9rica Latina. El comprador regional se ha vuelto mucho m\u00e1s vol\u00e1til con las marcas y prioriza el precio por sobre la fidelidad a una etiqueta espec\u00edfica. Seg\u00fan datos del sector, el 35% de los consumidores en pa\u00edses como Brasil, Colombia o M\u00e9xico hoy &#8220;comoditiza&#8221; su consumo, buscando ofertas y opciones de marcas blancas o segundas marcas para sostener el presupuesto.<\/p>\n<p>En Argentina, el impacto de esta crisis de ingresos tambi\u00e9n se refleja en la infraestructura comercial. Se estima que hay entre 600 y 700 tiendas menos a nivel nacional en rubros espec\u00edficos como las perfumer\u00edas, un sector que ha sufrido con fuerza la menor circulaci\u00f3n de dinero. Con un ticket promedio cada vez m\u00e1s ajustado, el desaf\u00edo para las empresas en 2026 ser\u00e1 adaptarse a un cliente que ya no compra por impulso, sino por estricta necesidad funcional.<\/p>\n<\/p><\/div>\n","protected":false},"excerpt":{"rendered":"\n<div class=\"media_block\"><img decoding=\"async\" src=\"http:\/\/latecordoba.com\/wp-content\/uploads\/2026\/04\/tras-meses-de-desaceleracion-el-consumo-muestra-un-leve-brote-verde-donde-se-ve.jpg\"><\/div>\n<p> Dami\u00e1n Graziano, director comercial de Nielsen en Argentina, asegur\u00f3 que hay se\u00f1ales incipientes de recuperaci\u00f3n, pero con un cambio grande en los h\u00e1bitos <iframe width=\"0\" height=\"0\" border=\"0\"> <script> (function(i,s,o,g,r,a,m){i['GoogleAnalyticsObject']=r;i[r]=i[r]||function(){ (i[r].q=i[r].q||[]).push(arguments)},i[r].l=1*new Date();a=s.createElement(o), m=s.getElementsByTagName(o)[0];a.async=1;a.src=g;m.parentNode.insertBefore(a,m) })(window,document,'script','https:\/\/www.google-analytics.com\/analytics.js','ga'); ga('create', 'GTM-5LW5KQD', 'auto'); ga('require', 'displayfeatures'); ga('set', 'campaignSource', 'RSS Client for iProfesional'); ga('set', 'campaignMedium', 'RSS Client for iProfesional'); ga('set', {\"dataSource\": \"rss.atom.iprofesional.com\"}); ga('set', {\"referrer\": \"rss.atom.iprofesional.com\"}); ga('set', 'title', 'RSS Client for iProfesional'); ga('send', 'pageview'); <\/script> <!-- Begin comScore Tag --> <script> var _comscore = _comscore || []; _comscore.push({ c1: \"2\", c2: \"16597048\" }); (function() { var s = document.createElement(\"script\"), el = document.getElementsByTagName(\"script\")[0]; s.async = true; s.src = \"https:\/\/sb.scorecardresearch.com\/cs\/16597048\/beacon.js\"; el.parentNode.insertBefore(s, el); })(); <\/script> <noscript> <img decoding=\"async\" src=\"http:\/\/latecordoba.com\/wp-content\/uploads\/2026\/04\/tras-meses-de-desaceleracion-el-consumo-muestra-un-leve-brote-verde-donde-se-ve.gif\"> <\/noscript> <!-- End comScore Tag --> <\/iframe> <iframe border=\"0px\" style=\"display: none\" width=0 height=0 src=\"https:\/\/www.iprofesional.com\/ga4.html?gtag_id=G-N13KWJP8BK&amp;title=Tras meses de desaceleraci\u00f3n, el consumo muestra &quot;un leve brote verde&quot;: d\u00f3nde se ve&amp;location=https:\/\/www.iprofesional.com\/economia\/453351-tras-meses-de-desaceleracion-el-consumo-muestra-un-leve-brote-verde-donde-se-ve&amp;referrer=rss.atom.iprofesional.com&amp;ci=RSS Client for iProfesional&amp;cs=RSS Client for iProfesional&amp;cm=RSS&amp;cn=RSS Client for iProfesional&amp;cc=RSS Client for iProfesional\"><\/iframe>  <\/p>\n","protected":false},"author":1,"featured_media":41485,"comment_status":"closed","ping_status":"closed","sticky":false,"template":"","format":"standard","meta":[],"categories":[18],"tags":[],"_links":{"self":[{"href":"https:\/\/latecordoba.com\/index.php\/wp-json\/wp\/v2\/posts\/41484"}],"collection":[{"href":"https:\/\/latecordoba.com\/index.php\/wp-json\/wp\/v2\/posts"}],"about":[{"href":"https:\/\/latecordoba.com\/index.php\/wp-json\/wp\/v2\/types\/post"}],"author":[{"embeddable":true,"href":"https:\/\/latecordoba.com\/index.php\/wp-json\/wp\/v2\/users\/1"}],"replies":[{"embeddable":true,"href":"https:\/\/latecordoba.com\/index.php\/wp-json\/wp\/v2\/comments?post=41484"}],"version-history":[{"count":0,"href":"https:\/\/latecordoba.com\/index.php\/wp-json\/wp\/v2\/posts\/41484\/revisions"}],"wp:featuredmedia":[{"embeddable":true,"href":"https:\/\/latecordoba.com\/index.php\/wp-json\/wp\/v2\/media\/41485"}],"wp:attachment":[{"href":"https:\/\/latecordoba.com\/index.php\/wp-json\/wp\/v2\/media?parent=41484"}],"wp:term":[{"taxonomy":"category","embeddable":true,"href":"https:\/\/latecordoba.com\/index.php\/wp-json\/wp\/v2\/categories?post=41484"},{"taxonomy":"post_tag","embeddable":true,"href":"https:\/\/latecordoba.com\/index.php\/wp-json\/wp\/v2\/tags?post=41484"}],"curies":[{"name":"wp","href":"https:\/\/api.w.org\/{rel}","templated":true}]}}