{"id":41154,"date":"2026-04-02T10:52:00","date_gmt":"2026-04-02T10:52:00","guid":{"rendered":"https:\/\/www.iprofesional.com\/tecnologia\/451378-oportunidad-tienda-oficial-bajo-hasta-900000-pesos-el-precio-de-los-celulares"},"modified":"2026-04-02T10:52:00","modified_gmt":"2026-04-02T10:52:00","slug":"tienda-oficial-bajo-hasta-900-000-el-precio-de-los-celulares-a-dos-meses-de-la-quita-de-impuestos","status":"publish","type":"post","link":"https:\/\/latecordoba.com\/index.php\/2026\/04\/02\/tienda-oficial-bajo-hasta-900-000-el-precio-de-los-celulares-a-dos-meses-de-la-quita-de-impuestos\/","title":{"rendered":"Tienda oficial baj\u00f3 hasta $900.000 el precio de los celulares, a dos meses de la quita de impuestos"},"content":{"rendered":"\n<div class=\"media_block\"><img decoding=\"async\" src=\"http:\/\/latecordoba.com\/wp-content\/uploads\/2026\/04\/tienda-oficial-bajo-hasta-900-000-el-precio-de-los-celulares-a-dos-meses-de-la-quita-de-impuestos.jpg\"><\/div>\n<div><img decoding=\"async\" src=\"http:\/\/latecordoba.com\/wp-content\/uploads\/2026\/04\/tienda-oficial-bajo-hasta-900-000-el-precio-de-los-celulares-a-dos-meses-de-la-quita-de-impuestos.webp\" class=\"ff-og-image-inserted\"><\/div>\n<p>La comparaci\u00f3n entre los precios publicados por la tienda de <strong>Claro<\/strong> el <strong>14 de enero de 2026<\/strong> y los valores exhibidos el <strong>31 de marzo de 2026 <\/strong>deja como conclusi\u00f3n que, en apenas dos meses y medio, varios celulares de <strong>Samsung<\/strong> y <strong>Motorola<\/strong> <strong>mostraron recortes muy marcados<\/strong>, aunque esa baja <strong>no se traslad\u00f3 <\/strong>de manera uniforme a todo el cat\u00e1logo y tampoco alcanz\u00f3 a la l\u00ednea de <strong>iPhone,<\/strong> que <strong>sigui\u00f3 sin cambios.<\/strong><\/p>\n<p>El movimiento m\u00e1s fuerte se observ\u00f3 en los equipos de gama alta. All\u00ed sobresali\u00f3 el<strong> Samsung Galaxy S25 Ultra 5G de 512GB<\/strong>, que pas\u00f3 de <strong>$3.299.999<\/strong> a <strong>$2.399.999<\/strong> y acumul\u00f3 una<strong> baja de $900.000.<\/strong><\/p>\n<p>Tambi\u00e9n hubo una reducci\u00f3n importante en el Samsung <strong>Galaxy S25 Ultra 256GB<\/strong>, que <strong>cay\u00f3 de $2.999.999<\/strong> a <strong>$2.239.999.<\/strong> En este caso, el <strong>recorte fue de $760.000<\/strong>, una cifra que confirma que las variantes de capacidad dentro de una misma familia no se movieron igual, pero s\u00ed en la misma direcci\u00f3n.<\/p>\n<p>Esa misma l\u00f3gica se repiti\u00f3 en el <strong>Samsung Galaxy S25 Plus de 512GB<\/strong>, que retrocedi\u00f3 de <strong>$2.899.999<\/strong> a <strong>$2.159.999.<\/strong> La diferencia fue de <strong>$740.000,<\/strong> otro n\u00famero contundente dentro del segmento premium.<\/p>\n<p>M\u00e1s abajo en esa l\u00ednea tambi\u00e9n apareci\u00f3 el <strong>Samsung Galaxy S25 de 256GB<\/strong>, que pas\u00f3 de <strong>$2.199.999<\/strong> a <strong>$1.599.999,<\/strong> con una<strong> baja de $600.000.<\/strong><\/p>\n<h2>Motorola y Samsung tambi\u00e9n ajustaron valores en la gama media<\/h2>\n<p>Pese a esto, el fen\u00f3meno no qued\u00f3 limitado a los celulares m\u00e1s caros. En la franja media, el <strong>Motorola Moto G75<\/strong>&nbsp;<strong>128GB<\/strong> tambi\u00e9n present\u00f3 una correcci\u00f3n relevante. Su precio pas\u00f3 de <strong>$539.999<\/strong> a <strong>$399.999,<\/strong> con una <strong>rebaja de $140.000,<\/strong> suficiente para ubicarlo entre los equipos que m\u00e1s sintieron el reacomodamiento.<\/p>\n<p>En un escal\u00f3n m\u00e1s accesible apareci\u00f3 el <strong>Samsung Galaxy A15,<\/strong> que <strong>baj\u00f3<\/strong> de <strong>$299.999<\/strong> a <strong>$259.999.<\/strong> La diferencia fue de <strong>$40.000,<\/strong> bastante menor a la de los modelos premium, aunque suficiente para mostrar que el ajuste <strong>no qued\u00f3 concentrado s\u00f3lo en los tope de gama.<\/strong><\/p>\n<p>Ese reparto entre recortes de distinta magnitud ayuda a entender que la baja no se traslad\u00f3 como un porcentaje id\u00e9ntico para todos los productos. Algunos equipos absorbieron un ajuste muy marcado, otros mostraron una correcci\u00f3n m\u00e1s moderada y otros, directamente, <strong>no se movieron.<\/strong><\/p>\n<h2>Fold 6 y Flip 6 tambi\u00e9n bajaron<\/h2>\n<p>Dentro del relevamiento tambi\u00e9n aparecen los plegables <strong>Galaxy Fold<\/strong> <strong>6 <\/strong>y <strong>Galaxy Flip 6<\/strong>, que mostraron bajas respecto de enero. Sin embargo, ya no hay stock de esos modelos en la tienda de Claro.<\/p>\n<p>Ese detalle impide tomarlos como una referencia plenamente vigente para el consumidor que entra hoy al sitio con intenci\u00f3n de compra. Sirven para confirmar que la pol\u00edtica de descuentos tambi\u00e9n alcanz\u00f3 a parte del segmento m\u00e1s caro del mercado, pero no para medir con precisi\u00f3n cu\u00e1l es hoy la oportunidad real dentro de la tienda.<\/p>\n<p>Ahora es cuesti\u00f3n de estar atentos a que reingrese su stock, <strong>anotar los precios que ten\u00edan el 14 de enero <\/strong>y ver si volvieron con el precio m\u00e1s bajo o siguen a precios &#8220;<em>pre quita&#8221;<\/em> de aranceles.<\/p>\n<ul>\n<li><strong>Galaxy Z Fold 6 512 gb<\/strong>: estaba $2.699.999 y se consegu\u00eda a <strong>$2.599.999<\/strong><em> -$100.000 m\u00e1s bajo-<\/em><\/li>\n<li><strong>Galaxy Z Flip 6 512 gb<\/strong>: estaba $1.999.999 y se pod\u00eda conseguir a <strong>$1.499.999<\/strong><em> -$500.000 menos-<\/em><\/li>\n<\/ul>\n<h2>El dato m\u00e1s llamativo<\/h2>\n<p>Mientras Samsung y Motorola mostraron rebajas visibles en distintas categor\u00edas, los<strong> iPhone mantuvieron los mismos valores.<\/strong> Ese punto resulta central porque evita sobregeneralizar la idea de que hubo una baja masiva de precios en todos los celulares.<\/p>\n<p>En otras palabras, el impacto del nuevo esquema comercial no se vio en el ecosistema de Apple, al menos en esta comparaci\u00f3n puntual en la tienda de Claro.<\/p>\n<h2>Qu\u00e9 equipos fueron los que m\u00e1s bajaron en la tienda de Claro<\/h2>\n<p>Tomando los datos de la comparaci\u00f3n, el mapa de rebajas queda encabezado por la l\u00ednea premium de Samsung:<\/p>\n<ul>\n<li>Samsung Galaxy <strong>S25 Ultra 512 gb<\/strong>: baj\u00f3 $900.000, de $3.299.999 a <strong>$2.399.999<\/strong><\/li>\n<li>Samsung Galaxy <strong>S25 Ultra 256 gb<\/strong>: baj\u00f3 $760.000, de $2.999.999 a <strong>$2.239.999<\/strong><\/li>\n<li>Samsung Galaxy <strong>S25 Plus 512 gb<\/strong>: baj\u00f3 $740.000, de $2.899.999 a <strong>$2.159.999<\/strong><\/li>\n<li>Samsung Galaxy <strong>S25 256 gb<\/strong>: baj\u00f3 $600.000, de $2.199.999 a <strong>$1.599.999<\/strong><\/li>\n<li>Motorola Moto G75 <strong>128 gb<\/strong>: baj\u00f3 $140.000, de $539.999 a <strong>$399.999<\/strong><\/li>\n<li>Samsung Galaxy <strong>A15:<\/strong> baj\u00f3 $40.000, de $299.999 a <strong>$259.999<\/strong><\/li>\n<\/ul>\n<h2>Un hecho relevante que no se puede pasar por alto<\/h2>\n<p>Hay otro factor que ayuda a entender por qu\u00e9 la l\u00ednea Galaxy S25 empez\u00f3 a mostrar recortes tan marcados justo en este tramo y conviene no dejarlo afuera del an\u00e1lisis. La baja de precios en Claro no s\u00f3lo aparece en medio del reacomodamiento del mercado local, sino tambi\u00e9n <strong>casi en simult\u00e1neo con el lanzamiento de la serie Galaxy S26,<\/strong> que Samsung present\u00f3 el 25 de febrero de 2026 durante su evento Galaxy Unpacked.<\/p>\n<p>La propia empresa indic\u00f3 adem\u00e1s que la nueva familia qued\u00f3 disponible para preventa desde ese mismo 25 de febrero.<\/p>\n<p>Ese dato importa porque en el negocio de tecnolog\u00eda el desembarco de una <strong>nueva generaci\u00f3n<\/strong> suele empujar un reordenamiento comercial sobre la anterior. Cuando aparece un modelo que pasa a ocupar el lugar de <em>&#8220;lo \u00faltimo&#8221;<\/em>, la familia previa deja de ser la principal vidriera y muchas veces empieza a funcionar con descuentos m\u00e1s agresivos para sostener rotaci\u00f3n, limpiar inventario y seguir resultando competitiva frente a la novedad.<\/p>\n<p><span>En ese marco, el retroceso que se ve en varios equipos de la familia S25 tambi\u00e9n puede leerse como parte de ese <strong>desplazamiento natural dentro del portafolio de Samsung<\/strong>, m\u00e1s all\u00e1 del efecto tributario.<\/span><\/p>\n<h2>Qu\u00e9 deja esta comparaci\u00f3n<\/h2>\n<p>La foto que surge de la tienda de Claro entre enero y marzo es bastante concreta ya que hubo bajas fuertes en una parte relevante del cat\u00e1logo, sobre todo en la l\u00ednea Galaxy S25, hubo recortes m\u00e1s moderados en la gama media y no hubo cambios en los iPhone. A eso se suma que los plegables Fold 6 y Flip 6 tambi\u00e9n habr\u00edan retrocedido, aunque hoy no sirven como referencia de compra inmediata por falta de stock.<\/p>\n<p>Por eso, la idea de <em>&#8220;dos meses y medio sin impuestos&#8221;<\/em> puede funcionar como punto de partida, pero<strong> no alcanza por s\u00ed sola para explicar lo que pas\u00f3 con los precios.<\/strong> La evidencia muestra algo m\u00e1s espec\u00edfico y bastante m\u00e1s \u00fatil para el consumidor.<\/p>\n<p><span><strong>Samsung<\/strong> y <strong>Motorola s\u00ed bajaron <\/strong>con fuerza en varios equipos, <strong>Apple no acompa\u00f1\u00f3<\/strong> ese movimiento y la <strong>oportunidad de compra <\/strong>qued\u00f3 concentrada, sobre todo, <strong>en algunos modelos puntuales y en capacidades determinadas<\/strong><\/span><\/p>\n","protected":false},"excerpt":{"rendered":"\n<div class=\"media_block\"><img decoding=\"async\" src=\"http:\/\/latecordoba.com\/wp-content\/uploads\/2026\/04\/tienda-oficial-bajo-hasta-900-000-el-precio-de-los-celulares-a-dos-meses-de-la-quita-de-impuestos.jpg\"><\/div>\n<p> Entre enero y marzo, una operadora recort\u00f3 fuerte los precios de varios celulares, pero una parte importante del mercado qued\u00f3 al margen de esa baja <iframe width=\"0\" height=\"0\" border=\"0\"> <script> (function(i,s,o,g,r,a,m){i['GoogleAnalyticsObject']=r;i[r]=i[r]||function(){ (i[r].q=i[r].q||[]).push(arguments)},i[r].l=1*new Date();a=s.createElement(o), m=s.getElementsByTagName(o)[0];a.async=1;a.src=g;m.parentNode.insertBefore(a,m) })(window,document,'script','https:\/\/www.google-analytics.com\/analytics.js','ga'); ga('create', 'GTM-5LW5KQD', 'auto'); ga('require', 'displayfeatures'); ga('set', 'campaignSource', 'RSS Client for iProfesional'); ga('set', 'campaignMedium', 'RSS Client for iProfesional'); ga('set', {\"dataSource\": \"rss.atom.iprofesional.com\"}); ga('set', {\"referrer\": \"rss.atom.iprofesional.com\"}); ga('set', 'title', 'RSS Client for iProfesional'); ga('send', 'pageview'); <\/script> <!-- Begin comScore Tag --> <script> var _comscore = _comscore || []; _comscore.push({ c1: \"2\", c2: \"16597048\" }); (function() { var s = document.createElement(\"script\"), el = document.getElementsByTagName(\"script\")[0]; s.async = true; s.src = \"https:\/\/sb.scorecardresearch.com\/cs\/16597048\/beacon.js\"; el.parentNode.insertBefore(s, el); })(); <\/script> <noscript> <img decoding=\"async\" src=\"http:\/\/latecordoba.com\/wp-content\/uploads\/2026\/04\/tienda-oficial-bajo-hasta-900-000-el-precio-de-los-celulares-a-dos-meses-de-la-quita-de-impuestos.gif\"> <\/noscript> <!-- End comScore Tag --> <\/iframe> <iframe border=\"0px\" style=\"display: none\" width=0 height=0 src=\"https:\/\/www.iprofesional.com\/ga4.html?gtag_id=G-N13KWJP8BK&amp;title=Tienda oficial baj\u00f3 hasta $900.000 el precio de los celulares, a dos meses de la quita de impuestos&amp;location=https:\/\/www.iprofesional.com\/tecnologia\/451378-oportunidad-tienda-oficial-bajo-hasta-900000-pesos-el-precio-de-los-celulares&amp;referrer=rss.atom.iprofesional.com&amp;ci=RSS Client for iProfesional&amp;cs=RSS Client for iProfesional&amp;cm=RSS&amp;cn=RSS Client for iProfesional&amp;cc=RSS Client for iProfesional\"><\/iframe>  <\/p>\n","protected":false},"author":1,"featured_media":41155,"comment_status":"open","ping_status":"closed","sticky":false,"template":"","format":"standard","meta":[],"categories":[13],"tags":[],"_links":{"self":[{"href":"https:\/\/latecordoba.com\/index.php\/wp-json\/wp\/v2\/posts\/41154"}],"collection":[{"href":"https:\/\/latecordoba.com\/index.php\/wp-json\/wp\/v2\/posts"}],"about":[{"href":"https:\/\/latecordoba.com\/index.php\/wp-json\/wp\/v2\/types\/post"}],"author":[{"embeddable":true,"href":"https:\/\/latecordoba.com\/index.php\/wp-json\/wp\/v2\/users\/1"}],"replies":[{"embeddable":true,"href":"https:\/\/latecordoba.com\/index.php\/wp-json\/wp\/v2\/comments?post=41154"}],"version-history":[{"count":0,"href":"https:\/\/latecordoba.com\/index.php\/wp-json\/wp\/v2\/posts\/41154\/revisions"}],"wp:featuredmedia":[{"embeddable":true,"href":"https:\/\/latecordoba.com\/index.php\/wp-json\/wp\/v2\/media\/41155"}],"wp:attachment":[{"href":"https:\/\/latecordoba.com\/index.php\/wp-json\/wp\/v2\/media?parent=41154"}],"wp:term":[{"taxonomy":"category","embeddable":true,"href":"https:\/\/latecordoba.com\/index.php\/wp-json\/wp\/v2\/categories?post=41154"},{"taxonomy":"post_tag","embeddable":true,"href":"https:\/\/latecordoba.com\/index.php\/wp-json\/wp\/v2\/tags?post=41154"}],"curies":[{"name":"wp","href":"https:\/\/api.w.org\/{rel}","templated":true}]}}