{"id":41150,"date":"2026-04-02T19:20:00","date_gmt":"2026-04-02T19:20:00","guid":{"rendered":"https:\/\/www.iprofesional.com\/economia\/451550-feriados-xxl-provocaron-perdidas-millonarias-alerta-economia-argentina-abril-2026"},"modified":"2026-04-02T19:20:00","modified_gmt":"2026-04-02T19:20:00","slug":"la-sideral-cifra-que-pierde-la-economia-argentina-por-los-dias-feriados-y-fines-de-semana-largos","status":"publish","type":"post","link":"https:\/\/latecordoba.com\/index.php\/2026\/04\/02\/la-sideral-cifra-que-pierde-la-economia-argentina-por-los-dias-feriados-y-fines-de-semana-largos\/","title":{"rendered":"La sideral cifra que pierde la econom\u00eda argentina por los d\u00edas feriados y fines de semana largos"},"content":{"rendered":"\n<div class=\"media_block\"><img decoding=\"async\" src=\"http:\/\/latecordoba.com\/wp-content\/uploads\/2026\/04\/la-sideral-cifra-que-pierde-la-economia-argentina-por-los-dias-feriados-y-fines-de-semana-largos.jpg\"><\/div>\n<div><img decoding=\"async\" src=\"http:\/\/latecordoba.com\/wp-content\/uploads\/2026\/04\/la-sideral-cifra-que-pierde-la-economia-argentina-por-los-dias-feriados-y-fines-de-semana-largos.webp\" class=\"ff-og-image-inserted\"><\/div>\n<p>Los <strong>tres fines de semana largos en este comienzo de 2026<\/strong> provocaron una p\u00e9rdida de entre <strong>u$s1.800 y u$s2.000 millones<\/strong> a la econom\u00eda en su conjunto. Para tener una idea: <strong>significan dos d\u00edas enteros de producci\u00f3n del pa\u00eds<\/strong>.<\/p>\n<p>Esa estimaci\u00f3n surge de considerar las ganancias del turismo y el perjuicio de los dem\u00e1s sectores econ\u00f3micos, principalmente en los servicios de educaci\u00f3n y salud, la industria y la construcci\u00f3n.<\/p>\n<p><a href=\"https:\/\/www.iprofesional.com\/economia\/415263-polemico-proponen-reducir-cantidad-fines-de-semanas-largos\" target=\"_blank\" rel=\"noopener noreferrer\"><span>La cuesti\u00f3n tiene especial trascendencia en un momento econ\u00f3mico como el actual, donde tanto la industria como el comercio minorista atraviesan por un per\u00edodo recesivo.<\/span><\/a><\/p>\n<p>Justamente, el <strong>comercio y, sobre todo, la industria son los rubros m\u00e1s perjudicados<\/strong> por el esquema de feriados XXL.<\/p>\n<p>En los rubros de &#8220;Educaci\u00f3n&#8221; y &#8220;Salud&#8221;, a su vez, <strong>los d\u00edas perdidos son irrecuperables<\/strong>.<\/p>\n<p>Un informe del Instituto de Econom\u00eda (INECO) de la UADE pone \u00e9nfasis en estos sectores, los m\u00e1s perjudicados. &#8220;El parate de los procesos productivos con los costos adicionales que deben afrontar las empresas, entre los que se incluyen <strong>el pago superior por los jornales en d\u00edas feriados<\/strong> (en el caso de aquellos que decidan realizarlo) y los esfuerzos posteriores para recuperar los d\u00edas que no se pudo producir&#8221;.<\/p>\n<p>Hasta el presidente Javier Milei dej\u00f3 en claro que no es &#8220;fan&#8221; de la cantidad de fines de semana largos o feriados con fines tur\u00edsticos que tiene Argentina, entendiendo que los mismos no tienen un efecto positivo real en la econom\u00eda: <span>&#8220;Si fuera cierto que generan empleo, hagamos carnaval todo el a\u00f1o, estemos de vacaciones todo el a\u00f1o&#8221;<\/span>, dijo en una ocasi\u00f3n cuando fue entrevistado en 2018 en su rol de economista.&nbsp;<\/p>\n<p>Antes incluso de ser candidato, Mieli marcaba que &#8220;es una falacia&#8221; afirmar que los fines de semana largos motorizan la econom\u00eda, &#8220;porque lo que est\u00e1 gastando la gente en esos lugares, se est\u00e1 perdiendo de gastar en otro lado y eso genera ca\u00edda de actividad y de empleo&#8221;.<\/p>\n<h2>Qui\u00e9nes se benefician con los feriados extra largos<\/h2>\n<p>El reporte no excluye a las regiones del pa\u00eds y a los nichos a los que les sirven los feriados extra largos, pero que <strong>no llegan a compensar las p\u00e9rdidas<\/strong>.<\/p>\n<p><span>Los fines de semana largos y de los puentes tur\u00edsticos ayudan a desarrollar la econom\u00eda de los destinos tur\u00edsticos y a combatir su estacionalidad: posibilitan tener visitantes durante momentos del a\u00f1o fuera de las temporadas altas tradicionales y permiten la creaci\u00f3n de puestos de trabajos con mejores condiciones.<\/span><\/p>\n<p>En general se trata de rubros que son dadores de servicios. Desde hoteler\u00eda a gu\u00edas tur\u00edsticos y tambi\u00e9n <strong>los comercios de los lugares de destino<\/strong>.<\/p>\n<h2>El drama de los sectores que pierden con los puentes<\/h2>\n<p>Enfrente de los rubros que ganan en los feriados largos est\u00e1n aqu\u00e9llos que tienen quebrantos ya que <strong>la implementaci\u00f3n de feriados puentes detiene la producci\u00f3n<\/strong> de las industrias y detiene a los comercios de las ciudades que son centros emisores, afectando a los costos y al empleo.<\/p>\n<p>Lo mismo sucede con el trabajo de profesionales independientes (pierden d\u00edas de trabajo aut\u00f3nomo) lo que termina repercutiendo en la econom\u00eda global del pa\u00eds y en consecuencia en <strong>la calidad de vida de sus habitantes<\/strong>.<\/p>\n<p>En un feriado largo, los choferes de Uber o quienes trasladan comida a trav\u00e9s de las aplicaciones tienen menos trabajo y, por lo tanto, <strong>menores ingresos<\/strong>.<\/p>\n<p>En una econom\u00eda con menos empleados formales y m\u00e1s cantidad de informales, <strong>la extensi\u00f3n de los feriados juega en contra<\/strong>.<\/p>\n<h2>Costos imposibles de afrontar para peque\u00f1os comerciantes<\/h2>\n<p>Con relaci\u00f3n al costo, el informe de la UADE dice que <strong><a href=\"https:\/\/www.iprofesional.com\/actualidad\/417560-los-puentes-turisticos-seran-dias-no-laborables-y-la-empresa-dira-si-los-dara-libre\" target=\"_blank\" rel=\"noopener noreferrer\">afrontar las cargas laborales correspondientes a la remuneraci\u00f3n de los d\u00edas feriados<\/a><\/strong> puede ser una carga desmesurada, dif\u00edcil de poder asumir para comerciantes de regiones no tur\u00edsticas.<\/p>\n<p>&#8220;La industria manufacturera es la m\u00e1s afectada, al igual que el sector de la construcci\u00f3n. En tanto, los bancos, el comercio mayorista y minorista, y servicios como la educaci\u00f3n y la salud tambi\u00e9n figuran en <strong><a href=\"https:\/\/www.iprofesional.com\/management\/426380-que-haran-las-empresas-con-feriados-puente-peligra-el-finde-largo\" target=\"_blank\" rel=\"noopener noreferrer\">la lista de los principales perdedores<\/a><\/strong>&#8220;, agrega el informe.<\/p>\n<p>&#8220;Analizando globalmente la econom\u00eda del pa\u00eds, es posible indicar que en los feriados o puentes podr\u00eda producirse un efecto compensaci\u00f3n entre sectores econ\u00f3micos. En medio del actual ciclo econ\u00f3mico, <strong>perder d\u00edas de producci\u00f3n por feriados es perjudicial<\/strong> para las industrias y econom\u00edas&#8221;, concluye el trabajo t\u00e9cnico.<\/p>\n<p><span>La conclusi\u00f3n del informe es que la extensi\u00f3n de fines de semana largos en el calendario nacional afecta positivamente a la actividad tur\u00edstica y negativamente a los sectores productivos.<\/span><\/p>\n","protected":false},"excerpt":{"rendered":"\n<div class=\"media_block\"><img decoding=\"async\" src=\"http:\/\/latecordoba.com\/wp-content\/uploads\/2026\/04\/la-sideral-cifra-que-pierde-la-economia-argentina-por-los-dias-feriados-y-fines-de-semana-largos.jpg\"><\/div>\n<p> Las celebraciones prolongadas de los \u00faltimos a\u00f1os generaron un serio impacto en la actividad productiva. Sectores m\u00e1s perjudicados <iframe width=\"0\" height=\"0\" border=\"0\"> <script> (function(i,s,o,g,r,a,m){i['GoogleAnalyticsObject']=r;i[r]=i[r]||function(){ (i[r].q=i[r].q||[]).push(arguments)},i[r].l=1*new Date();a=s.createElement(o), m=s.getElementsByTagName(o)[0];a.async=1;a.src=g;m.parentNode.insertBefore(a,m) })(window,document,'script','https:\/\/www.google-analytics.com\/analytics.js','ga'); ga('create', 'GTM-5LW5KQD', 'auto'); ga('require', 'displayfeatures'); ga('set', 'campaignSource', 'RSS Client for iProfesional'); ga('set', 'campaignMedium', 'RSS Client for iProfesional'); ga('set', {\"dataSource\": \"rss.atom.iprofesional.com\"}); ga('set', {\"referrer\": \"rss.atom.iprofesional.com\"}); ga('set', 'title', 'RSS Client for iProfesional'); ga('send', 'pageview'); <\/script> <!-- Begin comScore Tag --> <script> var _comscore = _comscore || []; _comscore.push({ c1: \"2\", c2: \"16597048\" }); (function() { var s = document.createElement(\"script\"), el = document.getElementsByTagName(\"script\")[0]; s.async = true; s.src = \"https:\/\/sb.scorecardresearch.com\/cs\/16597048\/beacon.js\"; el.parentNode.insertBefore(s, el); })(); <\/script> <noscript> <img decoding=\"async\" src=\"http:\/\/latecordoba.com\/wp-content\/uploads\/2026\/04\/la-sideral-cifra-que-pierde-la-economia-argentina-por-los-dias-feriados-y-fines-de-semana-largos.gif\"> <\/noscript> <!-- End comScore Tag --> <\/iframe> <iframe border=\"0px\" style=\"display: none\" width=0 height=0 src=\"https:\/\/www.iprofesional.com\/ga4.html?gtag_id=G-N13KWJP8BK&amp;title=La sideral cifra que pierde la econom\u00eda argentina por los d\u00edas feriados y fines de semana largos&amp;location=https:\/\/www.iprofesional.com\/economia\/451550-feriados-xxl-provocaron-perdidas-millonarias-alerta-economia-argentina-abril-2026&amp;referrer=rss.atom.iprofesional.com&amp;ci=RSS Client for iProfesional&amp;cs=RSS Client for iProfesional&amp;cm=RSS&amp;cn=RSS Client for iProfesional&amp;cc=RSS Client for iProfesional\"><\/iframe>  <\/p>\n","protected":false},"author":1,"featured_media":41151,"comment_status":"closed","ping_status":"closed","sticky":false,"template":"","format":"standard","meta":[],"categories":[18],"tags":[],"_links":{"self":[{"href":"https:\/\/latecordoba.com\/index.php\/wp-json\/wp\/v2\/posts\/41150"}],"collection":[{"href":"https:\/\/latecordoba.com\/index.php\/wp-json\/wp\/v2\/posts"}],"about":[{"href":"https:\/\/latecordoba.com\/index.php\/wp-json\/wp\/v2\/types\/post"}],"author":[{"embeddable":true,"href":"https:\/\/latecordoba.com\/index.php\/wp-json\/wp\/v2\/users\/1"}],"replies":[{"embeddable":true,"href":"https:\/\/latecordoba.com\/index.php\/wp-json\/wp\/v2\/comments?post=41150"}],"version-history":[{"count":0,"href":"https:\/\/latecordoba.com\/index.php\/wp-json\/wp\/v2\/posts\/41150\/revisions"}],"wp:featuredmedia":[{"embeddable":true,"href":"https:\/\/latecordoba.com\/index.php\/wp-json\/wp\/v2\/media\/41151"}],"wp:attachment":[{"href":"https:\/\/latecordoba.com\/index.php\/wp-json\/wp\/v2\/media?parent=41150"}],"wp:term":[{"taxonomy":"category","embeddable":true,"href":"https:\/\/latecordoba.com\/index.php\/wp-json\/wp\/v2\/categories?post=41150"},{"taxonomy":"post_tag","embeddable":true,"href":"https:\/\/latecordoba.com\/index.php\/wp-json\/wp\/v2\/tags?post=41150"}],"curies":[{"name":"wp","href":"https:\/\/api.w.org\/{rel}","templated":true}]}}