{"id":41138,"date":"2026-04-01T22:40:00","date_gmt":"2026-04-01T22:40:00","guid":{"rendered":"https:\/\/www.iprofesional.com\/tecnologia\/451529-historico-despego-mision-artemis-ii-de-nasa-que-lleva-cuatro-astronautas-a-la-luna"},"modified":"2026-04-01T22:40:00","modified_gmt":"2026-04-01T22:40:00","slug":"historico-despego-la-mision-artemis-ii-de-la-nasa-que-lleva-cuatro-astronautas-a-la-luna","status":"publish","type":"post","link":"https:\/\/latecordoba.com\/index.php\/2026\/04\/01\/historico-despego-la-mision-artemis-ii-de-la-nasa-que-lleva-cuatro-astronautas-a-la-luna\/","title":{"rendered":"Hist\u00f3rico: despeg\u00f3 la misi\u00f3n Artemis II de la NASA, que lleva cuatro astronautas a la Luna"},"content":{"rendered":"\n<div class=\"media_block\"><img decoding=\"async\" src=\"http:\/\/latecordoba.com\/wp-content\/uploads\/2026\/04\/historico-despego-la-mision-artemis-ii-de-la-nasa-que-lleva-cuatro-astronautas-a-la-luna.jpg\"><\/div>\n<p><strong>Artemis II <\/strong>despeg\u00f3 este mi\u00e9rcoles por la tarde rumbo a la <strong>Luna, en lo que es<\/strong>&nbsp;<a href=\"https:\/\/www.iprofesional.com\/recreo\/451350-artemis-ii-mision-reabre-la-carrera-espacial-todo-sobre-vuelo-tripulado-luna\" target=\"_blank\" rel=\"noopener noreferrer\"><strong>el primer vuelo tripulado hacia el sat\u00e9lite terrestre en m\u00e1s de medio siglo<\/strong><\/a>. La nave lleva una astronauta mujer y marcar\u00e1 un hito en el plan de la <strong>NASA <\/strong>para volver a pisar suelo lunar.<\/p>\n<p>La tripulaci\u00f3n de cuatro astronautas pas\u00f3 los \u00faltimos meses en entrenamiento intensivo. <strong>Simularon situaciones extremas, atravesaron chequeos m\u00e9dicos exhaustivos y ensayaron cada procedimiento del vuelo.<\/strong><\/p>\n<p><a href=\"https:\/\/www.iprofesional.com\/actualidad\/446282-argentina-formara-parte-de-la-mision-artemis-ii-de-la-nasa-que-viajara-a-la-luna\" target=\"_blank\" rel=\"noopener noreferrer\">Argentina tambi\u00e9n tiene presencia en esta misi\u00f3n hist\u00f3rica.<\/a> El microsat\u00e9lite <strong>ATENEA<\/strong>, desarrollado por ingenieros nacionales, fue seleccionado por la NASA para formar parte de Artemis II.<\/p>\n<p><strong>El pa\u00eds se convierte as\u00ed en uno de los cuatro con tecnolog\u00eda propia<\/strong> en este regreso tripulado a la Luna. El ingeniero Fernando Filipetti, integrante del proyecto ATENEA, participar\u00e1 de las transmisiones oficiales durante la jornada de lanzamiento.<\/p>\n<h2>Hist\u00f3rico: despeg\u00f3 la misi\u00f3n de la NASA para volver a la Luna<\/h2>\n<p><iframe loading=\"lazy\" src=\"https:\/\/www.youtube.com\/embed\/Tf_UjBMIzNo\" frameborder=\"0\" width=\"1349\" height=\"759\" title=\"NASA's Artemis II Crew Launches To The Moon (Official Broadcast)\">[embedded content]<\/iframe><\/p>\n<p>A bordo de Artemis II viajan <strong>Reid Wiseman, Victor Glover, Christina Koch y Jeremy Hansen<\/strong>. Este \u00faltimo es el \u00fanico que no pertenece a la NASA: representa a la Agencia Espacial Canadiense.<\/p>\n<p>Christina Koch ser\u00e1 <strong>la primera mujer en volar alrededor de la Luna<\/strong>. Ya tiene r\u00e9cord en la Estaci\u00f3n Espacial Internacional: <span>pas\u00f3 328 d\u00edas en \u00f3rbita, la estad\u00eda m\u00e1s larga de una mujer en el espacio.<\/span><\/p>\n<p>Victor Glover, en tanto, se convirti\u00f3 en el primer astronauta afroamericano en una misi\u00f3n lunar.&nbsp;<span>Tiene experiencia previa en la ISS, donde pas\u00f3 seis meses como ingeniero de vuelo.<\/span><\/p>\n<p>Reid Wiseman es el comandante de la misi\u00f3n. Acumula m\u00e1s de 165 d\u00edas en el espacio y lider\u00f3 expediciones previas en la estaci\u00f3n orbital.<\/p>\n<p>Jeremy Hansen nunca vol\u00f3 al espacio antes de esta misi\u00f3n. <strong>Ser\u00e1 su debut espacial directamente rumbo a la Luna<\/strong>, algo sin precedentes en la era moderna de la exploraci\u00f3n.<\/p>\n<p>Los cuatro completaron simulaciones, entrenamientos f\u00edsicos y pr\u00e1cticas en entornos extremos durante los \u00faltimos meses. En los d\u00edas previos al lanzamiento atravesaron una etapa final de preparaci\u00f3n con chequeos m\u00e9dicos y reuniones t\u00e9cnicas.<\/p>\n<div class=\"imagen\" readability=\"7\"><img decoding=\"async\" loading=\"lazy\" fetchpriority=\"low\" class=\"lazyload\" src=\"http:\/\/latecordoba.com\/wp-content\/uploads\/2026\/04\/historico-despego-la-mision-artemis-ii-de-la-nasa-que-lleva-cuatro-astronautas-a-la-luna-1.jpg\" alt=\"La NASA lanza la misi\u00f3n Artemis II para volver a la Luna\" width=\"1280\" height=\"720\"><\/p>\n<p>La NASA lanza la misi\u00f3n Artemis II para volver a la Luna<\/p>\n<\/div>\n<h2>Qu\u00e9 hace diferente a Artemis II de las misiones anteriores<\/h2>\n<p>Artemis II no buscar\u00e1 alunizar. <span>Su objetivo es validar, con humanos a bordo, el sistema completo que deber\u00e1 funcionar en futuras misiones de descenso lunar programadas para Artemis III.<\/span><\/p>\n<p>Durante aproximadamente diez d\u00edas,<strong> la c\u00e1psula Orion realizar\u00e1 un recorrido alrededor de la Luna.<\/strong> El regreso a la Tierra se har\u00e1 mediante una trayectoria de <strong>&#8220;retorno libre&#8221;.<\/strong><\/p>\n<p>Esta t\u00e9cnica aprovecha la gravedad del sat\u00e9lite para asegurar el regreso sin necesidad de encender motores. Es una maniobra de seguridad: si algo falla, <strong>la nave vuelve autom\u00e1ticamente a la Tierra<\/strong>.<\/p>\n<p>Los astronautas viajar\u00e1n m\u00e1s all\u00e1 de la \u00f3rbita terrestre baja, donde hoy se concentran la mayor\u00eda de las misiones tripuladas. Es un vuelo con un nivel de exposici\u00f3n y responsabilidad distinto.<\/p>\n<p>Tambi\u00e9n hay un cambio generacional y cultural. Por primera vez, <strong>una mujer y una persona afroamericana<\/strong> viajar\u00e1n m\u00e1s all\u00e1 de la \u00f3rbita terrestre baja en una misi\u00f3n lunar.<\/p>\n<h2>Qu\u00e9 se estudiar\u00e1 durante el viaje espacial<\/h2>\n<p>M\u00e1s all\u00e1 del desaf\u00edo tecnol\u00f3gico,<strong> la misi\u00f3n tiene un componente cient\u00edfico central. <\/strong>Durante el vuelo se estudiar\u00e1 c\u00f3mo responde el cuerpo humano en el espacio profundo.<\/p>\n<p>Es un entorno distinto al de la Estaci\u00f3n Espacial Internacional. All\u00ed la protecci\u00f3n frente a la radiaci\u00f3n es mayor y las condiciones son m\u00e1s estables.<\/p>\n<p><span>Los astronautas ser\u00e1n monitoreados para analizar efectos vinculados al sue\u00f1o, la exposici\u00f3n a radiaci\u00f3n y la adaptaci\u00f3n del organismo en un viaje de mayor distancia.<\/span><\/p>\n<p>Los datos servir\u00e1n para planificar misiones m\u00e1s largas. <strong>La NASA apunta eventualmente a Marte<\/strong>, donde la radiaci\u00f3n y el aislamiento son desaf\u00edos a\u00fan mayores.<\/p>\n<p>Tambi\u00e9n habr\u00e1 un componente de observaci\u00f3n directa.<strong> Durante el sobrevuelo lunar, la tripulaci\u00f3n tendr\u00e1 la oportunidad de observar y fotografiar zonas de la superficie que no hab\u00edan sido vistas de esa manera por seres humanos.<\/strong><\/p>\n<p>Entre los objetivos est\u00e1 el lado oculto de la Luna. Permanece siempre fuera de la vista desde la Tierra y presenta caracter\u00edsticas geol\u00f3gicas distintas al hemisferio visible.<\/p>\n<p>Los cient\u00edficos destacan que el ojo humano puede detectar diferencias sutiles que pasan desapercibidas en las im\u00e1genes tomadas por sondas autom\u00e1ticas.<\/p>\n<p>Entre los objetivos est\u00e1 tambi\u00e9n volver a capturar im\u00e1genes de la Tierra elev\u00e1ndose sobre el horizonte lunar. Esa escena se hizo famosa durante las misiones Apolo.<\/p>\n<p>Ahora permitir\u00e1 comparar cambios en el planeta <strong>a lo largo de m\u00e1s de cinco d\u00e9cadas<\/strong>. El contraste visual puede revelar transformaciones en la cobertura de hielo, vegetaci\u00f3n y patrones clim\u00e1ticos.<\/p>\n<p>Si todo sale seg\u00fan lo previsto, <strong>Artemis II ser\u00e1 el paso previo a Artemis III. <\/strong>Esa misi\u00f3n buscar\u00e1 concretar el regreso de humanos a la superficie lunar.<\/p>\n<p>M\u00e1s de medio siglo despu\u00e9s, la Luna deja de ser un destino del pasado. El viaje que alguna vez marc\u00f3 una era se prepara ahora para comenzar otra, con <strong>tecnolog\u00eda renovada y objetivos m\u00e1s ambiciosos<\/strong>.<\/p>\n","protected":false},"excerpt":{"rendered":"\n<div class=\"media_block\"><img decoding=\"async\" src=\"http:\/\/latecordoba.com\/wp-content\/uploads\/2026\/04\/historico-despego-la-mision-artemis-ii-de-la-nasa-que-lleva-cuatro-astronautas-a-la-luna.jpg\"><\/div>\n<p> La hist\u00f3rica misi\u00f3n Artemis II marca un regreso tripulado al sat\u00e9lite terrestre y forma parte del plan de la NASA para volver a pisar suelo lunar <iframe width=\"0\" height=\"0\" border=\"0\"> <script> (function(i,s,o,g,r,a,m){i['GoogleAnalyticsObject']=r;i[r]=i[r]||function(){ (i[r].q=i[r].q||[]).push(arguments)},i[r].l=1*new Date();a=s.createElement(o), m=s.getElementsByTagName(o)[0];a.async=1;a.src=g;m.parentNode.insertBefore(a,m) })(window,document,'script','https:\/\/www.google-analytics.com\/analytics.js','ga'); ga('create', 'GTM-5LW5KQD', 'auto'); ga('require', 'displayfeatures'); ga('set', 'campaignSource', 'RSS Client for iProfesional'); ga('set', 'campaignMedium', 'RSS Client for iProfesional'); ga('set', {\"dataSource\": \"rss.atom.iprofesional.com\"}); ga('set', {\"referrer\": \"rss.atom.iprofesional.com\"}); ga('set', 'title', 'RSS Client for iProfesional'); ga('send', 'pageview'); <\/script> <!-- Begin comScore Tag --> <script> var _comscore = _comscore || []; _comscore.push({ c1: \"2\", c2: \"16597048\" }); (function() { var s = document.createElement(\"script\"), el = document.getElementsByTagName(\"script\")[0]; s.async = true; s.src = \"https:\/\/sb.scorecardresearch.com\/cs\/16597048\/beacon.js\"; el.parentNode.insertBefore(s, el); })(); <\/script> <noscript> <img decoding=\"async\" src=\"http:\/\/latecordoba.com\/wp-content\/uploads\/2026\/04\/historico-despego-la-mision-artemis-ii-de-la-nasa-que-lleva-cuatro-astronautas-a-la-luna.gif\"> <\/noscript> <!-- End comScore Tag --> <\/iframe> <iframe border=\"0px\" style=\"display: none\" width=0 height=0 src=\"https:\/\/www.iprofesional.com\/ga4.html?gtag_id=G-N13KWJP8BK&amp;title=Hist\u00f3rico: despeg\u00f3 la misi\u00f3n Artemis II de la NASA, que lleva cuatro astronautas a la Luna&amp;location=https:\/\/www.iprofesional.com\/tecnologia\/451529-historico-despego-mision-artemis-ii-de-nasa-que-lleva-cuatro-astronautas-a-la-luna&amp;referrer=rss.atom.iprofesional.com&amp;ci=RSS Client for iProfesional&amp;cs=RSS Client for iProfesional&amp;cm=RSS&amp;cn=RSS Client for iProfesional&amp;cc=RSS Client for iProfesional\"><\/iframe>  <\/p>\n","protected":false},"author":1,"featured_media":41139,"comment_status":"open","ping_status":"closed","sticky":false,"template":"","format":"standard","meta":[],"categories":[13],"tags":[],"_links":{"self":[{"href":"https:\/\/latecordoba.com\/index.php\/wp-json\/wp\/v2\/posts\/41138"}],"collection":[{"href":"https:\/\/latecordoba.com\/index.php\/wp-json\/wp\/v2\/posts"}],"about":[{"href":"https:\/\/latecordoba.com\/index.php\/wp-json\/wp\/v2\/types\/post"}],"author":[{"embeddable":true,"href":"https:\/\/latecordoba.com\/index.php\/wp-json\/wp\/v2\/users\/1"}],"replies":[{"embeddable":true,"href":"https:\/\/latecordoba.com\/index.php\/wp-json\/wp\/v2\/comments?post=41138"}],"version-history":[{"count":0,"href":"https:\/\/latecordoba.com\/index.php\/wp-json\/wp\/v2\/posts\/41138\/revisions"}],"wp:featuredmedia":[{"embeddable":true,"href":"https:\/\/latecordoba.com\/index.php\/wp-json\/wp\/v2\/media\/41139"}],"wp:attachment":[{"href":"https:\/\/latecordoba.com\/index.php\/wp-json\/wp\/v2\/media?parent=41138"}],"wp:term":[{"taxonomy":"category","embeddable":true,"href":"https:\/\/latecordoba.com\/index.php\/wp-json\/wp\/v2\/categories?post=41138"},{"taxonomy":"post_tag","embeddable":true,"href":"https:\/\/latecordoba.com\/index.php\/wp-json\/wp\/v2\/tags?post=41138"}],"curies":[{"name":"wp","href":"https:\/\/api.w.org\/{rel}","templated":true}]}}