{"id":41132,"date":"2026-04-01T12:39:58","date_gmt":"2026-04-01T12:39:58","guid":{"rendered":"http:\/\/f8a0a0a154df3be4dfc78e79e25dff41"},"modified":"2026-04-01T12:39:58","modified_gmt":"2026-04-01T12:39:58","slug":"milei-recibe-a-adorni-en-olivos-en-medio-de-versiones-de-renuncia","status":"publish","type":"post","link":"https:\/\/latecordoba.com\/index.php\/2026\/04\/01\/milei-recibe-a-adorni-en-olivos-en-medio-de-versiones-de-renuncia\/","title":{"rendered":"Milei recibe a Adorni en Olivos en medio de versiones de renuncia"},"content":{"rendered":"\n<div class=\"media_block\"><img decoding=\"async\" src=\"http:\/\/latecordoba.com\/wp-content\/uploads\/2026\/04\/milei-recibe-a-adorni-en-olivos-en-medio-de-versiones-de-renuncia.jpg\"><\/div>\n<p>Javier Milei convoc\u00f3 a Manuel Adorni a la Quinta de Olivos en medio de fuertes rumores sobre su posible salida de la Jefatura de Gabinete por los esc\u00e1ndalos sobre viajes de lujo y propiedades no declaradas.<\/p>\n<p>El jefe de Gabinete <a href=\"https:\/\/www.lapoliticaonline.com\/politica\/adorni-suspendio-la-conferencia-de-prensa-por-temor-a-otro-papelon\/\" target=\"_blank\" rel=\"noopener\">tuvo que suspender la conferencia de prensa<\/a> prevista para este mi\u00e9rcoles para no hacer un papel\u00f3n como la semana pasada y luego fue citado por el presidente a una &#8220;reuni\u00f3n de trabajo&#8221;.<\/p>\n<p>Las versiones sobre la inminente salida de Adorni crecieron muy fuerte desde el martes a la tarde. Desde el entorno del jefe de Gabinete desmintieron a LPO los rumores y negaron que Milei lo haya invitado a Olivos para avisarle que lo echa. &#8220;Fake&#8221;, afirmaron con la displicencia habitual.<\/p>\n<p><a href=\"https:\/\/www.lapoliticaonline.com\/tools\/redirect.php?t=3&amp;i=342453&amp;s=424128cb3cf533d12836d2b835fdb53d\" class=\"link-type-content content-type-noticia-ar\">Karina borr\u00f3 a Adorni del festejo de su cumplea\u00f1os con Granaderos, molesta por el nuevo esc\u00e1ndalo del departamento<\/a><\/p>\n<p>Pero los rumores vuelan en la Casa Rosada. Se menciona como posibles reemplazantes a Mart\u00edn Menem y Federico Sturzenegger. Antes, como anticip\u00f3 LPO, le ofrecieron el cargo a Toto Caputo, que lo rechaz\u00f3. Pero nada es f\u00e1cil. El pase de Menem y su reemplazo en la presidencia de Diputados por Sebasti\u00e1n Pareja no termina de convencer a los riojanos. Y Sturzenegger al mando del Presupuesto nacional podr\u00eda agravar la dur\u00edsima interna que mantiene hace meses con Toto Caputo. Pr\u00e1cticamente no se hablan.<\/p>\n<p class=\"authorquote\">Para disminuir el escarnio de un despido en medio de esc\u00e1ndalos de corrupci\u00f3n, Javier y Karina Milei analizan presentar el despido de Adorni dentro de una &#8220;reestructuraci\u00f3n&#8221; del gabinete que incluir\u00eda la salida de alg\u00fan otro ministro como Mario Lugones, el caputista que controla Salud.&nbsp;<\/p>\n<p>Para disminuir el escarnio de un despido en medio de esc\u00e1ndalos de corrupci\u00f3n,&nbsp;Javier y Karina Milei analizan presentar el despido de Adorni dentro de una &#8220;reestructuraci\u00f3n&#8221; del gabinete que incluir\u00eda la salida de alg\u00fan otro ministro.&nbsp;<\/p>\n<p>Uno de los mencionados para acompa\u00f1ar a Adorni en la salida del gabinete es el ministro de Salud, Mario Lugones,&nbsp; que responde a Santiago Caputo. Lugones est\u00e1 asediado por sus propios esc\u00e1ndalos de corrupci\u00f3n como las <a href=\"https:\/\/www.lapoliticaonline.com\/tools\/redirect.php?t=3&amp;i=342141&amp;s=fef560e916d893a491983d2d7776fa87\">coimas de la Andis y el Pami<\/a>, entre otros. Con la toma de control de Salud, Karina compensar\u00eda un poco la salida de un hombre de su c\u00edrculo de confianza como el jefe de Gabinete.<\/p>\n<figure class=\"vsmimage\" contenteditable=\"false\"><img decoding=\"async\" loading=\"lazy\" alt data-vsmid=\"283579\" data-owidth=\"1280\" data-oheight=\"1060\" src=\"data:image\/png;base64,iVBORw0KGgoAAAANSUhEUgAAAx4AAAKOAQMAAAAS5V2KAAAAA1BMVEUAAACnej3aAAAAAXRSTlMAQObYZgAAAFZJREFUeJztwQENAAAAwqD3T+3sARQAAAAAAAAAAAAAAAAAAAAAAAAAAAAAAAAAAAAAAAAAAAAAAAAAAAAAAAAAAAAAAAAAAAAAAAAAAAAAAAAAAADADQIVAAHNj0kiAAAAAElFTkSuQmCC\" vsmidos=\"1\" vsmsrc=\"\/files\/image\/283\/283579\/69cb11e9bd56e_798_654!.jpg?s=1ac4e825465746bc74149607c303f5ae&amp;d=1775049375\" width=\"798\" height=\"654\" contenteditable=\"false\"><\/figure>\n<p>Hasta ahora Adorni viene siendo sostenido por Karina, pero en el gobierno remarcan que los \u00faltimos gestos de la Secretaria General de la Presidencia dan a entender que el apoyo ya no es tal. La hermana presidencial no fue la semana pasada a la conferencia y el lunes no invit\u00f3 al jefe de Gabinete a <a href=\"https:\/\/www.lapoliticaonline.com\/politica\/karina-borro-a-adorni-del-festejo-de-su-cumpleanos-molesta-por-el-nuevo-escandalo-del-departamento-4391\/\" target=\"_blank\" rel=\"noopener\">su festejo de cumplea\u00f1os con los Granaderos<\/a>.<\/p>\n<p class=\"authorquote\">Otra versi\u00f3n indica que para disminuir el escarmiento de un despido en medio de esc\u00e1ndalos, Javier y Karina Milei estar\u00edan analizando presentar el despido de Adorni dentro de una &#8220;reestructuraci\u00f3n&#8221; del gabinete que incluir\u00eda la salida de alg\u00fan otro ministro<\/p>\n<p>LPO cont\u00f3 la semana pasada que en el entorno de Karina hab\u00eda temor a que apareciera <a href=\"https:\/\/www.lapoliticaonline.com\/politica\/en-el-entorno-de-karina-ya-desconfian-de-adorni-tenemos-miedo-que-aparezca-mas-mugre\/\" target=\"_blank\" rel=\"noopener\">&#8220;m\u00e1s mugre&#8221;<\/a> sobre Adorni y que no aceptar\u00edan un esc\u00e1ndalo m\u00e1s. Ese esc\u00e1ndalo explot\u00f3 este lunes cuando se supo que el jefe de Gabinete compr\u00f3 el departamento de Caballito con un pr\u00e9stamo de 200 mil d\u00f3lares de dos jubiladas. El problema es que la se\u00f1oras dijeron que no lo conocen. Como si fuera poco, una versi\u00f3n indica que aparecer\u00edan m\u00e1s vuelos privados.<\/p>\n<p>La sucesi\u00f3n de esc\u00e1ndalos de Adorni est\u00e1 afectando seriamente la imagen del gobierno en las encuestas, raz\u00f3n por la que en el gobierno dicen que no resistir\u00e1 mucho m\u00e1s. El periodista Manu Jove cont\u00f3 en Blender que una encuesta de Opina Argentina midi\u00f3 una ca\u00edda de 20 puntos de la imagen del jefe de Gabinete y el 70% cree que es un corrupto.<\/p>\n<p>Un tema muy sensible que tambi\u00e9n sostiene a Adorni es su estrecha vinculaci\u00f3n con la trama de Libra ya que fue una pieza clave del TechForum, la g\u00e9nesis del acuerdo de Milei con los &#8220;empresarios&#8221; cripto. Cerca de Karina no quieren otro cabo suelto como <a href=\"https:\/\/www.lapoliticaonline.com\/judiciales\/novelli-y-terrones-godoy-rompen-la-estrategia-de-defensa-unificada-con-el-gobierno-y-amenazan-con-hablar-1347\/\" target=\"_blank\" rel=\"noopener\">amenazan en convertirse Mauricio Novelli y Manuel Terrones Godoy<\/a>.<\/p>\n","protected":false},"excerpt":{"rendered":"\n<div class=\"media_block\"><img decoding=\"async\" src=\"http:\/\/latecordoba.com\/wp-content\/uploads\/2026\/04\/milei-recibe-a-adorni-en-olivos-en-medio-de-versiones-de-renuncia.jpg\"><\/div>\n<p>En el entorno del jefe de gabinete niegan su salida, pero ya mencionan a Mart\u00edn Menem o Sturzenegger como reemplazo. Toto Caputo rechaz\u00f3 el cargo. Hablan de disimular el despido de Adorni en una &#8220;reestructuraci\u00f3n&#8221; del gabinete.  <\/p>\n","protected":false},"author":1,"featured_media":41133,"comment_status":"closed","ping_status":"closed","sticky":false,"template":"","format":"standard","meta":[],"categories":[18],"tags":[],"_links":{"self":[{"href":"https:\/\/latecordoba.com\/index.php\/wp-json\/wp\/v2\/posts\/41132"}],"collection":[{"href":"https:\/\/latecordoba.com\/index.php\/wp-json\/wp\/v2\/posts"}],"about":[{"href":"https:\/\/latecordoba.com\/index.php\/wp-json\/wp\/v2\/types\/post"}],"author":[{"embeddable":true,"href":"https:\/\/latecordoba.com\/index.php\/wp-json\/wp\/v2\/users\/1"}],"replies":[{"embeddable":true,"href":"https:\/\/latecordoba.com\/index.php\/wp-json\/wp\/v2\/comments?post=41132"}],"version-history":[{"count":0,"href":"https:\/\/latecordoba.com\/index.php\/wp-json\/wp\/v2\/posts\/41132\/revisions"}],"wp:featuredmedia":[{"embeddable":true,"href":"https:\/\/latecordoba.com\/index.php\/wp-json\/wp\/v2\/media\/41133"}],"wp:attachment":[{"href":"https:\/\/latecordoba.com\/index.php\/wp-json\/wp\/v2\/media?parent=41132"}],"wp:term":[{"taxonomy":"category","embeddable":true,"href":"https:\/\/latecordoba.com\/index.php\/wp-json\/wp\/v2\/categories?post=41132"},{"taxonomy":"post_tag","embeddable":true,"href":"https:\/\/latecordoba.com\/index.php\/wp-json\/wp\/v2\/tags?post=41132"}],"curies":[{"name":"wp","href":"https:\/\/api.w.org\/{rel}","templated":true}]}}