{"id":41128,"date":"2026-03-31T22:10:16","date_gmt":"2026-03-31T22:10:16","guid":{"rendered":"https:\/\/www.diariocronica.com.ar\/noticias\/2026\/03\/31\/136362-senmei-yagi-visito-comodoro-y-tomo-examenes"},"modified":"2026-03-31T22:10:16","modified_gmt":"2026-03-31T22:10:16","slug":"senmei-yagi-visito-comodoro-y-tomo-examenes","status":"publish","type":"post","link":"https:\/\/latecordoba.com\/index.php\/2026\/03\/31\/senmei-yagi-visito-comodoro-y-tomo-examenes\/","title":{"rendered":"Senmei Yagi visit\u00f3 Comodoro y tom\u00f3 ex\u00e1menes"},"content":{"rendered":"\n<div class=\"media_block\"><a href=\"http:\/\/latecordoba.com\/wp-content\/uploads\/2026\/03\/senmei-yagi-visito-comodoro-y-tomo-examenes.webp\"><img decoding=\"async\" src=\"http:\/\/latecordoba.com\/wp-content\/uploads\/2026\/03\/senmei-yagi-visito-comodoro-y-tomo-examenes.webp\" class=\"media_thumbnail\"><\/a><\/div>\n<p>La Escuela de Karate Do Uechi Ryu Kenyukai a cargo del comodorense Patricio Barr\u00eda (3\u00ba Dan) gradu\u00f3 el pesado fin de semana a varios de sus alumnos, pero tambi\u00e9n tuvo el acompa\u00f1amiento y la grata visita del sensei Senmei Yagi quien arrib\u00f3 de Buenos Aires. Fue un momento de mucha pr\u00e1ctica, capacitaci\u00f3n y de examinar practicantes junto al profesor Yagi.<\/p>\n<p>El Dojo Ryukyu de Patricio Barr\u00eda, recibi\u00f3 la visita de Senmei Yagi en Comodoro Rivadavia, quien brind\u00f3 una capacitaci\u00f3n y tom\u00f3 ex\u00e1menes de la disciplina. <\/p>\n<div readability=\"84\">\n<p>&nbsp;\u201cMuchas gracias a todos los practicantes de Uechi Ryu Kenyukai Comodoro Rivadavia, por todo el esfuerzo en la pr\u00e1ctica de karate Do, con firmeza seriedad y responsabilidad\u201d, asegura Patricio Barr\u00eda.<\/p>\n<p>&nbsp;El integrante del Dojo Ryukyu, Patricio Barr\u00eda, tambi\u00e9n coment\u00f3 a <strong>Cr\u00f3nica<\/strong> sobre la visita de Senmei Yagi. \u201cSensei vino a dar clases de perfecci\u00f3n, atraer cosas nuevas y a tomar examen. Fueron tres d\u00edas de clase duras, de entre 5 y 7 horas de entrenamiento. Todo se realiz\u00f3 en un espacio cedido por el Club Constructores (UOCRA), los d\u00edas 27, 28, 29 de marzo. Tambi\u00e9n contamos con la presencia del&nbsp; sensei Julio Schankula de Kenyukai, sede Diadema\u201d.<\/p>\n<p><img decoding=\"async\" src=\"http:\/\/latecordoba.com\/wp-content\/uploads\/2026\/03\/senmei-yagi-visito-comodoro-y-tomo-examenes-1.webp\" alt width=\"1200\" height=\"902\" loading=\"lazy\"><\/p>\n<p>&nbsp;Vale acotar que sensei Senmei Yagi tiene la graduaci\u00f3n de 6\u00ba Dan y es uno de los representantes junto con sensei Rogelio Lera de Kenyukai Argentina. \u201cNuestra sede central se encuentra en Okinawa (Jap\u00f3n), el referente a nivel mundial el kaichou Kyohide Shinjo 10\u00ba Dan, presidente de Kenyukai Internacional. Tambi\u00e9n quiero expresar nuestro especial agradecimiento al Club Constructores por brindar siempre el apoyo al deporte\u201d, expresa Patricio Barr\u00eda.<\/p>\n<p>&nbsp;Mientras tanto, las clases de karate contin\u00faan en km 8, los d\u00edas martes y jueves de 21.00 a 22.00 en el gimnasio Pylyp\u2019z, para diferentes edades, donde todos los interesados pueden realizar consultas en forma personal.<\/p>\n<p><strong>Se recibieron:<\/strong><\/p>\n<p>-Zamira Carrizo y Diego Soto&nbsp; (1\u00ba dan).<\/p>\n<p>Tambi\u00e9n rindieron: Tob\u00edas Carrizo (celeste), Alexander Silva (celeste), Jazm\u00edn Delgadillo (amarillo), Lucas Sabater (amarillo), Denise Saldivar (naranja), Zao Nahuelquir (naranja), Nicol\u00e1s Garrido (naranja), Umma Evans (verde), Waldo Cevallo (verde), Marcos Saldivar (verde), Agust\u00edn Marcial (verde), Brayan Mu\u00f1oz (azul ) y M\u00e1ximo D\u00edaz (marr\u00f3n).<\/p>\n<\/p><\/div>\n","protected":false},"excerpt":{"rendered":"\n<div class=\"media_block\"><a href=\"http:\/\/latecordoba.com\/wp-content\/uploads\/2026\/03\/senmei-yagi-visito-comodoro-y-tomo-examenes.webp\"><img decoding=\"async\" src=\"http:\/\/latecordoba.com\/wp-content\/uploads\/2026\/03\/senmei-yagi-visito-comodoro-y-tomo-examenes.webp\" class=\"media_thumbnail\"><\/a><\/div>\n<p>La Escuela de Karate Do Uechi Ryu Kenyukai a cargo del comodorense Patricio Barr\u00eda (3\u00ba Dan) gradu\u00f3 el pesado fin de semana a varios de sus alumnos, pero tambi\u00e9n tuvo el acompa\u00f1amiento y la grata visita del sensei Senmei Yagi quien arrib\u00f3 de Buenos Aires. Fue un momento de mucha pr\u00e1ctica, capacitaci\u00f3n y de examinar practicantes junto al profesor Yagi.  <\/p>\n","protected":false},"author":1,"featured_media":41129,"comment_status":"closed","ping_status":"closed","sticky":false,"template":"","format":"standard","meta":[],"categories":[17],"tags":[],"_links":{"self":[{"href":"https:\/\/latecordoba.com\/index.php\/wp-json\/wp\/v2\/posts\/41128"}],"collection":[{"href":"https:\/\/latecordoba.com\/index.php\/wp-json\/wp\/v2\/posts"}],"about":[{"href":"https:\/\/latecordoba.com\/index.php\/wp-json\/wp\/v2\/types\/post"}],"author":[{"embeddable":true,"href":"https:\/\/latecordoba.com\/index.php\/wp-json\/wp\/v2\/users\/1"}],"replies":[{"embeddable":true,"href":"https:\/\/latecordoba.com\/index.php\/wp-json\/wp\/v2\/comments?post=41128"}],"version-history":[{"count":0,"href":"https:\/\/latecordoba.com\/index.php\/wp-json\/wp\/v2\/posts\/41128\/revisions"}],"wp:featuredmedia":[{"embeddable":true,"href":"https:\/\/latecordoba.com\/index.php\/wp-json\/wp\/v2\/media\/41129"}],"wp:attachment":[{"href":"https:\/\/latecordoba.com\/index.php\/wp-json\/wp\/v2\/media?parent=41128"}],"wp:term":[{"taxonomy":"category","embeddable":true,"href":"https:\/\/latecordoba.com\/index.php\/wp-json\/wp\/v2\/categories?post=41128"},{"taxonomy":"post_tag","embeddable":true,"href":"https:\/\/latecordoba.com\/index.php\/wp-json\/wp\/v2\/tags?post=41128"}],"curies":[{"name":"wp","href":"https:\/\/api.w.org\/{rel}","templated":true}]}}