{"id":41124,"date":"2026-03-31T14:14:00","date_gmt":"2026-03-31T14:14:00","guid":{"rendered":"https:\/\/www.iprofesional.com\/negocios\/451390-los-werthein-lanzan-telefonia-movil-en-brasil-y-apuntan-a-32-millones-de-clientes"},"modified":"2026-03-31T14:14:00","modified_gmt":"2026-03-31T14:14:00","slug":"los-werthein-apuestan-al-negocio-movil-en-brasil-con-32-millones-de-usuarios-como-base","status":"publish","type":"post","link":"https:\/\/latecordoba.com\/index.php\/2026\/03\/31\/los-werthein-apuestan-al-negocio-movil-en-brasil-con-32-millones-de-usuarios-como-base\/","title":{"rendered":"Los Werthein apuestan al negocio m\u00f3vil en Brasil con 3,2 millones de usuarios como base"},"content":{"rendered":"\n<div class=\"media_block\"><img decoding=\"async\" src=\"http:\/\/latecordoba.com\/wp-content\/uploads\/2026\/03\/los-werthein-apuestan-al-negocio-movil-en-brasil-con-32-millones-de-usuarios-como-base.jpg\"><\/div>\n<div id>\n<p> Los Werthein avanzan en Brasil con telefon\u00eda m\u00f3vil y completan su oferta convergente, sumando servicios 4G y 5G a su negocio de TV e internet <\/p>\n<p><strong>31\/03\/2026<\/strong> &#8211; 11:14hs<\/p>\n<div class=\"image-container img-wide padding-b\"> <picture><source type=\"image\/webp\" media=\"(max-width: 642px)\" srcset=\"http:\/\/latecordoba.com\/wp-content\/uploads\/2026\/03\/los-werthein-apuestan-al-negocio-movil-en-brasil-con-32-millones-de-usuarios-como-base-1.webp 384w, http:\/\/latecordoba.com\/wp-content\/uploads\/2026\/03\/los-werthein-apuestan-al-negocio-movil-en-brasil-con-32-millones-de-usuarios-como-base-2.webp 512w, https:\/\/resizer.iproimg.com\/unsafe\/640x\/filters:format(webp):quality(75):max_bytes(102400)\/https:\/\/assets.iprofesional.com\/assets\/jpg\/2026\/03\/614321.jpg 640w\" sizes=\"100vw\"><source type=\"image\/webp\" media=\"(min-width: 642.01px) and (max-width: 1270px)\" srcset=\"https:\/\/resizer.iproimg.com\/unsafe\/614x\/filters:format(webp):quality(75):max_bytes(102400)\/https:\/\/assets.iprofesional.com\/assets\/jpg\/2026\/03\/614321.jpg 614w\" sizes=\"614px\"><source type=\"image\/webp\" media=\"(min-width: 1270.01px) and (max-width: 1898px)\" srcset=\"https:\/\/resizer.iproimg.com\/unsafe\/928x\/filters:format(webp):quality(75):max_bytes(102400)\/https:\/\/assets.iprofesional.com\/assets\/jpg\/2026\/03\/614321.jpg 928w\" sizes=\"928px\"><source type=\"image\/webp\" media=\"(min-width: 1898.01px)\" srcset=\"https:\/\/resizer.iproimg.com\/unsafe\/1270x\/filters:format(webp):quality(75):max_bytes(102400)\/https:\/\/assets.iprofesional.com\/assets\/jpg\/2026\/03\/614321.jpg 1270w\" sizes=\"1270px\"><img loading=\"lazy\" decoding=\"async\" src=\"http:\/\/latecordoba.com\/wp-content\/uploads\/2026\/03\/los-werthein-apuestan-al-negocio-movil-en-brasil-con-32-millones-de-usuarios-como-base.webp\" sizes=\"100vw\" class alt=\"Los Werthein entran al negocio m\u00f3vil en Brasil y apuntan a una base de 3,2 millones de clientes\" width=\"768\" height=\"432\" fetchpriority=\"high\"> <\/picture> <\/div>\n<\/p><\/div>\n<div readability=\"99.948051948052\">\n<p>Los <strong>Werthein<\/strong> dan un paso m\u00e1s en Brasil para brindar una oferta de servicios convergentes. La compa\u00f1\u00eda comenzar\u00e1 a brindar servicios como <strong>Operador M\u00f3vil Virtual<\/strong> (MVNO, por sus siglas en ingl\u00e9s) a partir del pr\u00f3ximo <strong>6 de abri<\/strong>l. Lo har\u00e1 primero con sus clientes de TV paga y, luego, lo ampliar\u00e1 a otras unidades de negocios. Es el paso que le faltaba para integrar sus servicios de <strong>televisi\u00f3n<\/strong>, <strong><a href=\"https:\/\/www.iprofesional.com\/tecnologia\/448070-el-gobierno-abre-la-billetera-para-blindar-la-conectividad-en-los-barrios-populares\" target=\"_blank\" title=\"El Gobierno abre la billetera para blindar la conectividad en los barrios populares\" rel=\"noopener noreferrer\">conectividad<\/a> fija<\/strong> y, ahora, <strong>servicios m\u00f3viles.<\/strong><\/p>\n<p>La iniciativa apunta, en una primera etapa, a los usuarios actuales de <a href=\"https:\/\/www.iprofesional.com\/tecnologia\/448996-como-ver-tv-por-cable-gratis-en-2026\" target=\"_blank\" title=\"C\u00f3mo ver TV por cable GRATIS en 2026\" rel=\"noopener noreferrer\">TV paga,<\/a> para luego extenderse progresivamente a otras l\u00edneas de negocio del grupo.<\/p>\n<h2>Sky M\u00f3vil inicia operaciones en Brasil con foco en clientes de TV paga<\/h2>\n<p>Bajo la marca<strong> Sky M\u00f3vil<\/strong>, que forma parte del holding <strong>Waiken ILW<\/strong>, la compa\u00f1\u00eda comenzar\u00e1 sus operaciones en <strong>San Pablo y R\u00edo de Janeiro.<\/strong> <span>El foco inicial estar\u00e1 puesto en los clientes pospago de televisi\u00f3n de Sky, que se posiciona como el segundo mayor proveedor de TV paga en Brasil, con una base cercana a los <strong>3,2 millones de abonados.<\/strong><\/span><\/p>\n<p>A lo largo de abril, la propuesta se extender\u00e1 a clientes de banda ancha de Zaas y a nuevos abonados de TV, mientras que el lanzamiento masivo se concretar\u00e1 en mayo.<\/p>\n<h2>Planes, red y estrategia comercial<\/h2>\n<p>Para ofrecer conectividad <strong>4G y 5G<\/strong>, <span>la empresa sell\u00f3 un acuerdo con <strong>Surf Telecom<\/strong>, uno de los principales proveedores de infraestructura m\u00f3vil en el pa\u00eds. La propuesta incluir\u00e1 distintos planes de datos que parten de 6 gigas y escalan a <strong>15, 30 y 50 gigas<\/strong>, con valores que ir\u00e1n <strong>desde 29,9 hasta 89,9 reales (17 d\u00f3lares, aproximadamente).<\/strong><\/span><\/p>\n<p>En un mercado de gran escala, con alrededor de <strong>270 millones de <a href=\"https:\/\/www.iprofesional.com\/servicios\/447190-ni-claro-ni-personal-cual-es-empresa-celular-mas-barata-argentina-2026\" target=\"_blank\" title=\"Ni Claro ni Personal: cu\u00e1l es la compa\u00f1\u00eda de celular m\u00e1s barata de Argentina en 2026\" rel=\"noopener noreferrer\">l\u00edneas m\u00f3viles<\/a><\/strong><a href=\"https:\/\/www.iprofesional.com\/servicios\/447190-ni-claro-ni-personal-cual-es-empresa-celular-mas-barata-argentina-2026\" target=\"_blank\" title=\"Ni Claro ni Personal: cu\u00e1l es la compa\u00f1\u00eda de celular m\u00e1s barata de Argentina en 2026\" rel=\"noopener noreferrer\">,<\/a> la compa\u00f1\u00eda buscar\u00e1 ganar participaci\u00f3n apoy\u00e1ndose en la portabilidad num\u00e9rica. La apuesta central ser\u00e1 simplificar la experiencia del usuario mediante la unificaci\u00f3n de servicios en una sola plataforma y factura.<\/p>\n<p>El movimiento en Brasil no es aislado. En agosto del a\u00f1o pasado, el grupo ya hab\u00eda lanzado <strong>DirecTV M\u00f3vil en Colombia<\/strong>, siguiendo un esquema similar de despliegue gradual, comenzando por su base de clientes. Aunque no trascendieron cifras sobre su desempe\u00f1o, la empresa adelant\u00f3 que planea replicar este formato en otros mercados de la regi\u00f3n donde tiene presencia.<\/p>\n<h2>Alianzas y foco en la convergencia<\/h2>\n<p>La expansi\u00f3n se da en el marco de una estrategia m\u00e1s amplia que tom\u00f3 impulso tras la adquisici\u00f3n de <strong>Vrio<\/strong>, la filial regional de DirecTV. El objetivo es consolidarse como un operador convergente, capaz de ofrecer soluciones tanto para hogares como para empresas.<\/p>\n<p><span>En ese camino, Waiken ILW cerr\u00f3 recientemente un acuerdo con <strong>Amazon <\/strong>para desarrollar <a href=\"https:\/\/www.iprofesional.com\/tecnologia\/450948-starlink-mini-vs-internet-tradicional-cual-conviene-hoy\" target=\"_blank\" title=\"Starlink Mini vs. internet tradicional: cu\u00e1l conviene hoy\" rel=\"noopener noreferrer\">conectividad satelital<\/a> LEO orientada al segmento corporativo.<\/span> Adem\u00e1s, Vrio ser\u00e1 el encargado de distribuir estos servicios en Am\u00e9rica Latina una vez que est\u00e9n disponibles, lo que se espera para los primeros meses de 2026.<\/p>\n<\/p><\/div>\n","protected":false},"excerpt":{"rendered":"\n<div class=\"media_block\"><img decoding=\"async\" src=\"http:\/\/latecordoba.com\/wp-content\/uploads\/2026\/03\/los-werthein-apuestan-al-negocio-movil-en-brasil-con-32-millones-de-usuarios-como-base.jpg\"><\/div>\n<p> Los Werthein avanzan en Brasil con telefon\u00eda m\u00f3vil y completan su oferta convergente, sumando servicios 4G y 5G a su negocio de TV e internet <iframe width=\"0\" height=\"0\" border=\"0\"> <script> (function(i,s,o,g,r,a,m){i['GoogleAnalyticsObject']=r;i[r]=i[r]||function(){ (i[r].q=i[r].q||[]).push(arguments)},i[r].l=1*new Date();a=s.createElement(o), m=s.getElementsByTagName(o)[0];a.async=1;a.src=g;m.parentNode.insertBefore(a,m) })(window,document,'script','https:\/\/www.google-analytics.com\/analytics.js','ga'); ga('create', 'GTM-5LW5KQD', 'auto'); ga('require', 'displayfeatures'); ga('set', 'campaignSource', 'RSS Client for iProfesional'); ga('set', 'campaignMedium', 'RSS Client for iProfesional'); ga('set', {\"dataSource\": \"rss.atom.iprofesional.com\"}); ga('set', {\"referrer\": \"rss.atom.iprofesional.com\"}); ga('set', 'title', 'RSS Client for iProfesional'); ga('send', 'pageview'); <\/script> <!-- Begin comScore Tag --> <script> var _comscore = _comscore || []; _comscore.push({ c1: \"2\", c2: \"16597048\" }); (function() { var s = document.createElement(\"script\"), el = document.getElementsByTagName(\"script\")[0]; s.async = true; s.src = \"https:\/\/sb.scorecardresearch.com\/cs\/16597048\/beacon.js\"; el.parentNode.insertBefore(s, el); })(); <\/script> <noscript> <img decoding=\"async\" src=\"http:\/\/latecordoba.com\/wp-content\/uploads\/2026\/03\/los-werthein-apuestan-al-negocio-movil-en-brasil-con-32-millones-de-usuarios-como-base.gif\"> <\/noscript> <!-- End comScore Tag --> <\/iframe> <iframe border=\"0px\" style=\"display: none\" width=0 height=0 src=\"https:\/\/www.iprofesional.com\/ga4.html?gtag_id=G-N13KWJP8BK&amp;title=Los Werthein apuestan al negocio m\u00f3vil en Brasil con 3,2 millones de usuarios como base&amp;location=https:\/\/www.iprofesional.com\/negocios\/451390-los-werthein-lanzan-telefonia-movil-en-brasil-y-apuntan-a-32-millones-de-clientes&amp;referrer=rss.atom.iprofesional.com&amp;ci=RSS Client for iProfesional&amp;cs=RSS Client for iProfesional&amp;cm=RSS&amp;cn=RSS Client for iProfesional&amp;cc=RSS Client for iProfesional\"><\/iframe>  <\/p>\n","protected":false},"author":1,"featured_media":41125,"comment_status":"open","ping_status":"closed","sticky":false,"template":"","format":"standard","meta":[],"categories":[13],"tags":[],"_links":{"self":[{"href":"https:\/\/latecordoba.com\/index.php\/wp-json\/wp\/v2\/posts\/41124"}],"collection":[{"href":"https:\/\/latecordoba.com\/index.php\/wp-json\/wp\/v2\/posts"}],"about":[{"href":"https:\/\/latecordoba.com\/index.php\/wp-json\/wp\/v2\/types\/post"}],"author":[{"embeddable":true,"href":"https:\/\/latecordoba.com\/index.php\/wp-json\/wp\/v2\/users\/1"}],"replies":[{"embeddable":true,"href":"https:\/\/latecordoba.com\/index.php\/wp-json\/wp\/v2\/comments?post=41124"}],"version-history":[{"count":0,"href":"https:\/\/latecordoba.com\/index.php\/wp-json\/wp\/v2\/posts\/41124\/revisions"}],"wp:featuredmedia":[{"embeddable":true,"href":"https:\/\/latecordoba.com\/index.php\/wp-json\/wp\/v2\/media\/41125"}],"wp:attachment":[{"href":"https:\/\/latecordoba.com\/index.php\/wp-json\/wp\/v2\/media?parent=41124"}],"wp:term":[{"taxonomy":"category","embeddable":true,"href":"https:\/\/latecordoba.com\/index.php\/wp-json\/wp\/v2\/categories?post=41124"},{"taxonomy":"post_tag","embeddable":true,"href":"https:\/\/latecordoba.com\/index.php\/wp-json\/wp\/v2\/tags?post=41124"}],"curies":[{"name":"wp","href":"https:\/\/api.w.org\/{rel}","templated":true}]}}