{"id":41120,"date":"2026-03-31T21:13:00","date_gmt":"2026-03-31T21:13:00","guid":{"rendered":"https:\/\/www.iprofesional.com\/finanzas\/451434-banco-central-cerro-marzo-2025-con-compras-record-y-acumulo-4400-millones-dolares-en-primer-trimestre"},"modified":"2026-03-31T21:13:00","modified_gmt":"2026-03-31T21:13:00","slug":"el-bcra-cerro-marzo-con-fuertes-compras-y-acumulo-casi-us4-400-millones-en-el-primer-trimestre","status":"publish","type":"post","link":"https:\/\/latecordoba.com\/index.php\/2026\/03\/31\/el-bcra-cerro-marzo-con-fuertes-compras-y-acumulo-casi-us4-400-millones-en-el-primer-trimestre\/","title":{"rendered":"El BCRA cerr\u00f3 marzo con fuertes compras y acumul\u00f3 casi u$s4.400 millones en el primer trimestre"},"content":{"rendered":"\n<div class=\"media_block\"><img decoding=\"async\" src=\"http:\/\/latecordoba.com\/wp-content\/uploads\/2026\/03\/el-bcra-cerro-marzo-con-fuertes-compras-y-acumulo-casi-us4-400-millones-en-el-primer-trimestre.jpg\"><\/div>\n<div><img decoding=\"async\" src=\"http:\/\/latecordoba.com\/wp-content\/uploads\/2026\/03\/el-bcra-cerro-marzo-con-fuertes-compras-y-acumulo-casi-us4-400-millones-en-el-primer-trimestre.webp\" class=\"ff-og-image-inserted\"><\/div>\n<p>El <a href=\"https:\/\/www.iprofesional.com\/economia\/451342-banco-central-argentina-anoto-la-segunda-mayor-compra-de-dolares-en-ano-pero-reservas-cayeron\" target=\"_blank\" rel=\"noopener noreferrer\">Banco Central cerr\u00f3 marzo con otro d\u00eda de <strong>compras netas por u$s140 millones<\/strong> <\/a>en el mercado oficial de cambios. Ese cierre coron\u00f3 un mes excepcional para la entidad que conduce Santiago Bausili.<\/p>\n<p>El <strong>BCRA <\/strong>sum\u00f3 <a href=\"https:\/\/www.iprofesional.com\/finanzas\/425437-banco-central-argentina-vendio-marzo-2025-1156-millones-dolares-peor-resultado-ultimos-dos-anos\" target=\"_blank\" rel=\"noopener noreferrer\"><strong>u$s1.671 millones en marzo<\/strong><\/a>, la segunda mayor adquisici\u00f3n mensual de su historia.<strong> Solo qued\u00f3 por debajo del r\u00e9cord absoluto de u$s2.882 millones registrado en marzo de 2024.<\/strong><\/p>\n<p>Ese pico se explic\u00f3 por condiciones extraordinarias.&nbsp;<span>En esos d\u00edas, el pago de importaciones a\u00fan estaba cuotificado tras haber sido suspendido en diciembre por falta de divisas, lo que <strong>redujo dr\u00e1sticamente la demanda de d\u00f3lares<\/strong> y facilit\u00f3 las compras del Central.<\/span><\/p>\n<p>El resultado del mes dej\u00f3 atr\u00e1s otros hitos hist\u00f3ricos.<strong> Super\u00f3 los u$s1.628 millones de marzo de 2007 y los u$s1.564 millones de marzo de 2012.<\/strong><\/p>\n<h2>Un trimestre de adquisiciones masivas que cumple casi la mitad de la meta anual<\/h2>\n<p>Las compras de marzo llevaron al BCRA a acumular <strong>u$s4.386 millones en el primer trimestre<\/strong>. Es una cifra muy elevada, aunque inferior a los u$s8.512 millones que la entidad logr\u00f3 entre enero y marzo de 2024.<\/p>\n<p>Ese r\u00e9cord trimestral ocurri\u00f3 en los primeros meses de la gesti\u00f3n de Javier Milei. Por entonces, el tipo de cambio era mucho m\u00e1s alto y los pagos de importaciones segu\u00edan reprogramados.<\/p>\n<p>El total acumulado en estos tres meses representa <strong>casi el 44% de la meta m\u00ednima anual<\/strong> que el BCRA se fij\u00f3 a fines del a\u00f1o pasado. Esa meta apunta a sumar u$s10.000 millones durante el a\u00f1o.<\/p>\n<p>A su vez, equivale al 25,8% de la meta m\u00e1xima, estipulada en u$s17.000 millones. <span>El programa de compras del Central busca <strong>remonetizar la econom\u00eda argentina<\/strong>, aunque ese objetivo a\u00fan no se ha cumplido.<\/span><\/p>\n<h2>El problema de las reservas netas que siguen en rojo pese a las compras r\u00e9cord<\/h2>\n<p>El ingreso sostenido de divisas mejor\u00f3 la posici\u00f3n del BCRA. La entidad gan\u00f3 poder de fuego para intervenir en el mercado cambiario y defender el tipo de cambio oficial.<\/p>\n<p>Sin embargo, esas compras masivas no alcanzaron para sacar a las <a href=\"https:\/\/www.iprofesional.com\/finanzas\/450915-por-que-el-bcra-tiene-reservas-en-rojo-pese-a-impresionante-racha-comprando-dolares\" target=\"_blank\" rel=\"noopener noreferrer\"><strong>reservas netas del terreno negativo<\/strong><\/a>. El BCRA solo pudo retener el 30% de lo que adquiri\u00f3 hasta aqu\u00ed.<\/p>\n<p>\u00bfPor qu\u00e9? En enero y febrero, el Central debi\u00f3 vender parte de esas divisas al Tesoro. El gobierno las necesitaba para realizar pagos de deuda externa.<\/p>\n<p>Lo acumulado tampoco resulta suficiente para cumplir con la meta pactada con el Fondo Monetario Internacional. Esa meta, ya revisada en dos oportunidades, est\u00e1 fijada en -u$s3.100 millones.<\/p>\n<p>Hasta el momento, no hubo comunicaci\u00f3n oficial sobre una nueva revisi\u00f3n. Mientras tanto, sigue pendiente la aprobaci\u00f3n de la revisi\u00f3n y el <strong>desembolso de u$s1.000 millones<\/strong> del organismo internacional.<\/p>\n<h2>C\u00f3mo oper\u00f3 el BCRA en la \u00faltima jornada de marzo<\/h2>\n<p><a href=\"https:\/\/www.iprofesional.com\/finanzas\/448747-el-bcra-volvio-a-comprar-dolares-y-las-reservas-marcan-record-en-mas-de-seis-anos\" target=\"_blank\" rel=\"noopener noreferrer\">La compra final de u$s140 millones<\/a> se dio en una rueda donde se negociaron <strong>u$s486 millones al contado<\/strong>. Eso implica que el BCRA se qued\u00f3 con el 28,9% del total operado.<\/p>\n<p>Seg\u00fan operadores del mercado, las intervenciones oficiales fueron sostenidas durante toda la jornada. El Central intensific\u00f3 sus compras cuando la mayor oferta de divisas presionaba a la baja la cotizaci\u00f3n del d\u00f3lar mayorista.<\/p>\n<p>&#8220;La divisa arranc\u00f3 la rueda en $1.396, levemente por debajo del cierre anterior&#8221;, explic\u00f3 Nicol\u00e1s Merino, de ABC Mercado de Cambios. &#8220;Desde el comienzo se mostr\u00f3 claramente m\u00e1s ofrecida, a diferencia de la fuerte demanda observada en la jornada previa por parte de empresas&#8221;.<\/p>\n<p>La din\u00e1mica del d\u00eda mostr\u00f3 un mercado con abundante oferta. Si bien encontr\u00f3 cierto equilibrio inicial en la zona de $1.390, la oferta constante y el retiro progresivo de la demanda generaron una presi\u00f3n bajista sostenida.<\/p>\n<p>El tipo de cambio lleg\u00f3 a tocar un m\u00ednimo de $1.379 antes de rebotar levemente. <span>Finalmente cerr\u00f3 en <strong>$1.382, con una ca\u00edda de $16 respecto al cierre previo<\/strong>, lo que implic\u00f3 una baja del 1,07% respecto del cierre de febrero y una ca\u00edda acumulada del 5% en el primer trimestre.<\/span><\/p>\n<h2>Las reservas internacionales cayeron por ajustes de fin de mes<\/h2>\n<p>Las reservas internacionales del BCRA registraron una <a href=\"https:\/\/www.iprofesional.com\/finanzas\/450611-por-que-el-mercado-apuesta-a-un-rapido-incremento-de-las-reservas-de-dolares-del-bcra\" target=\"_blank\" rel=\"noopener noreferrer\"><strong>ca\u00edda de u$s1.290 millones<\/strong><\/a> en la jornada. <strong>Pasaron de u$s43.381 millones a u$s42.091 millones.<\/strong><\/p>\n<p>Esa reducci\u00f3n no se debi\u00f3 a ventas netas de divisas.<strong> El principal factor fue el ajuste de fin de mes en las posiciones de encajes bancarios.<\/strong><\/p>\n<p>Este movimiento contable es habitual en los \u00faltimos d\u00edas de cada mes. No refleja una p\u00e9rdida real de capacidad de intervenci\u00f3n del Central en el mercado cambiario.<\/p>\n","protected":false},"excerpt":{"rendered":"\n<div class=\"media_block\"><img decoding=\"async\" src=\"http:\/\/latecordoba.com\/wp-content\/uploads\/2026\/03\/el-bcra-cerro-marzo-con-fuertes-compras-y-acumulo-casi-us4-400-millones-en-el-primer-trimestre.jpg\"><\/div>\n<p> Pese al fuerte ingreso de divisas en marzo y un saldo trimestral in\u00e9dito en compras, las reservas del Banco Central siguen en rojo <iframe width=\"0\" height=\"0\" border=\"0\"> <script> (function(i,s,o,g,r,a,m){i['GoogleAnalyticsObject']=r;i[r]=i[r]||function(){ (i[r].q=i[r].q||[]).push(arguments)},i[r].l=1*new Date();a=s.createElement(o), m=s.getElementsByTagName(o)[0];a.async=1;a.src=g;m.parentNode.insertBefore(a,m) })(window,document,'script','https:\/\/www.google-analytics.com\/analytics.js','ga'); ga('create', 'GTM-5LW5KQD', 'auto'); ga('require', 'displayfeatures'); ga('set', 'campaignSource', 'RSS Client for iProfesional'); ga('set', 'campaignMedium', 'RSS Client for iProfesional'); ga('set', {\"dataSource\": \"rss.atom.iprofesional.com\"}); ga('set', {\"referrer\": \"rss.atom.iprofesional.com\"}); ga('set', 'title', 'RSS Client for iProfesional'); ga('send', 'pageview'); <\/script> <!-- Begin comScore Tag --> <script> var _comscore = _comscore || []; _comscore.push({ c1: \"2\", c2: \"16597048\" }); (function() { var s = document.createElement(\"script\"), el = document.getElementsByTagName(\"script\")[0]; s.async = true; s.src = \"https:\/\/sb.scorecardresearch.com\/cs\/16597048\/beacon.js\"; el.parentNode.insertBefore(s, el); })(); <\/script> <noscript> <img decoding=\"async\" src=\"http:\/\/latecordoba.com\/wp-content\/uploads\/2026\/03\/el-bcra-cerro-marzo-con-fuertes-compras-y-acumulo-casi-us4-400-millones-en-el-primer-trimestre.gif\"> <\/noscript> <!-- End comScore Tag --> <\/iframe> <iframe border=\"0px\" style=\"display: none\" width=0 height=0 src=\"https:\/\/www.iprofesional.com\/ga4.html?gtag_id=G-N13KWJP8BK&amp;title=El BCRA cerr\u00f3 marzo con fuertes compras y acumul\u00f3 casi u$s4.400 millones en el primer trimestre&amp;location=https:\/\/www.iprofesional.com\/finanzas\/451434-banco-central-cerro-marzo-2025-con-compras-record-y-acumulo-4400-millones-dolares-en-primer-trimestre&amp;referrer=rss.atom.iprofesional.com&amp;ci=RSS Client for iProfesional&amp;cs=RSS Client for iProfesional&amp;cm=RSS&amp;cn=RSS Client for iProfesional&amp;cc=RSS Client for iProfesional\"><\/iframe>  <\/p>\n","protected":false},"author":1,"featured_media":41121,"comment_status":"closed","ping_status":"closed","sticky":false,"template":"","format":"standard","meta":[],"categories":[18],"tags":[],"_links":{"self":[{"href":"https:\/\/latecordoba.com\/index.php\/wp-json\/wp\/v2\/posts\/41120"}],"collection":[{"href":"https:\/\/latecordoba.com\/index.php\/wp-json\/wp\/v2\/posts"}],"about":[{"href":"https:\/\/latecordoba.com\/index.php\/wp-json\/wp\/v2\/types\/post"}],"author":[{"embeddable":true,"href":"https:\/\/latecordoba.com\/index.php\/wp-json\/wp\/v2\/users\/1"}],"replies":[{"embeddable":true,"href":"https:\/\/latecordoba.com\/index.php\/wp-json\/wp\/v2\/comments?post=41120"}],"version-history":[{"count":0,"href":"https:\/\/latecordoba.com\/index.php\/wp-json\/wp\/v2\/posts\/41120\/revisions"}],"wp:featuredmedia":[{"embeddable":true,"href":"https:\/\/latecordoba.com\/index.php\/wp-json\/wp\/v2\/media\/41121"}],"wp:attachment":[{"href":"https:\/\/latecordoba.com\/index.php\/wp-json\/wp\/v2\/media?parent=41120"}],"wp:term":[{"taxonomy":"category","embeddable":true,"href":"https:\/\/latecordoba.com\/index.php\/wp-json\/wp\/v2\/categories?post=41120"},{"taxonomy":"post_tag","embeddable":true,"href":"https:\/\/latecordoba.com\/index.php\/wp-json\/wp\/v2\/tags?post=41120"}],"curies":[{"name":"wp","href":"https:\/\/api.w.org\/{rel}","templated":true}]}}