{"id":41116,"date":"2026-03-30T20:58:29","date_gmt":"2026-03-30T20:58:29","guid":{"rendered":"https:\/\/www.diariocronica.com.ar\/noticias\/2026\/03\/30\/136272-nadia-bravo-coordinadora-de-los-seleccionados-de-chubut"},"modified":"2026-03-30T20:58:29","modified_gmt":"2026-03-30T20:58:29","slug":"nadia-bravo-coordinadora-de-los-seleccionados-de-chubut","status":"publish","type":"post","link":"https:\/\/latecordoba.com\/index.php\/2026\/03\/30\/nadia-bravo-coordinadora-de-los-seleccionados-de-chubut\/","title":{"rendered":"Nadia Bravo, coordinadora de los seleccionados de Chubut"},"content":{"rendered":"\n<div class=\"media_block\"><a href=\"http:\/\/latecordoba.com\/wp-content\/uploads\/2026\/03\/nadia-bravo-coordinadora-de-los-seleccionados-de-chubut.webp\"><img decoding=\"async\" src=\"http:\/\/latecordoba.com\/wp-content\/uploads\/2026\/03\/nadia-bravo-coordinadora-de-los-seleccionados-de-chubut.webp\" class=\"media_thumbnail\"><\/a><\/div>\n<div><img decoding=\"async\" src=\"http:\/\/latecordoba.com\/wp-content\/uploads\/2026\/03\/nadia-bravo-coordinadora-de-los-seleccionados-de-chubut-1.webp\" class=\"ff-og-image-inserted\"><\/div>\n<p>La comodorense Nadia Bravo fue confirmada como nueva coordinadora de los seleccionados chubutenses de judo, en el marco de una reuni\u00f3n realizada en las oficinas de Chubut Deportes.<\/p>\n<div readability=\"64\">\n<p><span>El encuentro cont\u00f3 con la participaci\u00f3n de autoridades del ente deportivo provincial y de los integrantes del cuerpo t\u00e9cnico de la disciplina, que tendr\u00e1 un a\u00f1o cargado de competencias con la disputa de los Juegos Epade y los Juegos de la Araucan\u00eda.<\/span><\/p>\n<p><span>En representaci\u00f3n de Chubut Deportes estuvieron presentes la profesora Alejandra Ibrahim, miembro del directorio; el gerente deportivo Dar\u00edo Figueroa y el subgerente del \u00e1rea de Planeamiento Deportivo, Ruperto Ruiz.<\/span><\/p>\n<p><span>Por parte del judo provincial asistieron los entrenadores Gaspar Vergani, a cargo del equipo masculino, y Florencia Fern\u00e1ndez, responsable del seleccionado femenino, adem\u00e1s del delegado Alejandro Mansilla.<\/span><\/p>\n<p><span>Durante la reuni\u00f3n se formaliz\u00f3 la conformaci\u00f3n del cuerpo t\u00e9cnico, definido por la Asociaci\u00f3n de Judo del Chubut, y se avanz\u00f3 en la planificaci\u00f3n general de trabajo para ambas ramas, que ya ultiman detalles de cara a sus pr\u00f3ximos compromisos.<\/span><\/p>\n<p><span>El calendario tendr\u00e1 como primera gran cita los Juegos Epade, que se desarrollar\u00e1n del 20 al 24 de abril en Santa Rosa, La Pampa. Posteriormente, el equipo tambi\u00e9n apuntar\u00e1 a los Juegos de la Araucan\u00eda 2026, previstos del 25 al 31 de octubre en la Regi\u00f3n de Los R\u00edos.<\/span><\/p>\n<\/p><\/div>\n","protected":false},"excerpt":{"rendered":"\n<div class=\"media_block\"><a href=\"http:\/\/latecordoba.com\/wp-content\/uploads\/2026\/03\/nadia-bravo-coordinadora-de-los-seleccionados-de-chubut.webp\"><img decoding=\"async\" src=\"http:\/\/latecordoba.com\/wp-content\/uploads\/2026\/03\/nadia-bravo-coordinadora-de-los-seleccionados-de-chubut.webp\" class=\"media_thumbnail\"><\/a><\/div>\n<p>La comodorense Nadia Bravo fue confirmada como nueva coordinadora de los seleccionados chubutenses de judo, en el marco de una reuni\u00f3n realizada en las oficinas de Chubut Deportes.  <\/p>\n","protected":false},"author":1,"featured_media":41117,"comment_status":"closed","ping_status":"closed","sticky":false,"template":"","format":"standard","meta":[],"categories":[17],"tags":[],"_links":{"self":[{"href":"https:\/\/latecordoba.com\/index.php\/wp-json\/wp\/v2\/posts\/41116"}],"collection":[{"href":"https:\/\/latecordoba.com\/index.php\/wp-json\/wp\/v2\/posts"}],"about":[{"href":"https:\/\/latecordoba.com\/index.php\/wp-json\/wp\/v2\/types\/post"}],"author":[{"embeddable":true,"href":"https:\/\/latecordoba.com\/index.php\/wp-json\/wp\/v2\/users\/1"}],"replies":[{"embeddable":true,"href":"https:\/\/latecordoba.com\/index.php\/wp-json\/wp\/v2\/comments?post=41116"}],"version-history":[{"count":0,"href":"https:\/\/latecordoba.com\/index.php\/wp-json\/wp\/v2\/posts\/41116\/revisions"}],"wp:featuredmedia":[{"embeddable":true,"href":"https:\/\/latecordoba.com\/index.php\/wp-json\/wp\/v2\/media\/41117"}],"wp:attachment":[{"href":"https:\/\/latecordoba.com\/index.php\/wp-json\/wp\/v2\/media?parent=41116"}],"wp:term":[{"taxonomy":"category","embeddable":true,"href":"https:\/\/latecordoba.com\/index.php\/wp-json\/wp\/v2\/categories?post=41116"},{"taxonomy":"post_tag","embeddable":true,"href":"https:\/\/latecordoba.com\/index.php\/wp-json\/wp\/v2\/tags?post=41116"}],"curies":[{"name":"wp","href":"https:\/\/api.w.org\/{rel}","templated":true}]}}